{"id":18061,"date":"2026-03-04T10:00:22","date_gmt":"2026-03-04T07:00:22","guid":{"rendered":"https:\/\/mld-index.info\/?p=18061"},"modified":"2026-03-04T08:18:20","modified_gmt":"2026-03-04T05:18:20","slug":"ecoul-unui-razboi-indepartat","status":"publish","type":"post","link":"https:\/\/mld-index.info\/ro\/stiri\/ecoul-unui-razboi-indepartat\/","title":{"rendered":"Ecoul unui r\u0103zboi \u00eendep\u0103rtat"},"content":{"rendered":"<p>4 martie 2026<\/p>\n<p>Agen\u021bia Na\u021bional\u0103 pentru Reglementare \u00een Energetic\u0103 (ANRE) a declarat c\u0103 ac\u021biunile militare din Orientul Mijlociu au un impact direct asupra pre\u021burilor interna\u021bionale ale petrolului \u0219i, \u00een consecin\u021b\u0103, asupra costului produselor petroliere din Republica Moldova. Prin urmare, \u00eencep\u00e2nd de ast\u0103zi, pre\u021bul en-gros al benzinei AI-95 a crescut cu \u00eenc\u0103 13 bani, ajung\u00e2nd la 23,97 lei pe litru. Motorina a crescut cu 34 de bani, ajung\u00e2nd la 21,21 lei pe litru.<\/p>\n<p>\u00cen acest sens, asocia\u021bia \u201eFor\u021ba Fermierilor\u201d a subliniat c\u0103 motorina este unul dintre principalele elemente de cost \u00een produc\u021bie. Noua cre\u0219tere a pre\u021bului ar putea agrava situa\u021bia fermierilor, care au suferit deja mult din cauza secetei \u0219i \u00eenghe\u021burilor din ultimii ani.<\/p>\n<p>\u201e\u00cen absen\u021ba unor m\u0103suri prompte \u0219i eficiente, exist\u0103 o amenin\u021bare real\u0103 a reducerii suprafe\u021belor cultivate \u0219i a falimentului unor ferme\u201d, se arat\u0103 \u00eentr-un apel scris al unei organiza\u021bii de fermieri c\u0103tre Cabinetul de Mini\u0219tri al Republicii Moldova.<\/p>\n<p>Asocia\u021bia solicit\u0103 guvernului Republicii Moldova s\u0103 ia m\u0103suri urgente, \u00een special pentru a permite fermierilor s\u0103 achizi\u021bioneze motorin\u0103 la pre\u021buri en-gros. \u00cen plus, For\u021ba Fermierilor a cerut reinstituirea mecanismului de rambursare a accizelor la combustibil. Aceast\u0103 m\u0103sur\u0103 a fost \u00een vigoare \u00een perioada 2022-2023, dar a fost anulat\u0103. Produc\u0103torii agricoli moldoveni sunt convin\u0219i c\u0103, \u00een condi\u021biile actuale, rambursarea accizelor \u201enu mai este o decizie politic\u0103, ci o necesitate economic\u0103\u201d.<\/p>\n<p>\u00cen acela\u0219i timp, cel pu\u021bin 113 cet\u0103\u021beni moldoveni au solicitat evacuarea din \u021b\u0103rile din Orientul Mijlociu, pe fondul deterior\u0103rii securit\u0103\u021bii \u00een regiune. Potrivit Ministerului Afacerilor Externe al Republicii Moldova, 17 moldoveni au solicitat plecarea imediat\u0103 din Israel. Alte 30 de persoane au sunat la ambasada Republicii Moldova din Tel Aviv, \u00eentreb\u00e2nd despre posibilitatea organiz\u0103rii unui zbor de evacuare. \u201eNu au fost primite alte solicit\u0103ri urgente de asisten\u021b\u0103 consular\u0103\u201d, a clarificat Ministerul Afacerilor Externe al Republicii Moldova, ad\u0103ug\u00e2nd c\u0103, din moment ce aeroportul israelian r\u0103m\u00e2ne \u00eenchis, cet\u0103\u021benii moldoveni pot pleca doar pe cale terestr\u0103, prin Egipt sau Iordania.<\/p>\n<p>\u00cen Qatar, cinci moldoveni au solicitat asisten\u021b\u0103 consular\u0103, iar al\u021bi 15 au solicitat informa\u021bii despre situa\u021bia actual\u0103 \u0219i op\u021biunile de evacuare. Ambasada Republicii Moldova \u00een Emiratele Arabe Unite a primit cele mai multe solicit\u0103ri de evacuare (96).<\/p>\n<p>\u201eMinisterul Afacerilor Externe al Republicii Moldova ia m\u0103suri pentru a g\u0103si rute alternative, a facilita tranzitul \u0219i a clarifica mecanismul de rambursare a cheltuielilor de trai pentru cet\u0103\u021benii moldoveni afla\u021bi \u00een situa\u021bii dificile\u201d, a relatat ministerul.<\/p>\n<p>Pe 28 februarie, Israelul a anun\u021bat \u00eenceperea unei opera\u021biuni militare \u00eempotriva Iranului. La scurt timp, pre\u0219edintele SUA, Donald Trump, a anun\u021bat c\u0103 Washingtonul s-a al\u0103turat atacurilor, promi\u021b\u00e2nd s\u0103 distrug\u0103 infrastructura de rachete a \u021b\u0103rii, s\u0103 demonteze programul s\u0103u nuclear \u0219i s\u0103 produc\u0103 o schimbare \u00een guvernul iranian. Iranul a r\u0103spuns atac\u00e2nd Israelul \u0219i bazele militare americane din Orientul Mijlociu. Ca r\u0103spuns, Aeroportul din Dubai, unul dintre cele mai aglomerate din lume, a fost \u00eenchis temporar. Se a\u0219teapt\u0103 ca acesta s\u0103 gestioneze aproximativ 100 de milioane de pasageri \u00een 2025.<\/p>\n<p>De asemenea, am relatat anterior c\u0103, \u00een urma protestelor \u00een mas\u0103 de la Teheran care au \u00eenceput pe 28 decembrie anul trecut, Ministerul Afacerilor Externe al Republicii Moldova a recomandat insistent cet\u0103\u021benilor moldoveni afla\u021bi \u00een&#8230;<\/p>\n","protected":false},"excerpt":{"rendered":"<p>4 martie 2026 Agen\u021bia Na\u021bional\u0103 pentru Reglementare \u00een Energetic\u0103 (ANRE) a declarat c\u0103 ac\u021biunile militare din Orientul Mijlociu au un impact direct asupra pre\u021burilor interna\u021bionale ale petrolului \u0219i, \u00een consecin\u021b\u0103, asupra costului produselor petroliere din Republica Moldova. Prin urmare, \u00eencep\u00e2nd de ast\u0103zi, pre\u021bul en-gros al benzinei AI-95 a crescut cu \u00eenc\u0103 13 bani, ajung\u00e2nd la [&hellip;]<\/p>\n","protected":false},"author":1,"featured_media":18062,"comment_status":"open","ping_status":"open","sticky":false,"template":"","format":"standard","meta":{"footnotes":""},"categories":[125,99],"tags":[],"class_list":{"0":"post-18061","1":"post","2":"type-post","3":"status-publish","4":"format-standard","5":"has-post-thumbnail","7":"category-societate","8":"category-stiri"},"yoast_head":"<!-- This site is optimized with the Yoast SEO plugin v24.3 - https:\/\/yoast.com\/wordpress\/plugins\/seo\/ -->\n<title>Ecoul unui r\u0103zboi \u00eendep\u0103rtat - MLD-Index<\/title>\n<meta name=\"description\" content=\"Asocia\u021bia fermierilor \u201eFor\u021ba Fermierilor\u201d a transmis o scrisoare deschis\u0103 Guvernului Republicii Moldova, solicit\u00e2nd m\u0103suri urgente\" \/>\n<meta name=\"robots\" content=\"index, follow, max-snippet:-1, max-image-preview:large, max-video-preview:-1\" \/>\n<link rel=\"canonical\" href=\"https:\/\/mld-index.info\/?p=18065\" \/>\n<meta property=\"og:locale\" content=\"ro_RO\" \/>\n<meta property=\"og:type\" content=\"article\" \/>\n<meta property=\"og:title\" content=\"Ecoul unui r\u0103zboi \u00eendep\u0103rtat - MLD-Index\" \/>\n<meta property=\"og:description\" content=\"Asocia\u021bia fermierilor \u201eFor\u021ba Fermierilor\u201d a transmis o scrisoare deschis\u0103 Guvernului Republicii Moldova, solicit\u00e2nd m\u0103suri urgente\" \/>\n<meta property=\"og:url\" content=\"https:\/\/mld-index.info\/?p=18065\" \/>\n<meta property=\"og:site_name\" content=\"MLD-Index\" \/>\n<meta property=\"article:published_time\" content=\"2026-03-04T07:00:22+00:00\" \/>\n<meta property=\"article:modified_time\" content=\"2026-03-04T05:18:20+00:00\" \/>\n<meta property=\"og:image\" content=\"https:\/\/mld-index.info\/wp-content\/uploads\/2026\/03\/image-203.png\" \/>\n\t<meta property=\"og:image:width\" content=\"1000\" \/>\n\t<meta property=\"og:image:height\" content=\"562\" \/>\n\t<meta property=\"og:image:type\" content=\"image\/png\" \/>\n<meta name=\"author\" content=\"admin-news\" \/>\n<meta name=\"twitter:card\" content=\"summary_large_image\" \/>\n<meta name=\"twitter:label1\" content=\"Scris de\" \/>\n\t<meta name=\"twitter:data1\" content=\"admin-news\" \/>\n\t<meta name=\"twitter:label2\" content=\"Timp estimat pentru citire\" \/>\n\t<meta name=\"twitter:data2\" content=\"3 minute\" \/>\n<script type=\"application\/ld+json\" class=\"yoast-schema-graph\">{\"@context\":\"https:\/\/schema.org\",\"@graph\":[{\"@type\":\"WebPage\",\"@id\":\"https:\/\/mld-index.info\/?p=18065\",\"url\":\"https:\/\/mld-index.info\/?p=18065\",\"name\":\"Ecoul unui r\u0103zboi \u00eendep\u0103rtat - MLD-Index\",\"isPartOf\":{\"@id\":\"https:\/\/mld-index.info\/#website\"},\"primaryImageOfPage\":{\"@id\":\"https:\/\/mld-index.info\/?p=18065#primaryimage\"},\"image\":{\"@id\":\"https:\/\/mld-index.info\/?p=18065#primaryimage\"},\"thumbnailUrl\":\"https:\/\/mld-index.info\/wp-content\/uploads\/2026\/03\/image-203.png\",\"datePublished\":\"2026-03-04T07:00:22+00:00\",\"dateModified\":\"2026-03-04T05:18:20+00:00\",\"author\":{\"@id\":\"https:\/\/mld-index.info\/#\/schema\/person\/07033762c4b46689adebe724a04d1774\"},\"description\":\"Asocia\u021bia fermierilor \u201eFor\u021ba Fermierilor\u201d a transmis o scrisoare deschis\u0103 Guvernului Republicii Moldova, solicit\u00e2nd m\u0103suri urgente\",\"breadcrumb\":{\"@id\":\"https:\/\/mld-index.info\/?p=18065#breadcrumb\"},\"inLanguage\":\"ro-RO\",\"potentialAction\":[{\"@type\":\"ReadAction\",\"target\":[\"https:\/\/mld-index.info\/?p=18065\"]}]},{\"@type\":\"ImageObject\",\"inLanguage\":\"ro-RO\",\"@id\":\"https:\/\/mld-index.info\/?p=18065#primaryimage\",\"url\":\"https:\/\/mld-index.info\/wp-content\/uploads\/2026\/03\/image-203.png\",\"contentUrl\":\"https:\/\/mld-index.info\/wp-content\/uploads\/2026\/03\/image-203.png\",\"width\":1000,\"height\":562},{\"@type\":\"BreadcrumbList\",\"@id\":\"https:\/\/mld-index.info\/?p=18065#breadcrumb\",\"itemListElement\":[{\"@type\":\"ListItem\",\"position\":1,\"name\":\"\u0413\u043b\u0430\u0432\u043d\u0430\u044f \u0441\u0442\u0440\u0430\u043d\u0438\u0446\u0430\",\"item\":\"https:\/\/mld-index.info\/\"},{\"@type\":\"ListItem\",\"position\":2,\"name\":\"Ecoul unui r\u0103zboi \u00eendep\u0103rtat\"}]},{\"@type\":\"WebSite\",\"@id\":\"https:\/\/mld-index.info\/#website\",\"url\":\"https:\/\/mld-index.info\/\",\"name\":\"MLD-Index\",\"description\":\"\",\"potentialAction\":[{\"@type\":\"SearchAction\",\"target\":{\"@type\":\"EntryPoint\",\"urlTemplate\":\"https:\/\/mld-index.info\/?s={search_term_string}\"},\"query-input\":{\"@type\":\"PropertyValueSpecification\",\"valueRequired\":true,\"valueName\":\"search_term_string\"}}],\"inLanguage\":\"ro-RO\"},{\"@type\":\"Person\",\"@id\":\"https:\/\/mld-index.info\/#\/schema\/person\/07033762c4b46689adebe724a04d1774\",\"name\":\"admin-news\",\"image\":{\"@type\":\"ImageObject\",\"inLanguage\":\"ro-RO\",\"@id\":\"https:\/\/mld-index.info\/#\/schema\/person\/image\/\",\"url\":\"https:\/\/secure.gravatar.com\/avatar\/59414bda600e877e446161b24a9772009cca89e9f211e27c577ad73509a3862f?s=96&d=mm&r=g\",\"contentUrl\":\"https:\/\/secure.gravatar.com\/avatar\/59414bda600e877e446161b24a9772009cca89e9f211e27c577ad73509a3862f?s=96&d=mm&r=g\",\"caption\":\"admin-news\"},\"sameAs\":[\"https:\/\/mld-index.info\"],\"url\":\"https:\/\/mld-index.info\/ro\/author\/admin-news\/\"}]}<\/script>\n<!-- \/ Yoast SEO plugin. -->","yoast_head_json":{"title":"Ecoul unui r\u0103zboi \u00eendep\u0103rtat - MLD-Index","description":"Asocia\u021bia fermierilor \u201eFor\u021ba Fermierilor\u201d a transmis o scrisoare deschis\u0103 Guvernului Republicii Moldova, solicit\u00e2nd m\u0103suri urgente","robots":{"index":"index","follow":"follow","max-snippet":"max-snippet:-1","max-image-preview":"max-image-preview:large","max-video-preview":"max-video-preview:-1"},"canonical":"https:\/\/mld-index.info\/?p=18065","og_locale":"ro_RO","og_type":"article","og_title":"Ecoul unui r\u0103zboi \u00eendep\u0103rtat - MLD-Index","og_description":"Asocia\u021bia fermierilor \u201eFor\u021ba Fermierilor\u201d a transmis o scrisoare deschis\u0103 Guvernului Republicii Moldova, solicit\u00e2nd m\u0103suri urgente","og_url":"https:\/\/mld-index.info\/?p=18065","og_site_name":"MLD-Index","article_published_time":"2026-03-04T07:00:22+00:00","article_modified_time":"2026-03-04T05:18:20+00:00","og_image":[{"width":1000,"height":562,"url":"https:\/\/mld-index.info\/wp-content\/uploads\/2026\/03\/image-203.png","type":"image\/png"}],"author":"admin-news","twitter_card":"summary_large_image","twitter_misc":{"Scris de":"admin-news","Timp estimat pentru citire":"3 minute"},"schema":{"@context":"https:\/\/schema.org","@graph":[{"@type":"WebPage","@id":"https:\/\/mld-index.info\/?p=18065","url":"https:\/\/mld-index.info\/?p=18065","name":"Ecoul unui r\u0103zboi \u00eendep\u0103rtat - MLD-Index","isPartOf":{"@id":"https:\/\/mld-index.info\/#website"},"primaryImageOfPage":{"@id":"https:\/\/mld-index.info\/?p=18065#primaryimage"},"image":{"@id":"https:\/\/mld-index.info\/?p=18065#primaryimage"},"thumbnailUrl":"https:\/\/mld-index.info\/wp-content\/uploads\/2026\/03\/image-203.png","datePublished":"2026-03-04T07:00:22+00:00","dateModified":"2026-03-04T05:18:20+00:00","author":{"@id":"https:\/\/mld-index.info\/#\/schema\/person\/07033762c4b46689adebe724a04d1774"},"description":"Asocia\u021bia fermierilor \u201eFor\u021ba Fermierilor\u201d a transmis o scrisoare deschis\u0103 Guvernului Republicii Moldova, solicit\u00e2nd m\u0103suri urgente","breadcrumb":{"@id":"https:\/\/mld-index.info\/?p=18065#breadcrumb"},"inLanguage":"ro-RO","potentialAction":[{"@type":"ReadAction","target":["https:\/\/mld-index.info\/?p=18065"]}]},{"@type":"ImageObject","inLanguage":"ro-RO","@id":"https:\/\/mld-index.info\/?p=18065#primaryimage","url":"https:\/\/mld-index.info\/wp-content\/uploads\/2026\/03\/image-203.png","contentUrl":"https:\/\/mld-index.info\/wp-content\/uploads\/2026\/03\/image-203.png","width":1000,"height":562},{"@type":"BreadcrumbList","@id":"https:\/\/mld-index.info\/?p=18065#breadcrumb","itemListElement":[{"@type":"ListItem","position":1,"name":"\u0413\u043b\u0430\u0432\u043d\u0430\u044f \u0441\u0442\u0440\u0430\u043d\u0438\u0446\u0430","item":"https:\/\/mld-index.info\/"},{"@type":"ListItem","position":2,"name":"Ecoul unui r\u0103zboi \u00eendep\u0103rtat"}]},{"@type":"WebSite","@id":"https:\/\/mld-index.info\/#website","url":"https:\/\/mld-index.info\/","name":"MLD-Index","description":"","potentialAction":[{"@type":"SearchAction","target":{"@type":"EntryPoint","urlTemplate":"https:\/\/mld-index.info\/?s={search_term_string}"},"query-input":{"@type":"PropertyValueSpecification","valueRequired":true,"valueName":"search_term_string"}}],"inLanguage":"ro-RO"},{"@type":"Person","@id":"https:\/\/mld-index.info\/#\/schema\/person\/07033762c4b46689adebe724a04d1774","name":"admin-news","image":{"@type":"ImageObject","inLanguage":"ro-RO","@id":"https:\/\/mld-index.info\/#\/schema\/person\/image\/","url":"https:\/\/secure.gravatar.com\/avatar\/59414bda600e877e446161b24a9772009cca89e9f211e27c577ad73509a3862f?s=96&d=mm&r=g","contentUrl":"https:\/\/secure.gravatar.com\/avatar\/59414bda600e877e446161b24a9772009cca89e9f211e27c577ad73509a3862f?s=96&d=mm&r=g","caption":"admin-news"},"sameAs":["https:\/\/mld-index.info"],"url":"https:\/\/mld-index.info\/ro\/author\/admin-news\/"}]}},"_links":{"self":[{"href":"https:\/\/mld-index.info\/ro\/wp-json\/wp\/v2\/posts\/18061","targetHints":{"allow":["GET"]}}],"collection":[{"href":"https:\/\/mld-index.info\/ro\/wp-json\/wp\/v2\/posts"}],"about":[{"href":"https:\/\/mld-index.info\/ro\/wp-json\/wp\/v2\/types\/post"}],"author":[{"embeddable":true,"href":"https:\/\/mld-index.info\/ro\/wp-json\/wp\/v2\/users\/1"}],"replies":[{"embeddable":true,"href":"https:\/\/mld-index.info\/ro\/wp-json\/wp\/v2\/comments?post=18061"}],"version-history":[{"count":1,"href":"https:\/\/mld-index.info\/ro\/wp-json\/wp\/v2\/posts\/18061\/revisions"}],"predecessor-version":[{"id":18064,"href":"https:\/\/mld-index.info\/ro\/wp-json\/wp\/v2\/posts\/18061\/revisions\/18064"}],"wp:featuredmedia":[{"embeddable":true,"href":"https:\/\/mld-index.info\/ro\/wp-json\/wp\/v2\/media\/18062"}],"wp:attachment":[{"href":"https:\/\/mld-index.info\/ro\/wp-json\/wp\/v2\/media?parent=18061"}],"wp:term":[{"taxonomy":"category","embeddable":true,"href":"https:\/\/mld-index.info\/ro\/wp-json\/wp\/v2\/categories?post=18061"},{"taxonomy":"post_tag","embeddable":true,"href":"https:\/\/mld-index.info\/ro\/wp-json\/wp\/v2\/tags?post=18061"}],"curies":[{"name":"wp","href":"https:\/\/api.w.org\/{rel}","templated":true}]}}