{"id":18098,"date":"2026-03-06T10:00:58","date_gmt":"2026-03-06T07:00:58","guid":{"rendered":"https:\/\/mld-index.info\/?p=18098"},"modified":"2026-03-06T09:50:31","modified_gmt":"2026-03-06T06:50:31","slug":"doar-nu-intra-in-panica","status":"publish","type":"post","link":"https:\/\/mld-index.info\/ro\/stiri\/doar-nu-intra-in-panica\/","title":{"rendered":"Doar nu intra \u00een panic\u0103!"},"content":{"rendered":"<p>6 martie 2026<\/p>\n<p>Datorit\u0103 declar\u0103rii de c\u0103tre Guvernul Republicii Moldova a unui regim de alert\u0103 maxim\u0103 de 60 de zile \u00een sectorul energetic, Serviciul Vamal va permite exportul \u0219i reexportul produselor petroliere standard esen\u021biale din Portul Interna\u021bional Liber Giurgiule\u0219ti doar dac\u0103 stocurile din depozit dep\u0103\u0219esc 8.000 de tone de benzin\u0103 \u0219i 25.000 de tone de motorin\u0103.<\/p>\n<p>\u201eOperatorul principal al portului va furniza Serviciului Vamal informa\u021bii zilnice privind stocurile de produse petroliere depozitate \u00een port. Totodat\u0103, produsele petroliere standard esen\u021biale plasate sub regimul de punere \u00een liber\u0103 circula\u021bie (import), depozitare temporar\u0103 sau antrepozit vamal nu vor fi plasate ulterior sub regimul de export sau reexport\u201d, a anun\u021bat agen\u021bia.<\/p>\n<p>Mai mult, pentru a asigura continuitatea aprovizion\u0103rii pie\u021bei interne, Serviciul Vamal va aplica v\u0103muirea prioritar\u0103 pentru produsele petroliere importate prin coridoarele desemnate, pentru a eficientiza fluxul de m\u0103rfuri \u0219i a reduce timpii de procesare.<\/p>\n<p>La r\u00e2ndul s\u0103u, directorul ANRE, Alexei Taran, a declarat c\u0103 Moldova are rezerve suficiente de produse petroliere importate zilnic \u00een \u021bar\u0103, iar ANRE monitorizeaz\u0103 constant situa\u021bia pie\u021bei pentru a asigura protec\u021bia consumatorilor.<\/p>\n<p>Potrivit oficialului, criza din Orientul Mijlociu a destabilizat toate lan\u021burile de aprovizionare la nivel global, iar Moldova a fost afectat\u0103 direct de evenimentele interna\u021bionale din cauza dependen\u021bei sale de produsele petroliere importate.<\/p>\n<p>\u201eRepublica Moldova nu produce \u0219i nu extrage petrol, cu rare excep\u021bii. Ceea ce se produce pe plan intern nu este suficient pentru a acoperi integral consumul intern. Prin urmare, suntem expu\u0219i tuturor fluctua\u021biilor de pre\u021buri la nivel interna\u021bional. Tot ceea ce se \u00eent\u00e2mpl\u0103 pe pia\u021ba interna\u021bional\u0103 ne afecteaz\u0103. Cu toate acestea, depozitele de\u021bin motorin\u0103 pentru aproximativ \u0219apte zile, iar portul Giurgiule\u0219ti de\u021bine \u00eenc\u0103 cinci zile, ceea ce aduce rezervele totale ale depozitului la 12-13 zile, \u00een func\u021bie de consum. \u201eTotodat\u0103, a\u0219 dori s\u0103 subliniez c\u0103 toate benzin\u0103riile din \u021bar\u0103 au \u00een stoc motorin\u0103 pentru aproximativ 10 zile. \u201eDrept urmare, avem o rezerv\u0103 de 18-20 de zile, ceea ce este suficient pentru consumul din Republica Moldova\u201d, a subliniat A. Taran, \u00eendemn\u00e2nd cet\u0103\u021benii s\u0103 nu intre \u00een panic\u0103 la cump\u0103rarea de combustibil.<\/p>\n<p>\u00centre timp, pre\u021burile la combustibili \u00een Moldova continu\u0103 s\u0103 creasc\u0103. De exemplu, vineri, 6 martie, ANRE a stabilit pre\u021bul maxim la benzin\u0103 la 24 de lei \u0219i 33 de bani, o cre\u0219tere de 16 bani. Pre\u021bul motorinei a crescut cu 47 de bani, p\u00e2n\u0103 la 22 de lei \u0219i 24 de bani.<\/p>\n<p>Reamintim c\u0103, pe 28 februarie, Israelul a anun\u021bat \u00eenceperea unei opera\u021biuni militare \u00eempotriva Iranului. La scurt timp, pre\u0219edintele SUA, Donald Trump, a anun\u021bat c\u0103 Washingtonul s-a al\u0103turat atacurilor, promi\u021b\u00e2nd s\u0103 distrug\u0103 infrastructura de rachete a \u021b\u0103rii, s\u0103 demonteze programul s\u0103u nuclear \u0219i s\u0103 produc\u0103 o schimbare \u00een guvernul iranian. Ca represalii, Iranul a atacat Israelul \u0219i bazele militare americane din Orientul Mijlociu.<\/p>\n<p>De asemenea, am relatat recent c\u0103 asocia\u021bia fermierilor \u201eFor\u021ba Fermierilor\u201d a trimis o scrisoare deschis\u0103 Guvernului Republicii Moldova, solicit\u00e2nd m\u0103suri urgente \u00een fa\u021ba unei cre\u0219teri preconizate a pre\u021burilor la motorin\u0103 din cauza&#8230; la escaladarea conflictului din Orientul Mijlociu. \u00cen acest sens, asocia\u021bia a subliniat c\u0103 motorina este unul dintre principalele elemente de cost \u00een produc\u021bie. O nou\u0103 cre\u0219tere a pre\u021burilor ar putea agrava \u0219i mai mult situa\u021bia fermierilor, care au suferit deja mult din cauza secetei \u0219i \u00eenghe\u021burilor din ultimii ani. \u201eFor\u021ba Fermierilor\u201d solicit\u0103 autorit\u0103\u021bilor s\u0103 permit\u0103 fermierilor s\u0103 achizi\u021bioneze motorin\u0103 la pre\u021buri en-gros \u0219i s\u0103 reinstituie mecanismul de rambursare a accizelor la combustibil. Aceast\u0103 m\u0103sur\u0103 era deja \u00een vigoare \u00een perioada 2022-2023, dar a fost anulat\u0103. Produc\u0103torii agricoli moldoveni sunt convin\u0219i c\u0103, \u00een condi\u021biile actuale, revenirea accizelor \u201enu mai este o decizie politic\u0103, ci o necesitate economic\u0103\u201d.<\/p>\n","protected":false},"excerpt":{"rendered":"<p>6 martie 2026 Datorit\u0103 declar\u0103rii de c\u0103tre Guvernul Republicii Moldova a unui regim de alert\u0103 maxim\u0103 de 60 de zile \u00een sectorul energetic, Serviciul Vamal va permite exportul \u0219i reexportul produselor petroliere standard esen\u021biale din Portul Interna\u021bional Liber Giurgiule\u0219ti doar dac\u0103 stocurile din depozit dep\u0103\u0219esc 8.000 de tone de benzin\u0103 \u0219i 25.000 de tone de [&hellip;]<\/p>\n","protected":false},"author":1,"featured_media":18099,"comment_status":"open","ping_status":"open","sticky":false,"template":"","format":"standard","meta":{"footnotes":""},"categories":[101,99],"tags":[],"class_list":{"0":"post-18098","1":"post","2":"type-post","3":"status-publish","4":"format-standard","5":"has-post-thumbnail","7":"category-politica","8":"category-stiri"},"yoast_head":"<!-- This site is optimized with the Yoast SEO plugin v24.3 - https:\/\/yoast.com\/wordpress\/plugins\/seo\/ -->\n<title>Doar nu intra \u00een panic\u0103! - MLD-Index<\/title>\n<meta name=\"description\" content=\"Pe fondul escalad\u0103rii conflictului din Orientul Mijlociu, Serviciul Vamal al Republicii Moldova a introdus m\u0103suri temporare privind exportul\" \/>\n<meta name=\"robots\" content=\"index, follow, max-snippet:-1, max-image-preview:large, max-video-preview:-1\" \/>\n<link rel=\"canonical\" href=\"https:\/\/mld-index.info\/?p=18102\" \/>\n<meta property=\"og:locale\" content=\"ro_RO\" \/>\n<meta property=\"og:type\" content=\"article\" \/>\n<meta property=\"og:title\" content=\"Doar nu intra \u00een panic\u0103! - MLD-Index\" \/>\n<meta property=\"og:description\" content=\"Pe fondul escalad\u0103rii conflictului din Orientul Mijlociu, Serviciul Vamal al Republicii Moldova a introdus m\u0103suri temporare privind exportul\" \/>\n<meta property=\"og:url\" content=\"https:\/\/mld-index.info\/?p=18102\" \/>\n<meta property=\"og:site_name\" content=\"MLD-Index\" \/>\n<meta property=\"article:published_time\" content=\"2026-03-06T07:00:58+00:00\" \/>\n<meta property=\"article:modified_time\" content=\"2026-03-06T06:50:31+00:00\" \/>\n<meta property=\"og:image\" content=\"https:\/\/mld-index.info\/wp-content\/uploads\/2026\/03\/mod_img_990a848f8f3e33210195d64d3ffc574d_990a848f8f3e33210195d64d3ffc574d.jpg\" \/>\n\t<meta property=\"og:image:width\" content=\"830\" \/>\n\t<meta property=\"og:image:height\" content=\"475\" \/>\n\t<meta property=\"og:image:type\" content=\"image\/jpeg\" \/>\n<meta name=\"author\" content=\"admin-news\" \/>\n<meta name=\"twitter:card\" content=\"summary_large_image\" \/>\n<meta name=\"twitter:label1\" content=\"Scris de\" \/>\n\t<meta name=\"twitter:data1\" content=\"admin-news\" \/>\n\t<meta name=\"twitter:label2\" content=\"Timp estimat pentru citire\" \/>\n\t<meta name=\"twitter:data2\" content=\"4 minute\" \/>\n<script type=\"application\/ld+json\" class=\"yoast-schema-graph\">{\"@context\":\"https:\/\/schema.org\",\"@graph\":[{\"@type\":\"WebPage\",\"@id\":\"https:\/\/mld-index.info\/?p=18102\",\"url\":\"https:\/\/mld-index.info\/?p=18102\",\"name\":\"Doar nu intra \u00een panic\u0103! - MLD-Index\",\"isPartOf\":{\"@id\":\"https:\/\/mld-index.info\/#website\"},\"primaryImageOfPage\":{\"@id\":\"https:\/\/mld-index.info\/?p=18102#primaryimage\"},\"image\":{\"@id\":\"https:\/\/mld-index.info\/?p=18102#primaryimage\"},\"thumbnailUrl\":\"https:\/\/mld-index.info\/wp-content\/uploads\/2026\/03\/mod_img_990a848f8f3e33210195d64d3ffc574d_990a848f8f3e33210195d64d3ffc574d.jpg\",\"datePublished\":\"2026-03-06T07:00:58+00:00\",\"dateModified\":\"2026-03-06T06:50:31+00:00\",\"author\":{\"@id\":\"https:\/\/mld-index.info\/#\/schema\/person\/07033762c4b46689adebe724a04d1774\"},\"description\":\"Pe fondul escalad\u0103rii conflictului din Orientul Mijlociu, Serviciul Vamal al Republicii Moldova a introdus m\u0103suri temporare privind exportul\",\"breadcrumb\":{\"@id\":\"https:\/\/mld-index.info\/?p=18102#breadcrumb\"},\"inLanguage\":\"ro-RO\",\"potentialAction\":[{\"@type\":\"ReadAction\",\"target\":[\"https:\/\/mld-index.info\/?p=18102\"]}]},{\"@type\":\"ImageObject\",\"inLanguage\":\"ro-RO\",\"@id\":\"https:\/\/mld-index.info\/?p=18102#primaryimage\",\"url\":\"https:\/\/mld-index.info\/wp-content\/uploads\/2026\/03\/mod_img_990a848f8f3e33210195d64d3ffc574d_990a848f8f3e33210195d64d3ffc574d.jpg\",\"contentUrl\":\"https:\/\/mld-index.info\/wp-content\/uploads\/2026\/03\/mod_img_990a848f8f3e33210195d64d3ffc574d_990a848f8f3e33210195d64d3ffc574d.jpg\",\"width\":830,\"height\":475},{\"@type\":\"BreadcrumbList\",\"@id\":\"https:\/\/mld-index.info\/?p=18102#breadcrumb\",\"itemListElement\":[{\"@type\":\"ListItem\",\"position\":1,\"name\":\"\u0413\u043b\u0430\u0432\u043d\u0430\u044f \u0441\u0442\u0440\u0430\u043d\u0438\u0446\u0430\",\"item\":\"https:\/\/mld-index.info\/\"},{\"@type\":\"ListItem\",\"position\":2,\"name\":\"Doar nu intra \u00een panic\u0103!\"}]},{\"@type\":\"WebSite\",\"@id\":\"https:\/\/mld-index.info\/#website\",\"url\":\"https:\/\/mld-index.info\/\",\"name\":\"MLD-Index\",\"description\":\"\",\"potentialAction\":[{\"@type\":\"SearchAction\",\"target\":{\"@type\":\"EntryPoint\",\"urlTemplate\":\"https:\/\/mld-index.info\/?s={search_term_string}\"},\"query-input\":{\"@type\":\"PropertyValueSpecification\",\"valueRequired\":true,\"valueName\":\"search_term_string\"}}],\"inLanguage\":\"ro-RO\"},{\"@type\":\"Person\",\"@id\":\"https:\/\/mld-index.info\/#\/schema\/person\/07033762c4b46689adebe724a04d1774\",\"name\":\"admin-news\",\"image\":{\"@type\":\"ImageObject\",\"inLanguage\":\"ro-RO\",\"@id\":\"https:\/\/mld-index.info\/#\/schema\/person\/image\/\",\"url\":\"https:\/\/secure.gravatar.com\/avatar\/59414bda600e877e446161b24a9772009cca89e9f211e27c577ad73509a3862f?s=96&d=mm&r=g\",\"contentUrl\":\"https:\/\/secure.gravatar.com\/avatar\/59414bda600e877e446161b24a9772009cca89e9f211e27c577ad73509a3862f?s=96&d=mm&r=g\",\"caption\":\"admin-news\"},\"sameAs\":[\"https:\/\/mld-index.info\"],\"url\":\"https:\/\/mld-index.info\/ro\/author\/admin-news\/\"}]}<\/script>\n<!-- \/ Yoast SEO plugin. -->","yoast_head_json":{"title":"Doar nu intra \u00een panic\u0103! - MLD-Index","description":"Pe fondul escalad\u0103rii conflictului din Orientul Mijlociu, Serviciul Vamal al Republicii Moldova a introdus m\u0103suri temporare privind exportul","robots":{"index":"index","follow":"follow","max-snippet":"max-snippet:-1","max-image-preview":"max-image-preview:large","max-video-preview":"max-video-preview:-1"},"canonical":"https:\/\/mld-index.info\/?p=18102","og_locale":"ro_RO","og_type":"article","og_title":"Doar nu intra \u00een panic\u0103! - MLD-Index","og_description":"Pe fondul escalad\u0103rii conflictului din Orientul Mijlociu, Serviciul Vamal al Republicii Moldova a introdus m\u0103suri temporare privind exportul","og_url":"https:\/\/mld-index.info\/?p=18102","og_site_name":"MLD-Index","article_published_time":"2026-03-06T07:00:58+00:00","article_modified_time":"2026-03-06T06:50:31+00:00","og_image":[{"width":830,"height":475,"url":"https:\/\/mld-index.info\/wp-content\/uploads\/2026\/03\/mod_img_990a848f8f3e33210195d64d3ffc574d_990a848f8f3e33210195d64d3ffc574d.jpg","type":"image\/jpeg"}],"author":"admin-news","twitter_card":"summary_large_image","twitter_misc":{"Scris de":"admin-news","Timp estimat pentru citire":"4 minute"},"schema":{"@context":"https:\/\/schema.org","@graph":[{"@type":"WebPage","@id":"https:\/\/mld-index.info\/?p=18102","url":"https:\/\/mld-index.info\/?p=18102","name":"Doar nu intra \u00een panic\u0103! - MLD-Index","isPartOf":{"@id":"https:\/\/mld-index.info\/#website"},"primaryImageOfPage":{"@id":"https:\/\/mld-index.info\/?p=18102#primaryimage"},"image":{"@id":"https:\/\/mld-index.info\/?p=18102#primaryimage"},"thumbnailUrl":"https:\/\/mld-index.info\/wp-content\/uploads\/2026\/03\/mod_img_990a848f8f3e33210195d64d3ffc574d_990a848f8f3e33210195d64d3ffc574d.jpg","datePublished":"2026-03-06T07:00:58+00:00","dateModified":"2026-03-06T06:50:31+00:00","author":{"@id":"https:\/\/mld-index.info\/#\/schema\/person\/07033762c4b46689adebe724a04d1774"},"description":"Pe fondul escalad\u0103rii conflictului din Orientul Mijlociu, Serviciul Vamal al Republicii Moldova a introdus m\u0103suri temporare privind exportul","breadcrumb":{"@id":"https:\/\/mld-index.info\/?p=18102#breadcrumb"},"inLanguage":"ro-RO","potentialAction":[{"@type":"ReadAction","target":["https:\/\/mld-index.info\/?p=18102"]}]},{"@type":"ImageObject","inLanguage":"ro-RO","@id":"https:\/\/mld-index.info\/?p=18102#primaryimage","url":"https:\/\/mld-index.info\/wp-content\/uploads\/2026\/03\/mod_img_990a848f8f3e33210195d64d3ffc574d_990a848f8f3e33210195d64d3ffc574d.jpg","contentUrl":"https:\/\/mld-index.info\/wp-content\/uploads\/2026\/03\/mod_img_990a848f8f3e33210195d64d3ffc574d_990a848f8f3e33210195d64d3ffc574d.jpg","width":830,"height":475},{"@type":"BreadcrumbList","@id":"https:\/\/mld-index.info\/?p=18102#breadcrumb","itemListElement":[{"@type":"ListItem","position":1,"name":"\u0413\u043b\u0430\u0432\u043d\u0430\u044f \u0441\u0442\u0440\u0430\u043d\u0438\u0446\u0430","item":"https:\/\/mld-index.info\/"},{"@type":"ListItem","position":2,"name":"Doar nu intra \u00een panic\u0103!"}]},{"@type":"WebSite","@id":"https:\/\/mld-index.info\/#website","url":"https:\/\/mld-index.info\/","name":"MLD-Index","description":"","potentialAction":[{"@type":"SearchAction","target":{"@type":"EntryPoint","urlTemplate":"https:\/\/mld-index.info\/?s={search_term_string}"},"query-input":{"@type":"PropertyValueSpecification","valueRequired":true,"valueName":"search_term_string"}}],"inLanguage":"ro-RO"},{"@type":"Person","@id":"https:\/\/mld-index.info\/#\/schema\/person\/07033762c4b46689adebe724a04d1774","name":"admin-news","image":{"@type":"ImageObject","inLanguage":"ro-RO","@id":"https:\/\/mld-index.info\/#\/schema\/person\/image\/","url":"https:\/\/secure.gravatar.com\/avatar\/59414bda600e877e446161b24a9772009cca89e9f211e27c577ad73509a3862f?s=96&d=mm&r=g","contentUrl":"https:\/\/secure.gravatar.com\/avatar\/59414bda600e877e446161b24a9772009cca89e9f211e27c577ad73509a3862f?s=96&d=mm&r=g","caption":"admin-news"},"sameAs":["https:\/\/mld-index.info"],"url":"https:\/\/mld-index.info\/ro\/author\/admin-news\/"}]}},"_links":{"self":[{"href":"https:\/\/mld-index.info\/ro\/wp-json\/wp\/v2\/posts\/18098","targetHints":{"allow":["GET"]}}],"collection":[{"href":"https:\/\/mld-index.info\/ro\/wp-json\/wp\/v2\/posts"}],"about":[{"href":"https:\/\/mld-index.info\/ro\/wp-json\/wp\/v2\/types\/post"}],"author":[{"embeddable":true,"href":"https:\/\/mld-index.info\/ro\/wp-json\/wp\/v2\/users\/1"}],"replies":[{"embeddable":true,"href":"https:\/\/mld-index.info\/ro\/wp-json\/wp\/v2\/comments?post=18098"}],"version-history":[{"count":1,"href":"https:\/\/mld-index.info\/ro\/wp-json\/wp\/v2\/posts\/18098\/revisions"}],"predecessor-version":[{"id":18101,"href":"https:\/\/mld-index.info\/ro\/wp-json\/wp\/v2\/posts\/18098\/revisions\/18101"}],"wp:featuredmedia":[{"embeddable":true,"href":"https:\/\/mld-index.info\/ro\/wp-json\/wp\/v2\/media\/18099"}],"wp:attachment":[{"href":"https:\/\/mld-index.info\/ro\/wp-json\/wp\/v2\/media?parent=18098"}],"wp:term":[{"taxonomy":"category","embeddable":true,"href":"https:\/\/mld-index.info\/ro\/wp-json\/wp\/v2\/categories?post=18098"},{"taxonomy":"post_tag","embeddable":true,"href":"https:\/\/mld-index.info\/ro\/wp-json\/wp\/v2\/tags?post=18098"}],"curies":[{"name":"wp","href":"https:\/\/api.w.org\/{rel}","templated":true}]}}