{"id":18104,"date":"2026-03-06T16:00:10","date_gmt":"2026-03-06T13:00:10","guid":{"rendered":"https:\/\/mld-index.info\/?p=18104"},"modified":"2026-03-06T09:56:06","modified_gmt":"2026-03-06T06:56:06","slug":"un-nou-act-de-spectacol-politic-in-cadrul-administratiei-orasului","status":"publish","type":"post","link":"https:\/\/mld-index.info\/ro\/stiri\/un-nou-act-de-spectacol-politic-in-cadrul-administratiei-orasului\/","title":{"rendered":"Un nou act de spectacol politic \u00een cadrul administra\u021biei ora\u0219ului"},"content":{"rendered":"<p>6 martie 2026<\/p>\n<p>Consilierii PAS au convocat o \u0219edin\u021b\u0103 extraordinar\u0103 a Consiliului Municipal, dar nu au reu\u0219it s\u0103 acceseze sala de \u0219edin\u021be unde avea loc prezentarea Planului de Mobilitate Urban\u0103. Consilierii PAS au cerut ca participan\u021bii la evenimentul public s\u0103 se mute \u00eentr-o alt\u0103 \u00eenc\u0103pere.<\/p>\n<p>Ca r\u0103spuns, Victor Pruteanu, consilier al primarului Chi\u0219in\u0103ului, i-a acuzat pe reprezentan\u021bii PAS de manipulare. \u201ePrimarul a programat \u0219edin\u021ba pentru 12 martie. V\u0103 rug\u0103m s\u0103 participa\u021bi la \u0219edin\u021b\u0103 \u00een acea zi\u201d, a spus el.<\/p>\n<p>Dup\u0103 ce au fost refuza\u021bi, consilierii PAS au sunat la poli\u021bie, acuz\u00e2nd administra\u021bia ora\u0219ului de \u201eabuz de putere \u0219i dep\u0103\u0219irea atribu\u021biilor\u201d. \u201eNu am venit s\u0103 facem spectacol. Am respectat toate procedurile legale. Sus\u021binem discutarea Planului de Mobilitate Urban\u0103. Dar evenimentul putea avea loc \u00eentr-o alt\u0103 \u00eenc\u0103pere. Au ocupat \u00een mod deliberat aceast\u0103 \u00eenc\u0103pere.\u201d Dou\u0103zeci \u0219i \u0219ase de consilieri municipali au sus\u021binut \u0219edin\u021ba. \u201eDar suntem \u00eempiedica\u021bi ilegal s\u0103 o organiz\u0103m\u201d, a declarat Zinaida Popa, \u0219efa frac\u021biunii PAS.<\/p>\n<p>La r\u00e2ndul s\u0103u, Prim\u0103ria Chi\u0219in\u0103u i-a acuzat pe consilierii PAS c\u0103 au \u00eencercat inten\u021bionat s\u0103 perturbe prezentarea public\u0103 a Planului de Mobilitate Urban\u0103. \u201e\u0218edin\u021ba, la care au participat exper\u021bi \u0219i p\u0103r\u021bi interesate, a fost programat\u0103 acum dou\u0103 s\u0103pt\u0103m\u00e2ni. Consilierii PAS au dat buzna \u00een sal\u0103 \u0219i au cerut ca to\u021bi cei prezen\u021bi s\u0103 plece pentru c\u0103 doreau s\u0103 organizeze \u0219edin\u021ba Consiliului Municipal. \u201eMai mult, reprezentan\u021bii PAS au chemat poli\u021bia pentru a-i scoate pe participan\u021bi din sal\u0103\u201d, a comentat administra\u021bia ora\u0219ului.<\/p>\n<p>Partidul Mi\u0219carea Alternativ\u0103 Na\u021bional\u0103 (MAN), condus de primarul general al ora\u0219ului Chi\u0219in\u0103u, Ion Ceban, a acuzat, de asemenea, PAS c\u0103 a perturbat inten\u021bionat evenimentul. \u201eAceste ac\u021biuni sunt un spectacol politic menit s\u0103 creeze tensiuni artificiale \u0219i s\u0103 blocheze activitatea administra\u021biei ora\u0219ului\u201d, este convins\u0103 partidul.<\/p>\n<p>\u201ePoli\u021bi\u0219tii au \u00eenregistrat mai multe pl\u00e2ngeri din partea participan\u021bilor la \u00eent\u00e2lnire, care vor fi examinate \u00een continuare \u00een conformitate cu prevederile legisla\u021biei \u00een vigoare\u201d, a declarat Svetlana Skripnik, secretar de pres\u0103 al Inspectoratului General al Poli\u021biei.<\/p>\n<p>Reamintim c\u0103, pe 29 ianuarie 2026, partidul MAN a organizat un flash mob \u00een cl\u0103direa administra\u021biei capitalei. Consilierii MAN au adus la \u0219edin\u021ba Consiliului Municipal fotografii cu colegii lor din partidele PAS \u0219i PSRM. Astfel, colegii de partid ai primarului ora\u0219ului Chi\u0219in\u0103u au creat un fel de \u201ezid al ru\u0219inii\u201d pentru colegii lor din alte fac\u021biuni, care sunt acuza\u021bi c\u0103 chiulesc frecvent de la \u0219edin\u021be \u0219i blocheaz\u0103 votul asupra proiectului de buget municipal.<\/p>\n<p>Am relatat anterior despre o \u00eenc\u0103ierare care a izbucnit pe 18 iunie. 2025, \u00een timpul unei \u0219edin\u021be a Consiliului Municipal Chi\u0219in\u0103u \u00eentre consilierii din cadrul PAS \u0219i MAN. Confruntarea dintre oponen\u021bii politici a fost declan\u0219at\u0103 de o propunere a consilierilor or\u0103\u0219ene\u0219ti PAS de a redistribui 98 de milioane de lei, destina\u021bi cantinelor \u0219colare din Chi\u0219in\u0103u, c\u0103tre Ministerul Educa\u021biei din Republica Moldova. Reprezentan\u021bii partidului de guvern\u0103m\u00e2nt au sus\u021binut c\u0103 guvernul moldovean a fost nevoit s\u0103 fac\u0103 acest pas deoarece bugetul municipal pentru 2025 nu fusese \u00eenc\u0103 adoptat. Discu\u021bia a escaladat \u00een acuza\u021bii reciproce \u0219i declara\u021bii dure din partea consilierilor PAS \u0219i MAN. \u201eJos cu dictatura!\u201d \u201eJos cu MAN!\u201d au scandat reprezentan\u021bii PAS, la care reprezentan\u021bii MAN au r\u0103spuns: \u201eJos cu PAS!\u201d Apoi, problema a escaladat la agresiune, ceea ce a devenit motivul unei pl\u00e2ngeri pe care reprezentan\u021bii PAS au depus-o la Procuratura General\u0103, invoc\u00e2nd articolul 349 din Codul Penal al Republicii Moldova &#8211; \u201eAmenin\u021barea sau violen\u021ba \u00eempotriva unui func\u021bionar sau a unei persoane care \u00eendepline\u0219te o \u00eendatorire public\u0103\u201d.<\/p>\n","protected":false},"excerpt":{"rendered":"<p>6 martie 2026 Consilierii PAS au convocat o \u0219edin\u021b\u0103 extraordinar\u0103 a Consiliului Municipal, dar nu au reu\u0219it s\u0103 acceseze sala de \u0219edin\u021be unde avea loc prezentarea Planului de Mobilitate Urban\u0103. Consilierii PAS au cerut ca participan\u021bii la evenimentul public s\u0103 se mute \u00eentr-o alt\u0103 \u00eenc\u0103pere. Ca r\u0103spuns, Victor Pruteanu, consilier al primarului Chi\u0219in\u0103ului, i-a acuzat [&hellip;]<\/p>\n","protected":false},"author":1,"featured_media":18100,"comment_status":"open","ping_status":"open","sticky":false,"template":"","format":"standard","meta":{"footnotes":""},"categories":[101,99],"tags":[],"class_list":{"0":"post-18104","1":"post","2":"type-post","3":"status-publish","4":"format-standard","5":"has-post-thumbnail","7":"category-politica","8":"category-stiri"},"yoast_head":"<!-- This site is optimized with the Yoast SEO plugin v24.3 - https:\/\/yoast.com\/wordpress\/plugins\/seo\/ -->\n<title>Un nou act de spectacol politic \u00een cadrul administra\u021biei ora\u0219ului - MLD-Index<\/title>\n<meta name=\"description\" content=\"O alt\u0103 confruntare \u00eentre consilierii municipali din partidul de guvern\u0103m\u00e2nt PAS \u0219i angaja\u021bii administra\u021biei ora\u0219ului a avut loc la Prim\u0103ria\" \/>\n<meta name=\"robots\" content=\"index, follow, max-snippet:-1, max-image-preview:large, max-video-preview:-1\" \/>\n<link rel=\"canonical\" href=\"https:\/\/mld-index.info\/?p=18106\" \/>\n<meta property=\"og:locale\" content=\"ro_RO\" \/>\n<meta property=\"og:type\" content=\"article\" \/>\n<meta property=\"og:title\" content=\"Un nou act de spectacol politic \u00een cadrul administra\u021biei ora\u0219ului - MLD-Index\" \/>\n<meta property=\"og:description\" content=\"O alt\u0103 confruntare \u00eentre consilierii municipali din partidul de guvern\u0103m\u00e2nt PAS \u0219i angaja\u021bii administra\u021biei ora\u0219ului a avut loc la Prim\u0103ria\" \/>\n<meta property=\"og:url\" content=\"https:\/\/mld-index.info\/?p=18106\" \/>\n<meta property=\"og:site_name\" content=\"MLD-Index\" \/>\n<meta property=\"article:published_time\" content=\"2026-03-06T13:00:10+00:00\" \/>\n<meta property=\"article:modified_time\" content=\"2026-03-06T06:56:06+00:00\" \/>\n<meta property=\"og:image\" content=\"https:\/\/mld-index.info\/wp-content\/uploads\/2026\/03\/captura-de-ecran-din-2026-03-05-la-14.50.40.jpg\" \/>\n\t<meta property=\"og:image:width\" content=\"1348\" \/>\n\t<meta property=\"og:image:height\" content=\"1188\" \/>\n\t<meta property=\"og:image:type\" content=\"image\/jpeg\" \/>\n<meta name=\"author\" content=\"admin-news\" \/>\n<meta name=\"twitter:card\" content=\"summary_large_image\" \/>\n<meta name=\"twitter:label1\" content=\"Scris de\" \/>\n\t<meta name=\"twitter:data1\" content=\"admin-news\" \/>\n\t<meta name=\"twitter:label2\" content=\"Timp estimat pentru citire\" \/>\n\t<meta name=\"twitter:data2\" content=\"4 minute\" \/>\n<script type=\"application\/ld+json\" class=\"yoast-schema-graph\">{\"@context\":\"https:\/\/schema.org\",\"@graph\":[{\"@type\":\"WebPage\",\"@id\":\"https:\/\/mld-index.info\/?p=18106\",\"url\":\"https:\/\/mld-index.info\/?p=18106\",\"name\":\"Un nou act de spectacol politic \u00een cadrul administra\u021biei ora\u0219ului - MLD-Index\",\"isPartOf\":{\"@id\":\"https:\/\/mld-index.info\/#website\"},\"primaryImageOfPage\":{\"@id\":\"https:\/\/mld-index.info\/?p=18106#primaryimage\"},\"image\":{\"@id\":\"https:\/\/mld-index.info\/?p=18106#primaryimage\"},\"thumbnailUrl\":\"https:\/\/mld-index.info\/wp-content\/uploads\/2026\/03\/captura-de-ecran-din-2026-03-05-la-14.50.40.jpg\",\"datePublished\":\"2026-03-06T13:00:10+00:00\",\"dateModified\":\"2026-03-06T06:56:06+00:00\",\"author\":{\"@id\":\"https:\/\/mld-index.info\/#\/schema\/person\/07033762c4b46689adebe724a04d1774\"},\"description\":\"O alt\u0103 confruntare \u00eentre consilierii municipali din partidul de guvern\u0103m\u00e2nt PAS \u0219i angaja\u021bii administra\u021biei ora\u0219ului a avut loc la Prim\u0103ria\",\"breadcrumb\":{\"@id\":\"https:\/\/mld-index.info\/?p=18106#breadcrumb\"},\"inLanguage\":\"ro-RO\",\"potentialAction\":[{\"@type\":\"ReadAction\",\"target\":[\"https:\/\/mld-index.info\/?p=18106\"]}]},{\"@type\":\"ImageObject\",\"inLanguage\":\"ro-RO\",\"@id\":\"https:\/\/mld-index.info\/?p=18106#primaryimage\",\"url\":\"https:\/\/mld-index.info\/wp-content\/uploads\/2026\/03\/captura-de-ecran-din-2026-03-05-la-14.50.40.jpg\",\"contentUrl\":\"https:\/\/mld-index.info\/wp-content\/uploads\/2026\/03\/captura-de-ecran-din-2026-03-05-la-14.50.40.jpg\",\"width\":1348,\"height\":1188},{\"@type\":\"BreadcrumbList\",\"@id\":\"https:\/\/mld-index.info\/?p=18106#breadcrumb\",\"itemListElement\":[{\"@type\":\"ListItem\",\"position\":1,\"name\":\"\u0413\u043b\u0430\u0432\u043d\u0430\u044f \u0441\u0442\u0440\u0430\u043d\u0438\u0446\u0430\",\"item\":\"https:\/\/mld-index.info\/\"},{\"@type\":\"ListItem\",\"position\":2,\"name\":\"Un nou act de spectacol politic \u00een cadrul administra\u021biei ora\u0219ului\"}]},{\"@type\":\"WebSite\",\"@id\":\"https:\/\/mld-index.info\/#website\",\"url\":\"https:\/\/mld-index.info\/\",\"name\":\"MLD-Index\",\"description\":\"\",\"potentialAction\":[{\"@type\":\"SearchAction\",\"target\":{\"@type\":\"EntryPoint\",\"urlTemplate\":\"https:\/\/mld-index.info\/?s={search_term_string}\"},\"query-input\":{\"@type\":\"PropertyValueSpecification\",\"valueRequired\":true,\"valueName\":\"search_term_string\"}}],\"inLanguage\":\"ro-RO\"},{\"@type\":\"Person\",\"@id\":\"https:\/\/mld-index.info\/#\/schema\/person\/07033762c4b46689adebe724a04d1774\",\"name\":\"admin-news\",\"image\":{\"@type\":\"ImageObject\",\"inLanguage\":\"ro-RO\",\"@id\":\"https:\/\/mld-index.info\/#\/schema\/person\/image\/\",\"url\":\"https:\/\/secure.gravatar.com\/avatar\/59414bda600e877e446161b24a9772009cca89e9f211e27c577ad73509a3862f?s=96&d=mm&r=g\",\"contentUrl\":\"https:\/\/secure.gravatar.com\/avatar\/59414bda600e877e446161b24a9772009cca89e9f211e27c577ad73509a3862f?s=96&d=mm&r=g\",\"caption\":\"admin-news\"},\"sameAs\":[\"https:\/\/mld-index.info\"],\"url\":\"https:\/\/mld-index.info\/ro\/author\/admin-news\/\"}]}<\/script>\n<!-- \/ Yoast SEO plugin. -->","yoast_head_json":{"title":"Un nou act de spectacol politic \u00een cadrul administra\u021biei ora\u0219ului - MLD-Index","description":"O alt\u0103 confruntare \u00eentre consilierii municipali din partidul de guvern\u0103m\u00e2nt PAS \u0219i angaja\u021bii administra\u021biei ora\u0219ului a avut loc la Prim\u0103ria","robots":{"index":"index","follow":"follow","max-snippet":"max-snippet:-1","max-image-preview":"max-image-preview:large","max-video-preview":"max-video-preview:-1"},"canonical":"https:\/\/mld-index.info\/?p=18106","og_locale":"ro_RO","og_type":"article","og_title":"Un nou act de spectacol politic \u00een cadrul administra\u021biei ora\u0219ului - MLD-Index","og_description":"O alt\u0103 confruntare \u00eentre consilierii municipali din partidul de guvern\u0103m\u00e2nt PAS \u0219i angaja\u021bii administra\u021biei ora\u0219ului a avut loc la Prim\u0103ria","og_url":"https:\/\/mld-index.info\/?p=18106","og_site_name":"MLD-Index","article_published_time":"2026-03-06T13:00:10+00:00","article_modified_time":"2026-03-06T06:56:06+00:00","og_image":[{"width":1348,"height":1188,"url":"https:\/\/mld-index.info\/wp-content\/uploads\/2026\/03\/captura-de-ecran-din-2026-03-05-la-14.50.40.jpg","type":"image\/jpeg"}],"author":"admin-news","twitter_card":"summary_large_image","twitter_misc":{"Scris de":"admin-news","Timp estimat pentru citire":"4 minute"},"schema":{"@context":"https:\/\/schema.org","@graph":[{"@type":"WebPage","@id":"https:\/\/mld-index.info\/?p=18106","url":"https:\/\/mld-index.info\/?p=18106","name":"Un nou act de spectacol politic \u00een cadrul administra\u021biei ora\u0219ului - MLD-Index","isPartOf":{"@id":"https:\/\/mld-index.info\/#website"},"primaryImageOfPage":{"@id":"https:\/\/mld-index.info\/?p=18106#primaryimage"},"image":{"@id":"https:\/\/mld-index.info\/?p=18106#primaryimage"},"thumbnailUrl":"https:\/\/mld-index.info\/wp-content\/uploads\/2026\/03\/captura-de-ecran-din-2026-03-05-la-14.50.40.jpg","datePublished":"2026-03-06T13:00:10+00:00","dateModified":"2026-03-06T06:56:06+00:00","author":{"@id":"https:\/\/mld-index.info\/#\/schema\/person\/07033762c4b46689adebe724a04d1774"},"description":"O alt\u0103 confruntare \u00eentre consilierii municipali din partidul de guvern\u0103m\u00e2nt PAS \u0219i angaja\u021bii administra\u021biei ora\u0219ului a avut loc la Prim\u0103ria","breadcrumb":{"@id":"https:\/\/mld-index.info\/?p=18106#breadcrumb"},"inLanguage":"ro-RO","potentialAction":[{"@type":"ReadAction","target":["https:\/\/mld-index.info\/?p=18106"]}]},{"@type":"ImageObject","inLanguage":"ro-RO","@id":"https:\/\/mld-index.info\/?p=18106#primaryimage","url":"https:\/\/mld-index.info\/wp-content\/uploads\/2026\/03\/captura-de-ecran-din-2026-03-05-la-14.50.40.jpg","contentUrl":"https:\/\/mld-index.info\/wp-content\/uploads\/2026\/03\/captura-de-ecran-din-2026-03-05-la-14.50.40.jpg","width":1348,"height":1188},{"@type":"BreadcrumbList","@id":"https:\/\/mld-index.info\/?p=18106#breadcrumb","itemListElement":[{"@type":"ListItem","position":1,"name":"\u0413\u043b\u0430\u0432\u043d\u0430\u044f \u0441\u0442\u0440\u0430\u043d\u0438\u0446\u0430","item":"https:\/\/mld-index.info\/"},{"@type":"ListItem","position":2,"name":"Un nou act de spectacol politic \u00een cadrul administra\u021biei ora\u0219ului"}]},{"@type":"WebSite","@id":"https:\/\/mld-index.info\/#website","url":"https:\/\/mld-index.info\/","name":"MLD-Index","description":"","potentialAction":[{"@type":"SearchAction","target":{"@type":"EntryPoint","urlTemplate":"https:\/\/mld-index.info\/?s={search_term_string}"},"query-input":{"@type":"PropertyValueSpecification","valueRequired":true,"valueName":"search_term_string"}}],"inLanguage":"ro-RO"},{"@type":"Person","@id":"https:\/\/mld-index.info\/#\/schema\/person\/07033762c4b46689adebe724a04d1774","name":"admin-news","image":{"@type":"ImageObject","inLanguage":"ro-RO","@id":"https:\/\/mld-index.info\/#\/schema\/person\/image\/","url":"https:\/\/secure.gravatar.com\/avatar\/59414bda600e877e446161b24a9772009cca89e9f211e27c577ad73509a3862f?s=96&d=mm&r=g","contentUrl":"https:\/\/secure.gravatar.com\/avatar\/59414bda600e877e446161b24a9772009cca89e9f211e27c577ad73509a3862f?s=96&d=mm&r=g","caption":"admin-news"},"sameAs":["https:\/\/mld-index.info"],"url":"https:\/\/mld-index.info\/ro\/author\/admin-news\/"}]}},"_links":{"self":[{"href":"https:\/\/mld-index.info\/ro\/wp-json\/wp\/v2\/posts\/18104","targetHints":{"allow":["GET"]}}],"collection":[{"href":"https:\/\/mld-index.info\/ro\/wp-json\/wp\/v2\/posts"}],"about":[{"href":"https:\/\/mld-index.info\/ro\/wp-json\/wp\/v2\/types\/post"}],"author":[{"embeddable":true,"href":"https:\/\/mld-index.info\/ro\/wp-json\/wp\/v2\/users\/1"}],"replies":[{"embeddable":true,"href":"https:\/\/mld-index.info\/ro\/wp-json\/wp\/v2\/comments?post=18104"}],"version-history":[{"count":1,"href":"https:\/\/mld-index.info\/ro\/wp-json\/wp\/v2\/posts\/18104\/revisions"}],"predecessor-version":[{"id":18105,"href":"https:\/\/mld-index.info\/ro\/wp-json\/wp\/v2\/posts\/18104\/revisions\/18105"}],"wp:featuredmedia":[{"embeddable":true,"href":"https:\/\/mld-index.info\/ro\/wp-json\/wp\/v2\/media\/18100"}],"wp:attachment":[{"href":"https:\/\/mld-index.info\/ro\/wp-json\/wp\/v2\/media?parent=18104"}],"wp:term":[{"taxonomy":"category","embeddable":true,"href":"https:\/\/mld-index.info\/ro\/wp-json\/wp\/v2\/categories?post=18104"},{"taxonomy":"post_tag","embeddable":true,"href":"https:\/\/mld-index.info\/ro\/wp-json\/wp\/v2\/tags?post=18104"}],"curies":[{"name":"wp","href":"https:\/\/api.w.org\/{rel}","templated":true}]}}