{"id":18114,"date":"2026-03-09T16:00:42","date_gmt":"2026-03-09T13:00:42","guid":{"rendered":"https:\/\/mld-index.info\/?p=18114"},"modified":"2026-03-09T20:09:09","modified_gmt":"2026-03-09T17:09:09","slug":"sarbatoarea-moldoveneasca-in-fostele-republici-sovietice","status":"publish","type":"post","link":"https:\/\/mld-index.info\/ro\/stiri\/sarbatoarea-moldoveneasca-in-fostele-republici-sovietice\/","title":{"rendered":"S\u0103rb\u0103toarea moldoveneasc\u0103 \u00een fostele republici sovietice"},"content":{"rendered":"<p>9 martie 2026<\/p>\n<p>Primul festival \u201eM\u0103r\u021bi\u0219or\u201d din Vilnius a avut loc \u00een 1989, \u00een urma \u00eenfiin\u021b\u0103rii Asocia\u021biei pentru Limba \u0219i Cultura Rom\u00e2n\u0103 \u201eDacia\u201d \u00een capitala Lituaniei. Anul acesta, \u00een cadrul s\u0103rb\u0103torii, a fost anun\u021bat\u0103 decizia Comisiei Centrului Cultural Na\u021bional al Lituaniei de a \u00eenscrie \u201eM\u0103r\u021bi\u0219or\u201d pe Lista Patrimoniului Cultural Imaterial al Lituaniei.<\/p>\n<p>\u201eDe 37 de ani, Asocia\u021bia \u00abDacia\u00bb sus\u021bine aceast\u0103 minunat\u0103 tradi\u021bie din Lituania \u2013 \u00abM\u0103r\u021bi\u0219or\u00bb \u2013 o mo\u0219tenire care ne-a unit \u0219i ne-a \u00eent\u0103rit identitatea. \u00cen tot acest timp, am fost sprijini\u021bi de Departamentul Lituanian pentru Comunit\u0103\u021bi Na\u021bionale. Nu a fost u\u0219or s\u0103 traducem \u0219i s\u0103 explic\u0103m defini\u021bii culturale complexe din limba rom\u00e2n\u0103 \u00een lituanian\u0103\u201d, a declarat Lucia Andrievschi Bartkiene, pre\u0219edinta Asocia\u021biei \u201eDacia\u201d.<\/p>\n<p>Certificatul oficial de \u00eenscriere a s\u0103rb\u0103torii tradi\u021bionale M\u0103r\u021bi\u0219or pe Lista Patrimoniului Cultural Imaterial al Lituaniei va fi \u00eenm\u00e2nat pe 19 mai la Vilnius.<\/p>\n<p>\u00cen timpul vizitei sale oficiale la Baku, ministrul moldovean de externe, Mihai Pop\u0219oi, a participat la un eveniment cultural dedicat s\u0103rb\u0103torii M\u0103r\u021bi\u0219or, unde s-a \u00eent\u00e2lnit cu reprezentan\u021bi ai diasporei moldovene\u0219ti din Azerbaidjan.<\/p>\n<p>Programul festiv a inclus lecturi de poezie \u0219i c\u00e2ntece tradi\u021bionale, precum \u0219i un atelier pentru copii despre confec\u021bionarea simbolului s\u0103rb\u0103torii.<\/p>\n<p>\u201eAstfel de ini\u021biative culturale contribuie la promovarea tradi\u021biilor, la conservarea identit\u0103\u021bii culturale \u0219i la consolidarea leg\u0103turilor dintre diaspora \u0219i Republica Moldova\u201d, a declarat ministrul moldovean de externe, invitat la Baku de omologul s\u0103u azer, Jeyhun Bayramov.<\/p>\n<p>Reamintim c\u0103, \u00een 2017, festivalul \u201eM\u0103r\u021bi\u0219or\u201d \u0219i decora\u021biunea sa simbolic\u0103 au fost \u00eenscrise pe Lista Reprezentativ\u0103 UNESCO a Patrimoniului Cultural Imaterial al Umanit\u0103\u021bii ca obiecte ale identit\u0103\u021bii culturale a Moldovei, Rom\u00e2niei, Bulgariei \u0219i Macedoniei de Nord.<\/p>\n<p>De asemenea, am relatat anterior c\u0103, la cea de-a 20-a sesiune a Comitetului Interguvernamental pentru Salvgardarea Patrimoniului Cultural Imaterial, care a avut loc la New Delhi \u00een decembrie anul trecut, kobza, muzica sa \u0219i cuno\u0219tin\u021bele \u0219i abilit\u0103\u021bile tradi\u021bionale asociate cu acest instrument muzical au fost \u00eenscrise pe Lista Reprezentativ\u0103 a Patrimoniului Cultural Imaterial al Umanit\u0103\u021bii UNESCO. Propunerea a fost f\u0103cut\u0103 \u00een comun de Republica Moldova \u0219i Rom\u00e2nia.<\/p>\n","protected":false},"excerpt":{"rendered":"<p>9 martie 2026 Primul festival \u201eM\u0103r\u021bi\u0219or\u201d din Vilnius a avut loc \u00een 1989, \u00een urma \u00eenfiin\u021b\u0103rii Asocia\u021biei pentru Limba \u0219i Cultura Rom\u00e2n\u0103 \u201eDacia\u201d \u00een capitala Lituaniei. Anul acesta, \u00een cadrul s\u0103rb\u0103torii, a fost anun\u021bat\u0103 decizia Comisiei Centrului Cultural Na\u021bional al Lituaniei de a \u00eenscrie \u201eM\u0103r\u021bi\u0219or\u201d pe Lista Patrimoniului Cultural Imaterial al Lituaniei. \u201eDe 37 de [&hellip;]<\/p>\n","protected":false},"author":1,"featured_media":18110,"comment_status":"open","ping_status":"open","sticky":false,"template":"","format":"standard","meta":{"footnotes":""},"categories":[125,99],"tags":[],"class_list":{"0":"post-18114","1":"post","2":"type-post","3":"status-publish","4":"format-standard","5":"has-post-thumbnail","7":"category-societate","8":"category-stiri"},"yoast_head":"<!-- This site is optimized with the Yoast SEO plugin v24.3 - https:\/\/yoast.com\/wordpress\/plugins\/seo\/ -->\n<title>S\u0103rb\u0103toarea moldoveneasc\u0103 \u00een fostele republici sovietice - MLD-Index<\/title>\n<meta name=\"description\" content=\"Festivalul tradi\u021bional de prim\u0103var\u0103 \u201eM\u0103r\u021bi\u0219or\u201d a fost \u00eenscris pe Lista Patrimoniului Cultural Imaterial al Lituaniei. \u00cen cadrul\" \/>\n<meta name=\"robots\" content=\"index, follow, max-snippet:-1, max-image-preview:large, max-video-preview:-1\" \/>\n<link rel=\"canonical\" href=\"https:\/\/mld-index.info\/ro\/stiri\/sarbatoarea-moldoveneasca-in-fostele-republici-sovietice\/\" \/>\n<meta property=\"og:locale\" content=\"ro_RO\" \/>\n<meta property=\"og:type\" content=\"article\" \/>\n<meta property=\"og:title\" content=\"S\u0103rb\u0103toarea moldoveneasc\u0103 \u00een fostele republici sovietice - MLD-Index\" \/>\n<meta property=\"og:description\" content=\"Festivalul tradi\u021bional de prim\u0103var\u0103 \u201eM\u0103r\u021bi\u0219or\u201d a fost \u00eenscris pe Lista Patrimoniului Cultural Imaterial al Lituaniei. \u00cen cadrul\" \/>\n<meta property=\"og:url\" content=\"https:\/\/mld-index.info\/ro\/stiri\/sarbatoarea-moldoveneasca-in-fostele-republici-sovietice\/\" \/>\n<meta property=\"og:site_name\" content=\"MLD-Index\" \/>\n<meta property=\"article:published_time\" content=\"2026-03-09T13:00:42+00:00\" \/>\n<meta property=\"article:modified_time\" content=\"2026-03-09T17:09:09+00:00\" \/>\n<meta property=\"og:image\" content=\"https:\/\/mld-index.info\/wp-content\/uploads\/2026\/03\/990a848f8f3e33210195d64d3ffc574d_vilnius_2026_martisorul_vakaris.jpg\" \/>\n\t<meta property=\"og:image:width\" content=\"1920\" \/>\n\t<meta property=\"og:image:height\" content=\"1993\" \/>\n\t<meta property=\"og:image:type\" content=\"image\/jpeg\" \/>\n<meta name=\"author\" content=\"admin-news\" \/>\n<meta name=\"twitter:card\" content=\"summary_large_image\" \/>\n<meta name=\"twitter:label1\" content=\"Scris de\" \/>\n\t<meta name=\"twitter:data1\" content=\"admin-news\" \/>\n\t<meta name=\"twitter:label2\" content=\"Timp estimat pentru citire\" \/>\n\t<meta name=\"twitter:data2\" content=\"2 minute\" \/>\n<script type=\"application\/ld+json\" class=\"yoast-schema-graph\">{\"@context\":\"https:\/\/schema.org\",\"@graph\":[{\"@type\":\"WebPage\",\"@id\":\"https:\/\/mld-index.info\/ro\/stiri\/sarbatoarea-moldoveneasca-in-fostele-republici-sovietice\/\",\"url\":\"https:\/\/mld-index.info\/ro\/stiri\/sarbatoarea-moldoveneasca-in-fostele-republici-sovietice\/\",\"name\":\"S\u0103rb\u0103toarea moldoveneasc\u0103 \u00een fostele republici sovietice - MLD-Index\",\"isPartOf\":{\"@id\":\"https:\/\/mld-index.info\/#website\"},\"primaryImageOfPage\":{\"@id\":\"https:\/\/mld-index.info\/ro\/stiri\/sarbatoarea-moldoveneasca-in-fostele-republici-sovietice\/#primaryimage\"},\"image\":{\"@id\":\"https:\/\/mld-index.info\/ro\/stiri\/sarbatoarea-moldoveneasca-in-fostele-republici-sovietice\/#primaryimage\"},\"thumbnailUrl\":\"https:\/\/mld-index.info\/wp-content\/uploads\/2026\/03\/990a848f8f3e33210195d64d3ffc574d_vilnius_2026_martisorul_vakaris.jpg\",\"datePublished\":\"2026-03-09T13:00:42+00:00\",\"dateModified\":\"2026-03-09T17:09:09+00:00\",\"author\":{\"@id\":\"https:\/\/mld-index.info\/#\/schema\/person\/07033762c4b46689adebe724a04d1774\"},\"description\":\"Festivalul tradi\u021bional de prim\u0103var\u0103 \u201eM\u0103r\u021bi\u0219or\u201d a fost \u00eenscris pe Lista Patrimoniului Cultural Imaterial al Lituaniei. \u00cen cadrul\",\"breadcrumb\":{\"@id\":\"https:\/\/mld-index.info\/ro\/stiri\/sarbatoarea-moldoveneasca-in-fostele-republici-sovietice\/#breadcrumb\"},\"inLanguage\":\"ro-RO\",\"potentialAction\":[{\"@type\":\"ReadAction\",\"target\":[\"https:\/\/mld-index.info\/ro\/stiri\/sarbatoarea-moldoveneasca-in-fostele-republici-sovietice\/\"]}]},{\"@type\":\"ImageObject\",\"inLanguage\":\"ro-RO\",\"@id\":\"https:\/\/mld-index.info\/ro\/stiri\/sarbatoarea-moldoveneasca-in-fostele-republici-sovietice\/#primaryimage\",\"url\":\"https:\/\/mld-index.info\/wp-content\/uploads\/2026\/03\/990a848f8f3e33210195d64d3ffc574d_vilnius_2026_martisorul_vakaris.jpg\",\"contentUrl\":\"https:\/\/mld-index.info\/wp-content\/uploads\/2026\/03\/990a848f8f3e33210195d64d3ffc574d_vilnius_2026_martisorul_vakaris.jpg\",\"width\":1920,\"height\":1993},{\"@type\":\"BreadcrumbList\",\"@id\":\"https:\/\/mld-index.info\/ro\/stiri\/sarbatoarea-moldoveneasca-in-fostele-republici-sovietice\/#breadcrumb\",\"itemListElement\":[{\"@type\":\"ListItem\",\"position\":1,\"name\":\"\u0413\u043b\u0430\u0432\u043d\u0430\u044f \u0441\u0442\u0440\u0430\u043d\u0438\u0446\u0430\",\"item\":\"https:\/\/mld-index.info\/\"},{\"@type\":\"ListItem\",\"position\":2,\"name\":\"S\u0103rb\u0103toarea moldoveneasc\u0103 \u00een fostele republici sovietice\"}]},{\"@type\":\"WebSite\",\"@id\":\"https:\/\/mld-index.info\/#website\",\"url\":\"https:\/\/mld-index.info\/\",\"name\":\"MLD-Index\",\"description\":\"\",\"potentialAction\":[{\"@type\":\"SearchAction\",\"target\":{\"@type\":\"EntryPoint\",\"urlTemplate\":\"https:\/\/mld-index.info\/?s={search_term_string}\"},\"query-input\":{\"@type\":\"PropertyValueSpecification\",\"valueRequired\":true,\"valueName\":\"search_term_string\"}}],\"inLanguage\":\"ro-RO\"},{\"@type\":\"Person\",\"@id\":\"https:\/\/mld-index.info\/#\/schema\/person\/07033762c4b46689adebe724a04d1774\",\"name\":\"admin-news\",\"image\":{\"@type\":\"ImageObject\",\"inLanguage\":\"ro-RO\",\"@id\":\"https:\/\/mld-index.info\/#\/schema\/person\/image\/\",\"url\":\"https:\/\/secure.gravatar.com\/avatar\/59414bda600e877e446161b24a9772009cca89e9f211e27c577ad73509a3862f?s=96&d=mm&r=g\",\"contentUrl\":\"https:\/\/secure.gravatar.com\/avatar\/59414bda600e877e446161b24a9772009cca89e9f211e27c577ad73509a3862f?s=96&d=mm&r=g\",\"caption\":\"admin-news\"},\"sameAs\":[\"https:\/\/mld-index.info\"],\"url\":\"https:\/\/mld-index.info\/ro\/author\/admin-news\/\"}]}<\/script>\n<!-- \/ Yoast SEO plugin. -->","yoast_head_json":{"title":"S\u0103rb\u0103toarea moldoveneasc\u0103 \u00een fostele republici sovietice - MLD-Index","description":"Festivalul tradi\u021bional de prim\u0103var\u0103 \u201eM\u0103r\u021bi\u0219or\u201d a fost \u00eenscris pe Lista Patrimoniului Cultural Imaterial al Lituaniei. \u00cen cadrul","robots":{"index":"index","follow":"follow","max-snippet":"max-snippet:-1","max-image-preview":"max-image-preview:large","max-video-preview":"max-video-preview:-1"},"canonical":"https:\/\/mld-index.info\/ro\/stiri\/sarbatoarea-moldoveneasca-in-fostele-republici-sovietice\/","og_locale":"ro_RO","og_type":"article","og_title":"S\u0103rb\u0103toarea moldoveneasc\u0103 \u00een fostele republici sovietice - MLD-Index","og_description":"Festivalul tradi\u021bional de prim\u0103var\u0103 \u201eM\u0103r\u021bi\u0219or\u201d a fost \u00eenscris pe Lista Patrimoniului Cultural Imaterial al Lituaniei. \u00cen cadrul","og_url":"https:\/\/mld-index.info\/ro\/stiri\/sarbatoarea-moldoveneasca-in-fostele-republici-sovietice\/","og_site_name":"MLD-Index","article_published_time":"2026-03-09T13:00:42+00:00","article_modified_time":"2026-03-09T17:09:09+00:00","og_image":[{"width":1920,"height":1993,"url":"https:\/\/mld-index.info\/wp-content\/uploads\/2026\/03\/990a848f8f3e33210195d64d3ffc574d_vilnius_2026_martisorul_vakaris.jpg","type":"image\/jpeg"}],"author":"admin-news","twitter_card":"summary_large_image","twitter_misc":{"Scris de":"admin-news","Timp estimat pentru citire":"2 minute"},"schema":{"@context":"https:\/\/schema.org","@graph":[{"@type":"WebPage","@id":"https:\/\/mld-index.info\/ro\/stiri\/sarbatoarea-moldoveneasca-in-fostele-republici-sovietice\/","url":"https:\/\/mld-index.info\/ro\/stiri\/sarbatoarea-moldoveneasca-in-fostele-republici-sovietice\/","name":"S\u0103rb\u0103toarea moldoveneasc\u0103 \u00een fostele republici sovietice - MLD-Index","isPartOf":{"@id":"https:\/\/mld-index.info\/#website"},"primaryImageOfPage":{"@id":"https:\/\/mld-index.info\/ro\/stiri\/sarbatoarea-moldoveneasca-in-fostele-republici-sovietice\/#primaryimage"},"image":{"@id":"https:\/\/mld-index.info\/ro\/stiri\/sarbatoarea-moldoveneasca-in-fostele-republici-sovietice\/#primaryimage"},"thumbnailUrl":"https:\/\/mld-index.info\/wp-content\/uploads\/2026\/03\/990a848f8f3e33210195d64d3ffc574d_vilnius_2026_martisorul_vakaris.jpg","datePublished":"2026-03-09T13:00:42+00:00","dateModified":"2026-03-09T17:09:09+00:00","author":{"@id":"https:\/\/mld-index.info\/#\/schema\/person\/07033762c4b46689adebe724a04d1774"},"description":"Festivalul tradi\u021bional de prim\u0103var\u0103 \u201eM\u0103r\u021bi\u0219or\u201d a fost \u00eenscris pe Lista Patrimoniului Cultural Imaterial al Lituaniei. \u00cen cadrul","breadcrumb":{"@id":"https:\/\/mld-index.info\/ro\/stiri\/sarbatoarea-moldoveneasca-in-fostele-republici-sovietice\/#breadcrumb"},"inLanguage":"ro-RO","potentialAction":[{"@type":"ReadAction","target":["https:\/\/mld-index.info\/ro\/stiri\/sarbatoarea-moldoveneasca-in-fostele-republici-sovietice\/"]}]},{"@type":"ImageObject","inLanguage":"ro-RO","@id":"https:\/\/mld-index.info\/ro\/stiri\/sarbatoarea-moldoveneasca-in-fostele-republici-sovietice\/#primaryimage","url":"https:\/\/mld-index.info\/wp-content\/uploads\/2026\/03\/990a848f8f3e33210195d64d3ffc574d_vilnius_2026_martisorul_vakaris.jpg","contentUrl":"https:\/\/mld-index.info\/wp-content\/uploads\/2026\/03\/990a848f8f3e33210195d64d3ffc574d_vilnius_2026_martisorul_vakaris.jpg","width":1920,"height":1993},{"@type":"BreadcrumbList","@id":"https:\/\/mld-index.info\/ro\/stiri\/sarbatoarea-moldoveneasca-in-fostele-republici-sovietice\/#breadcrumb","itemListElement":[{"@type":"ListItem","position":1,"name":"\u0413\u043b\u0430\u0432\u043d\u0430\u044f \u0441\u0442\u0440\u0430\u043d\u0438\u0446\u0430","item":"https:\/\/mld-index.info\/"},{"@type":"ListItem","position":2,"name":"S\u0103rb\u0103toarea moldoveneasc\u0103 \u00een fostele republici sovietice"}]},{"@type":"WebSite","@id":"https:\/\/mld-index.info\/#website","url":"https:\/\/mld-index.info\/","name":"MLD-Index","description":"","potentialAction":[{"@type":"SearchAction","target":{"@type":"EntryPoint","urlTemplate":"https:\/\/mld-index.info\/?s={search_term_string}"},"query-input":{"@type":"PropertyValueSpecification","valueRequired":true,"valueName":"search_term_string"}}],"inLanguage":"ro-RO"},{"@type":"Person","@id":"https:\/\/mld-index.info\/#\/schema\/person\/07033762c4b46689adebe724a04d1774","name":"admin-news","image":{"@type":"ImageObject","inLanguage":"ro-RO","@id":"https:\/\/mld-index.info\/#\/schema\/person\/image\/","url":"https:\/\/secure.gravatar.com\/avatar\/59414bda600e877e446161b24a9772009cca89e9f211e27c577ad73509a3862f?s=96&d=mm&r=g","contentUrl":"https:\/\/secure.gravatar.com\/avatar\/59414bda600e877e446161b24a9772009cca89e9f211e27c577ad73509a3862f?s=96&d=mm&r=g","caption":"admin-news"},"sameAs":["https:\/\/mld-index.info"],"url":"https:\/\/mld-index.info\/ro\/author\/admin-news\/"}]}},"_links":{"self":[{"href":"https:\/\/mld-index.info\/ro\/wp-json\/wp\/v2\/posts\/18114","targetHints":{"allow":["GET"]}}],"collection":[{"href":"https:\/\/mld-index.info\/ro\/wp-json\/wp\/v2\/posts"}],"about":[{"href":"https:\/\/mld-index.info\/ro\/wp-json\/wp\/v2\/types\/post"}],"author":[{"embeddable":true,"href":"https:\/\/mld-index.info\/ro\/wp-json\/wp\/v2\/users\/1"}],"replies":[{"embeddable":true,"href":"https:\/\/mld-index.info\/ro\/wp-json\/wp\/v2\/comments?post=18114"}],"version-history":[{"count":1,"href":"https:\/\/mld-index.info\/ro\/wp-json\/wp\/v2\/posts\/18114\/revisions"}],"predecessor-version":[{"id":18115,"href":"https:\/\/mld-index.info\/ro\/wp-json\/wp\/v2\/posts\/18114\/revisions\/18115"}],"wp:featuredmedia":[{"embeddable":true,"href":"https:\/\/mld-index.info\/ro\/wp-json\/wp\/v2\/media\/18110"}],"wp:attachment":[{"href":"https:\/\/mld-index.info\/ro\/wp-json\/wp\/v2\/media?parent=18114"}],"wp:term":[{"taxonomy":"category","embeddable":true,"href":"https:\/\/mld-index.info\/ro\/wp-json\/wp\/v2\/categories?post=18114"},{"taxonomy":"post_tag","embeddable":true,"href":"https:\/\/mld-index.info\/ro\/wp-json\/wp\/v2\/tags?post=18114"}],"curies":[{"name":"wp","href":"https:\/\/api.w.org\/{rel}","templated":true}]}}