{"id":18140,"date":"2026-03-10T10:00:10","date_gmt":"2026-03-10T07:00:10","guid":{"rendered":"https:\/\/mld-index.info\/?p=18140"},"modified":"2026-03-10T10:31:25","modified_gmt":"2026-03-10T07:31:25","slug":"nervii-mei-nu-au-mai-putut-suporta","status":"publish","type":"post","link":"https:\/\/mld-index.info\/ro\/stiri\/nervii-mei-nu-au-mai-putut-suporta\/","title":{"rendered":"Nervii mei nu au mai putut suporta"},"content":{"rendered":"<p>10 martie 2026<\/p>\n<p>P\u0103rin\u021bii au adus \u00een aten\u021bia conducerii gr\u0103dini\u021bei faptul c\u0103 copiii lor au \u00eenceput s\u0103 vin\u0103 acas\u0103 cu v\u00e2n\u0103t\u0103i. Mai mult, mai multe mame au instalat microfoane \u00een gr\u0103dini\u021b\u0103, care au \u00eenregistrat momente de violen\u021b\u0103.<\/p>\n<p>\u00centr-una dintre \u00eenregistr\u0103ri, se aude o \u00eenv\u0103\u021b\u0103toare spun\u00e2nd: \u201eMai vre\u021bi? M-am s\u0103turat de voi\u201d, urmat de dou\u0103 lovituri \u0219i un copil pl\u00e2ng\u00e2nd. La r\u00e2ndul ei, \u00eenv\u0103\u021b\u0103toarea s-a ap\u0103rat sus\u021bin\u00e2nd c\u0103 copiii \u00eencredin\u021ba\u021bi ei erau \u201efoarte dificili\u201d \u0219i c\u0103 a uitat s\u0103 ia pastilele de valerian\u0103 \u00een ziua respectiv\u0103, provoc\u00e2ndu-i o c\u0103dere nervoas\u0103.<\/p>\n<p>\u201eAm cerut o anchet\u0103 intern\u0103 \u0219i demiterea celor responsabili. Am cerut investiga\u021bii suplimentare \u0219i discu\u021bii cu directorul \u0219i profesorii gr\u0103dini\u021bei, precum \u0219i cu alte institu\u021bii\u201d, a declarat primarul general al Chi\u0219in\u0103ului, Ion Ceban.<\/p>\n<p>Ulterior, angaja\u021bii Direc\u021biei Generale Educa\u021bie, Tineret \u0219i Sport au vizitat Gr\u0103dini\u021ba nr. 133. \u201eA fost semnat un ordin pentru efectuarea unei inspec\u021bii ample, inclusiv o anchet\u0103 intern\u0103. Conform informa\u021biilor preliminare, \u00eenv\u0103\u021b\u0103toarea care a comis actul de violen\u021b\u0103 \u0219i-a prezentat demisia\u201d, a relatat Andrei Povaloi, \u0219ef adjunct al departamentului, la o \u0219edin\u021b\u0103 a serviciilor municipale ale ora\u0219ului.<\/p>\n<p>Oficialul a ad\u0103ugat, de asemenea, c\u0103 vor fi aplicate sanc\u021biuni conducerii gr\u0103dini\u021bei \u00een cazul \u00een care vor fi identificate \u00eenc\u0103lc\u0103ri. Mai mult, Ministerul Educa\u021biei \u0219i Cercet\u0103rii din Republica Moldova a promis c\u0103 situa\u021bia va fi revizuit\u0103 de Consiliul de Etic\u0103 Ministerial\u0103.<\/p>\n<p>Reamintim c\u0103, \u00een mai 2024, ofi\u021berii Centrului Na\u021bional Anticorup\u021bie au re\u021binut-o pe Dina P\u0103v\u0103leanu, directoarea Gr\u0103dini\u021bei nr. 32 din Chi\u0219in\u0103u. Arestarea a fost determinat\u0103 de un pont anonim de la dou\u0103 femei care au sus\u021binut c\u0103 directoarea \u0219colii le-a cerut c\u00e2te 3.000 de lei fiecare pentru a le \u00eenscrie copiii la gr\u0103dini\u021b\u0103. Procurorii au calificat acest lucru drept luare de mit\u0103 \u0219i au deschis un dosar de corupere pasiv\u0103. Mai mult, grupul de ini\u021biativ\u0103 \u201eP\u0103rin\u021bi Solidari\u201d a descoperit ulterior c\u0103, pe l\u00e2ng\u0103 \u201etaxa de intrare\u201d, Dina P\u0103v\u0103leanu i-a obligat pe p\u0103rin\u021bi s\u0103 pl\u0103teasc\u0103 lunar 500-600 de lei. Cu toate acestea, directoarea gr\u0103dini\u021bei a continuat s\u0103 fie \u0219efa organiza\u021biei chiar \u0219i dup\u0103 arestare \u0219i chiar a ap\u0103rut \u00een videoclipuri de campanie pentru blocul politic \u201eAlternativa\u201d, condus de primarul Chi\u0219in\u0103ului, Ion Ceban. \u00cen cele din urm\u0103, pe 16 octombrie 2025, instan\u021ba a condamnat-o pe directoarea gr\u0103dini\u021bei la trei ani de \u00eenchisoare cu suspendare. \u00cen plus, Dina P\u0103v\u0103leanu trebuie s\u0103 pl\u0103teasc\u0103 o amend\u0103 de 200.000 de lei \u0219i i se interzice s\u0103 ocupe func\u021bii publice sau s\u0103 predea timp de cinci ani.<\/p>\n","protected":false},"excerpt":{"rendered":"<p>10 martie 2026 P\u0103rin\u021bii au adus \u00een aten\u021bia conducerii gr\u0103dini\u021bei faptul c\u0103 copiii lor au \u00eenceput s\u0103 vin\u0103 acas\u0103 cu v\u00e2n\u0103t\u0103i. Mai mult, mai multe mame au instalat microfoane \u00een gr\u0103dini\u021b\u0103, care au \u00eenregistrat momente de violen\u021b\u0103. \u00centr-una dintre \u00eenregistr\u0103ri, se aude o \u00eenv\u0103\u021b\u0103toare spun\u00e2nd: \u201eMai vre\u021bi? M-am s\u0103turat de voi\u201d, urmat de dou\u0103 lovituri [&hellip;]<\/p>\n","protected":false},"author":1,"featured_media":18142,"comment_status":"open","ping_status":"open","sticky":false,"template":"","format":"standard","meta":{"footnotes":""},"categories":[125,99],"tags":[],"class_list":{"0":"post-18140","1":"post","2":"type-post","3":"status-publish","4":"format-standard","5":"has-post-thumbnail","7":"category-societate","8":"category-stiri"},"yoast_head":"<!-- This site is optimized with the Yoast SEO plugin v24.3 - https:\/\/yoast.com\/wordpress\/plugins\/seo\/ -->\n<title>Nervii mei nu au mai putut suporta - MLD-Index<\/title>\n<meta name=\"description\" content=\"P\u0103rin\u021bii au acuzat o \u00eenv\u0103\u021b\u0103toare de la Gr\u0103dini\u021ba nr. 133 din Chi\u0219in\u0103u c\u0103 le-a b\u0103tut copiii. Departamentul Educa\u021biei, Tineretului \u0219i Sportului\" \/>\n<meta name=\"robots\" content=\"index, follow, max-snippet:-1, max-image-preview:large, max-video-preview:-1\" \/>\n<link rel=\"canonical\" href=\"https:\/\/mld-index.info\/ro\/stiri\/nervii-mei-nu-au-mai-putut-suporta\/\" \/>\n<meta property=\"og:locale\" content=\"ro_RO\" \/>\n<meta property=\"og:type\" content=\"article\" \/>\n<meta property=\"og:title\" content=\"Nervii mei nu au mai putut suporta - MLD-Index\" \/>\n<meta property=\"og:description\" content=\"P\u0103rin\u021bii au acuzat o \u00eenv\u0103\u021b\u0103toare de la Gr\u0103dini\u021ba nr. 133 din Chi\u0219in\u0103u c\u0103 le-a b\u0103tut copiii. Departamentul Educa\u021biei, Tineretului \u0219i Sportului\" \/>\n<meta property=\"og:url\" content=\"https:\/\/mld-index.info\/ro\/stiri\/nervii-mei-nu-au-mai-putut-suporta\/\" \/>\n<meta property=\"og:site_name\" content=\"MLD-Index\" \/>\n<meta property=\"article:published_time\" content=\"2026-03-10T07:00:10+00:00\" \/>\n<meta property=\"article:modified_time\" content=\"2026-03-10T07:31:25+00:00\" \/>\n<meta property=\"og:image\" content=\"https:\/\/mld-index.info\/wp-content\/uploads\/2026\/03\/50992119_101.jpg\" \/>\n\t<meta property=\"og:image:width\" content=\"1024\" \/>\n\t<meta property=\"og:image:height\" content=\"576\" \/>\n\t<meta property=\"og:image:type\" content=\"image\/jpeg\" \/>\n<meta name=\"author\" content=\"admin-news\" \/>\n<meta name=\"twitter:card\" content=\"summary_large_image\" \/>\n<meta name=\"twitter:label1\" content=\"Scris de\" \/>\n\t<meta name=\"twitter:data1\" content=\"admin-news\" \/>\n\t<meta name=\"twitter:label2\" content=\"Timp estimat pentru citire\" \/>\n\t<meta name=\"twitter:data2\" content=\"3 minute\" \/>\n<script type=\"application\/ld+json\" class=\"yoast-schema-graph\">{\"@context\":\"https:\/\/schema.org\",\"@graph\":[{\"@type\":\"WebPage\",\"@id\":\"https:\/\/mld-index.info\/ro\/stiri\/nervii-mei-nu-au-mai-putut-suporta\/\",\"url\":\"https:\/\/mld-index.info\/ro\/stiri\/nervii-mei-nu-au-mai-putut-suporta\/\",\"name\":\"Nervii mei nu au mai putut suporta - MLD-Index\",\"isPartOf\":{\"@id\":\"https:\/\/mld-index.info\/#website\"},\"primaryImageOfPage\":{\"@id\":\"https:\/\/mld-index.info\/ro\/stiri\/nervii-mei-nu-au-mai-putut-suporta\/#primaryimage\"},\"image\":{\"@id\":\"https:\/\/mld-index.info\/ro\/stiri\/nervii-mei-nu-au-mai-putut-suporta\/#primaryimage\"},\"thumbnailUrl\":\"https:\/\/mld-index.info\/wp-content\/uploads\/2026\/03\/50992119_101.jpg\",\"datePublished\":\"2026-03-10T07:00:10+00:00\",\"dateModified\":\"2026-03-10T07:31:25+00:00\",\"author\":{\"@id\":\"https:\/\/mld-index.info\/#\/schema\/person\/07033762c4b46689adebe724a04d1774\"},\"description\":\"P\u0103rin\u021bii au acuzat o \u00eenv\u0103\u021b\u0103toare de la Gr\u0103dini\u021ba nr. 133 din Chi\u0219in\u0103u c\u0103 le-a b\u0103tut copiii. Departamentul Educa\u021biei, Tineretului \u0219i Sportului\",\"breadcrumb\":{\"@id\":\"https:\/\/mld-index.info\/ro\/stiri\/nervii-mei-nu-au-mai-putut-suporta\/#breadcrumb\"},\"inLanguage\":\"ro-RO\",\"potentialAction\":[{\"@type\":\"ReadAction\",\"target\":[\"https:\/\/mld-index.info\/ro\/stiri\/nervii-mei-nu-au-mai-putut-suporta\/\"]}]},{\"@type\":\"ImageObject\",\"inLanguage\":\"ro-RO\",\"@id\":\"https:\/\/mld-index.info\/ro\/stiri\/nervii-mei-nu-au-mai-putut-suporta\/#primaryimage\",\"url\":\"https:\/\/mld-index.info\/wp-content\/uploads\/2026\/03\/50992119_101.jpg\",\"contentUrl\":\"https:\/\/mld-index.info\/wp-content\/uploads\/2026\/03\/50992119_101.jpg\",\"width\":1024,\"height\":576},{\"@type\":\"BreadcrumbList\",\"@id\":\"https:\/\/mld-index.info\/ro\/stiri\/nervii-mei-nu-au-mai-putut-suporta\/#breadcrumb\",\"itemListElement\":[{\"@type\":\"ListItem\",\"position\":1,\"name\":\"\u0413\u043b\u0430\u0432\u043d\u0430\u044f \u0441\u0442\u0440\u0430\u043d\u0438\u0446\u0430\",\"item\":\"https:\/\/mld-index.info\/\"},{\"@type\":\"ListItem\",\"position\":2,\"name\":\"Nervii mei nu au mai putut suporta\"}]},{\"@type\":\"WebSite\",\"@id\":\"https:\/\/mld-index.info\/#website\",\"url\":\"https:\/\/mld-index.info\/\",\"name\":\"MLD-Index\",\"description\":\"\",\"potentialAction\":[{\"@type\":\"SearchAction\",\"target\":{\"@type\":\"EntryPoint\",\"urlTemplate\":\"https:\/\/mld-index.info\/?s={search_term_string}\"},\"query-input\":{\"@type\":\"PropertyValueSpecification\",\"valueRequired\":true,\"valueName\":\"search_term_string\"}}],\"inLanguage\":\"ro-RO\"},{\"@type\":\"Person\",\"@id\":\"https:\/\/mld-index.info\/#\/schema\/person\/07033762c4b46689adebe724a04d1774\",\"name\":\"admin-news\",\"image\":{\"@type\":\"ImageObject\",\"inLanguage\":\"ro-RO\",\"@id\":\"https:\/\/mld-index.info\/#\/schema\/person\/image\/\",\"url\":\"https:\/\/secure.gravatar.com\/avatar\/59414bda600e877e446161b24a9772009cca89e9f211e27c577ad73509a3862f?s=96&d=mm&r=g\",\"contentUrl\":\"https:\/\/secure.gravatar.com\/avatar\/59414bda600e877e446161b24a9772009cca89e9f211e27c577ad73509a3862f?s=96&d=mm&r=g\",\"caption\":\"admin-news\"},\"sameAs\":[\"https:\/\/mld-index.info\"],\"url\":\"https:\/\/mld-index.info\/ro\/author\/admin-news\/\"}]}<\/script>\n<!-- \/ Yoast SEO plugin. -->","yoast_head_json":{"title":"Nervii mei nu au mai putut suporta - MLD-Index","description":"P\u0103rin\u021bii au acuzat o \u00eenv\u0103\u021b\u0103toare de la Gr\u0103dini\u021ba nr. 133 din Chi\u0219in\u0103u c\u0103 le-a b\u0103tut copiii. Departamentul Educa\u021biei, Tineretului \u0219i Sportului","robots":{"index":"index","follow":"follow","max-snippet":"max-snippet:-1","max-image-preview":"max-image-preview:large","max-video-preview":"max-video-preview:-1"},"canonical":"https:\/\/mld-index.info\/ro\/stiri\/nervii-mei-nu-au-mai-putut-suporta\/","og_locale":"ro_RO","og_type":"article","og_title":"Nervii mei nu au mai putut suporta - MLD-Index","og_description":"P\u0103rin\u021bii au acuzat o \u00eenv\u0103\u021b\u0103toare de la Gr\u0103dini\u021ba nr. 133 din Chi\u0219in\u0103u c\u0103 le-a b\u0103tut copiii. Departamentul Educa\u021biei, Tineretului \u0219i Sportului","og_url":"https:\/\/mld-index.info\/ro\/stiri\/nervii-mei-nu-au-mai-putut-suporta\/","og_site_name":"MLD-Index","article_published_time":"2026-03-10T07:00:10+00:00","article_modified_time":"2026-03-10T07:31:25+00:00","og_image":[{"width":1024,"height":576,"url":"https:\/\/mld-index.info\/wp-content\/uploads\/2026\/03\/50992119_101.jpg","type":"image\/jpeg"}],"author":"admin-news","twitter_card":"summary_large_image","twitter_misc":{"Scris de":"admin-news","Timp estimat pentru citire":"3 minute"},"schema":{"@context":"https:\/\/schema.org","@graph":[{"@type":"WebPage","@id":"https:\/\/mld-index.info\/ro\/stiri\/nervii-mei-nu-au-mai-putut-suporta\/","url":"https:\/\/mld-index.info\/ro\/stiri\/nervii-mei-nu-au-mai-putut-suporta\/","name":"Nervii mei nu au mai putut suporta - MLD-Index","isPartOf":{"@id":"https:\/\/mld-index.info\/#website"},"primaryImageOfPage":{"@id":"https:\/\/mld-index.info\/ro\/stiri\/nervii-mei-nu-au-mai-putut-suporta\/#primaryimage"},"image":{"@id":"https:\/\/mld-index.info\/ro\/stiri\/nervii-mei-nu-au-mai-putut-suporta\/#primaryimage"},"thumbnailUrl":"https:\/\/mld-index.info\/wp-content\/uploads\/2026\/03\/50992119_101.jpg","datePublished":"2026-03-10T07:00:10+00:00","dateModified":"2026-03-10T07:31:25+00:00","author":{"@id":"https:\/\/mld-index.info\/#\/schema\/person\/07033762c4b46689adebe724a04d1774"},"description":"P\u0103rin\u021bii au acuzat o \u00eenv\u0103\u021b\u0103toare de la Gr\u0103dini\u021ba nr. 133 din Chi\u0219in\u0103u c\u0103 le-a b\u0103tut copiii. Departamentul Educa\u021biei, Tineretului \u0219i Sportului","breadcrumb":{"@id":"https:\/\/mld-index.info\/ro\/stiri\/nervii-mei-nu-au-mai-putut-suporta\/#breadcrumb"},"inLanguage":"ro-RO","potentialAction":[{"@type":"ReadAction","target":["https:\/\/mld-index.info\/ro\/stiri\/nervii-mei-nu-au-mai-putut-suporta\/"]}]},{"@type":"ImageObject","inLanguage":"ro-RO","@id":"https:\/\/mld-index.info\/ro\/stiri\/nervii-mei-nu-au-mai-putut-suporta\/#primaryimage","url":"https:\/\/mld-index.info\/wp-content\/uploads\/2026\/03\/50992119_101.jpg","contentUrl":"https:\/\/mld-index.info\/wp-content\/uploads\/2026\/03\/50992119_101.jpg","width":1024,"height":576},{"@type":"BreadcrumbList","@id":"https:\/\/mld-index.info\/ro\/stiri\/nervii-mei-nu-au-mai-putut-suporta\/#breadcrumb","itemListElement":[{"@type":"ListItem","position":1,"name":"\u0413\u043b\u0430\u0432\u043d\u0430\u044f \u0441\u0442\u0440\u0430\u043d\u0438\u0446\u0430","item":"https:\/\/mld-index.info\/"},{"@type":"ListItem","position":2,"name":"Nervii mei nu au mai putut suporta"}]},{"@type":"WebSite","@id":"https:\/\/mld-index.info\/#website","url":"https:\/\/mld-index.info\/","name":"MLD-Index","description":"","potentialAction":[{"@type":"SearchAction","target":{"@type":"EntryPoint","urlTemplate":"https:\/\/mld-index.info\/?s={search_term_string}"},"query-input":{"@type":"PropertyValueSpecification","valueRequired":true,"valueName":"search_term_string"}}],"inLanguage":"ro-RO"},{"@type":"Person","@id":"https:\/\/mld-index.info\/#\/schema\/person\/07033762c4b46689adebe724a04d1774","name":"admin-news","image":{"@type":"ImageObject","inLanguage":"ro-RO","@id":"https:\/\/mld-index.info\/#\/schema\/person\/image\/","url":"https:\/\/secure.gravatar.com\/avatar\/59414bda600e877e446161b24a9772009cca89e9f211e27c577ad73509a3862f?s=96&d=mm&r=g","contentUrl":"https:\/\/secure.gravatar.com\/avatar\/59414bda600e877e446161b24a9772009cca89e9f211e27c577ad73509a3862f?s=96&d=mm&r=g","caption":"admin-news"},"sameAs":["https:\/\/mld-index.info"],"url":"https:\/\/mld-index.info\/ro\/author\/admin-news\/"}]}},"_links":{"self":[{"href":"https:\/\/mld-index.info\/ro\/wp-json\/wp\/v2\/posts\/18140","targetHints":{"allow":["GET"]}}],"collection":[{"href":"https:\/\/mld-index.info\/ro\/wp-json\/wp\/v2\/posts"}],"about":[{"href":"https:\/\/mld-index.info\/ro\/wp-json\/wp\/v2\/types\/post"}],"author":[{"embeddable":true,"href":"https:\/\/mld-index.info\/ro\/wp-json\/wp\/v2\/users\/1"}],"replies":[{"embeddable":true,"href":"https:\/\/mld-index.info\/ro\/wp-json\/wp\/v2\/comments?post=18140"}],"version-history":[{"count":1,"href":"https:\/\/mld-index.info\/ro\/wp-json\/wp\/v2\/posts\/18140\/revisions"}],"predecessor-version":[{"id":18143,"href":"https:\/\/mld-index.info\/ro\/wp-json\/wp\/v2\/posts\/18140\/revisions\/18143"}],"wp:featuredmedia":[{"embeddable":true,"href":"https:\/\/mld-index.info\/ro\/wp-json\/wp\/v2\/media\/18142"}],"wp:attachment":[{"href":"https:\/\/mld-index.info\/ro\/wp-json\/wp\/v2\/media?parent=18140"}],"wp:term":[{"taxonomy":"category","embeddable":true,"href":"https:\/\/mld-index.info\/ro\/wp-json\/wp\/v2\/categories?post=18140"},{"taxonomy":"post_tag","embeddable":true,"href":"https:\/\/mld-index.info\/ro\/wp-json\/wp\/v2\/tags?post=18140"}],"curies":[{"name":"wp","href":"https:\/\/api.w.org\/{rel}","templated":true}]}}