{"id":18146,"date":"2026-03-10T16:00:21","date_gmt":"2026-03-10T13:00:21","guid":{"rendered":"https:\/\/mld-index.info\/?p=18146"},"modified":"2026-03-10T10:36:09","modified_gmt":"2026-03-10T07:36:09","slug":"plantari-in-masa","status":"publish","type":"post","link":"https:\/\/mld-index.info\/ro\/stiri\/plantari-in-masa\/","title":{"rendered":"Plant\u0103ri \u00een mas\u0103"},"content":{"rendered":"<p>10 martie 2026<\/p>\n<p>Cet\u0103\u021benii moldoveni au fost invita\u021bi s\u0103 participe la evenimente de plantare de copaci \u00een mai multe raioane ale \u021b\u0103rii pe 14 martie. Agen\u021bia Moldsilva a f\u0103cut apel la toate p\u0103r\u021bile interesate &#8211; voluntari, elevi, studen\u021bi, oficiali guvernamentali \u0219i reprezentan\u021bi ai sectorului privat &#8211; s\u0103 se al\u0103ture ini\u021biativei care vizeaz\u0103 extinderea \u0219i protejarea resurselor forestiere ale Republicii Moldova.<\/p>\n<p>Pentru a participa, v\u0103 rug\u0103m s\u0103 vizita\u021bi site-ul oficial al Agen\u021biei Moldsilva \u0219i s\u0103 face\u021bi clic pe linkul \u201eParticip\u0103 la plant\u0103rile de copaci din prim\u0103vara anului 2026\u201d. Dup\u0103 \u00eenregistrare, pute\u021bi contacta angajatul desemnat al agen\u021biei pentru a g\u0103si cea mai apropiat\u0103 loca\u021bie de plantare a copacilor.<\/p>\n<p>\u201eAstfel de ini\u021biative sunt importante pentru cre\u0219terea suprafe\u021bei forestiere, protejarea mediului \u0219i implicarea comunit\u0103\u021bilor locale \u00een eforturi de voluntariat \u00een beneficiul naturii. Participarea cet\u0103\u021benilor la astfel de evenimente nu numai c\u0103 contribuie la plantarea de noi copaci, dar consolideaz\u0103 \u0219i o cultur\u0103 a protec\u021biei mediului \u00een societate\u201d, a subliniat Agen\u021bia.<\/p>\n<p>Campania, desf\u0103\u0219urat\u0103 sub sloganul \u201eGenera\u021bia P\u0103durii\u201d, face parte din Strategia Na\u021bional\u0103 de Restaurare a P\u0103durilor \u201eMoldova 2030\u201d, elaborat\u0103 \u00een 2023. Conform planului, se preconizeaz\u0103 c\u0103 suprafa\u021ba \u00eemp\u0103durit\u0103 a \u021b\u0103rii va cre\u0219te de la 11% la 15% \u00een urm\u0103torii zece ani.<\/p>\n<p>Anul acesta, Campania Na\u021bional\u0103 de \u00cemp\u0103durire va avea loc simultan \u00een Moldova \u0219i Rom\u00e2nia, pentru prima dat\u0103. \u201eAcest pod viu va conecta aerul, apa \u0219i viitorul ambelor \u021b\u0103ri. \u00cen aceast\u0103 prim\u0103var\u0103, ne-am stabilit un obiectiv ambi\u021bios &#8211; plantarea a aproximativ 11 milioane de puie\u021bi pe o suprafa\u021b\u0103 de 3.000 de hectare\u201d, a declarat ministrul moldovean al Mediului, Gheorghe Hajder.<\/p>\n<p>\u00cen noiembrie anul trecut, Ambasada Sloveniei la Chi\u0219in\u0103u a donat echipament Field-Map Institutului de Cercetare \u0219i Management Silvic (ICAS) pentru colectarea \u0219i analiza rapid\u0103 a datelor forestiere din Moldova. Noua tehnologie ar trebui s\u0103 faciliteze gestionarea p\u0103durilor, permi\u021b\u00e2nd o colectare mai rapid\u0103 \u0219i mai precis\u0103 a datelor privind volumul de mas\u0103 lemnoas\u0103, suprafa\u021ba \u00eemp\u0103durit\u0103, s\u0103n\u0103tatea arborilor \u0219i regenerarea natural\u0103.<\/p>\n<p>Anterior, am relatat c\u0103 Vasile Costiuc, liderul partidului Democra\u021bia Acas\u0103 \u0219i acum membru al Parlamentului Republicii Moldova, a postat pe Facebook la \u00eenceputul lunii aprilie 2025 informa\u021bii despre exportul ilegal de cherestea din \u021bar\u0103 de c\u0103tre autorit\u0103\u021bile moldovene. Un videoclip postat de politician \u00eei arat\u0103 pe muncitori \u00eenc\u0103rc\u00e2nd trunchiuri de copaci t\u0103ia\u021bi \u00eentr-un camion la silvicultura C\u0103priana (raionul Str\u0103\u0219eni), la 36 de kilometri de capitala Republicii Moldova. \u201eI-am surprins \u00eenc\u0103rc\u00e2nd stejari seculari \u00een camioane mari \u0219i export\u00e2ndu-i, lucru interzis prin lege\u201d, a spus Costiuc \u00eentr-un mesaj video. Ca r\u0103spuns, fostul \u0219ef al Ministerului Mediului al Republicii Moldova, Sergiu Lazarencu, a declarat c\u0103 copacii erau destina\u021bi unei companii de mobil\u0103 din Chi\u0219in\u0103u \u0219i c\u0103 \u00eel va da \u00een judecat\u0103 pe calomniator.<\/p>\n","protected":false},"excerpt":{"rendered":"<p>10 martie 2026 Cet\u0103\u021benii moldoveni au fost invita\u021bi s\u0103 participe la evenimente de plantare de copaci \u00een mai multe raioane ale \u021b\u0103rii pe 14 martie. Agen\u021bia Moldsilva a f\u0103cut apel la toate p\u0103r\u021bile interesate &#8211; voluntari, elevi, studen\u021bi, oficiali guvernamentali \u0219i reprezentan\u021bi ai sectorului privat &#8211; s\u0103 se al\u0103ture ini\u021biativei care vizeaz\u0103 extinderea \u0219i protejarea [&hellip;]<\/p>\n","protected":false},"author":1,"featured_media":18141,"comment_status":"open","ping_status":"open","sticky":false,"template":"","format":"standard","meta":{"footnotes":""},"categories":[125,99],"tags":[],"class_list":{"0":"post-18146","1":"post","2":"type-post","3":"status-publish","4":"format-standard","5":"has-post-thumbnail","7":"category-societate","8":"category-stiri"},"yoast_head":"<!-- This site is optimized with the Yoast SEO plugin v24.3 - https:\/\/yoast.com\/wordpress\/plugins\/seo\/ -->\n<title>Plant\u0103ri \u00een mas\u0103 - MLD-Index<\/title>\n<meta name=\"description\" content=\"Agen\u021bia Moldsilva a anun\u021bat o campanie ampl\u0103 de plantare a copacilor. Campania face parte din Strategia Na\u021bional\u0103 de Restaurare a P\u0103durilor.\" \/>\n<meta name=\"robots\" content=\"index, follow, max-snippet:-1, max-image-preview:large, max-video-preview:-1\" \/>\n<link rel=\"canonical\" href=\"https:\/\/mld-index.info\/?p=18148\" \/>\n<meta property=\"og:locale\" content=\"ro_RO\" \/>\n<meta property=\"og:type\" content=\"article\" \/>\n<meta property=\"og:title\" content=\"Plant\u0103ri \u00een mas\u0103 - MLD-Index\" \/>\n<meta property=\"og:description\" content=\"Agen\u021bia Moldsilva a anun\u021bat o campanie ampl\u0103 de plantare a copacilor. Campania face parte din Strategia Na\u021bional\u0103 de Restaurare a P\u0103durilor.\" \/>\n<meta property=\"og:url\" content=\"https:\/\/mld-index.info\/?p=18148\" \/>\n<meta property=\"og:site_name\" content=\"MLD-Index\" \/>\n<meta property=\"article:published_time\" content=\"2026-03-10T13:00:21+00:00\" \/>\n<meta property=\"article:modified_time\" content=\"2026-03-10T07:36:09+00:00\" \/>\n<meta property=\"og:image\" content=\"https:\/\/mld-index.info\/wp-content\/uploads\/2026\/03\/990a848f8f3e33210195d64d3ffc574d_643922667_122177532272750077_7.jpg\" \/>\n\t<meta property=\"og:image:width\" content=\"1920\" \/>\n\t<meta property=\"og:image:height\" content=\"1280\" \/>\n\t<meta property=\"og:image:type\" content=\"image\/jpeg\" \/>\n<meta name=\"author\" content=\"admin-news\" \/>\n<meta name=\"twitter:card\" content=\"summary_large_image\" \/>\n<meta name=\"twitter:label1\" content=\"Scris de\" \/>\n\t<meta name=\"twitter:data1\" content=\"admin-news\" \/>\n\t<meta name=\"twitter:label2\" content=\"Timp estimat pentru citire\" \/>\n\t<meta name=\"twitter:data2\" content=\"3 minute\" \/>\n<script type=\"application\/ld+json\" class=\"yoast-schema-graph\">{\"@context\":\"https:\/\/schema.org\",\"@graph\":[{\"@type\":\"WebPage\",\"@id\":\"https:\/\/mld-index.info\/?p=18148\",\"url\":\"https:\/\/mld-index.info\/?p=18148\",\"name\":\"Plant\u0103ri \u00een mas\u0103 - MLD-Index\",\"isPartOf\":{\"@id\":\"https:\/\/mld-index.info\/#website\"},\"primaryImageOfPage\":{\"@id\":\"https:\/\/mld-index.info\/?p=18148#primaryimage\"},\"image\":{\"@id\":\"https:\/\/mld-index.info\/?p=18148#primaryimage\"},\"thumbnailUrl\":\"https:\/\/mld-index.info\/wp-content\/uploads\/2026\/03\/990a848f8f3e33210195d64d3ffc574d_643922667_122177532272750077_7.jpg\",\"datePublished\":\"2026-03-10T13:00:21+00:00\",\"dateModified\":\"2026-03-10T07:36:09+00:00\",\"author\":{\"@id\":\"https:\/\/mld-index.info\/#\/schema\/person\/07033762c4b46689adebe724a04d1774\"},\"description\":\"Agen\u021bia Moldsilva a anun\u021bat o campanie ampl\u0103 de plantare a copacilor. Campania face parte din Strategia Na\u021bional\u0103 de Restaurare a P\u0103durilor.\",\"breadcrumb\":{\"@id\":\"https:\/\/mld-index.info\/?p=18148#breadcrumb\"},\"inLanguage\":\"ro-RO\",\"potentialAction\":[{\"@type\":\"ReadAction\",\"target\":[\"https:\/\/mld-index.info\/?p=18148\"]}]},{\"@type\":\"ImageObject\",\"inLanguage\":\"ro-RO\",\"@id\":\"https:\/\/mld-index.info\/?p=18148#primaryimage\",\"url\":\"https:\/\/mld-index.info\/wp-content\/uploads\/2026\/03\/990a848f8f3e33210195d64d3ffc574d_643922667_122177532272750077_7.jpg\",\"contentUrl\":\"https:\/\/mld-index.info\/wp-content\/uploads\/2026\/03\/990a848f8f3e33210195d64d3ffc574d_643922667_122177532272750077_7.jpg\",\"width\":1920,\"height\":1280},{\"@type\":\"BreadcrumbList\",\"@id\":\"https:\/\/mld-index.info\/?p=18148#breadcrumb\",\"itemListElement\":[{\"@type\":\"ListItem\",\"position\":1,\"name\":\"\u0413\u043b\u0430\u0432\u043d\u0430\u044f \u0441\u0442\u0440\u0430\u043d\u0438\u0446\u0430\",\"item\":\"https:\/\/mld-index.info\/\"},{\"@type\":\"ListItem\",\"position\":2,\"name\":\"Plant\u0103ri \u00een mas\u0103\"}]},{\"@type\":\"WebSite\",\"@id\":\"https:\/\/mld-index.info\/#website\",\"url\":\"https:\/\/mld-index.info\/\",\"name\":\"MLD-Index\",\"description\":\"\",\"potentialAction\":[{\"@type\":\"SearchAction\",\"target\":{\"@type\":\"EntryPoint\",\"urlTemplate\":\"https:\/\/mld-index.info\/?s={search_term_string}\"},\"query-input\":{\"@type\":\"PropertyValueSpecification\",\"valueRequired\":true,\"valueName\":\"search_term_string\"}}],\"inLanguage\":\"ro-RO\"},{\"@type\":\"Person\",\"@id\":\"https:\/\/mld-index.info\/#\/schema\/person\/07033762c4b46689adebe724a04d1774\",\"name\":\"admin-news\",\"image\":{\"@type\":\"ImageObject\",\"inLanguage\":\"ro-RO\",\"@id\":\"https:\/\/mld-index.info\/#\/schema\/person\/image\/\",\"url\":\"https:\/\/secure.gravatar.com\/avatar\/59414bda600e877e446161b24a9772009cca89e9f211e27c577ad73509a3862f?s=96&d=mm&r=g\",\"contentUrl\":\"https:\/\/secure.gravatar.com\/avatar\/59414bda600e877e446161b24a9772009cca89e9f211e27c577ad73509a3862f?s=96&d=mm&r=g\",\"caption\":\"admin-news\"},\"sameAs\":[\"https:\/\/mld-index.info\"],\"url\":\"https:\/\/mld-index.info\/ro\/author\/admin-news\/\"}]}<\/script>\n<!-- \/ Yoast SEO plugin. -->","yoast_head_json":{"title":"Plant\u0103ri \u00een mas\u0103 - MLD-Index","description":"Agen\u021bia Moldsilva a anun\u021bat o campanie ampl\u0103 de plantare a copacilor. Campania face parte din Strategia Na\u021bional\u0103 de Restaurare a P\u0103durilor.","robots":{"index":"index","follow":"follow","max-snippet":"max-snippet:-1","max-image-preview":"max-image-preview:large","max-video-preview":"max-video-preview:-1"},"canonical":"https:\/\/mld-index.info\/?p=18148","og_locale":"ro_RO","og_type":"article","og_title":"Plant\u0103ri \u00een mas\u0103 - MLD-Index","og_description":"Agen\u021bia Moldsilva a anun\u021bat o campanie ampl\u0103 de plantare a copacilor. Campania face parte din Strategia Na\u021bional\u0103 de Restaurare a P\u0103durilor.","og_url":"https:\/\/mld-index.info\/?p=18148","og_site_name":"MLD-Index","article_published_time":"2026-03-10T13:00:21+00:00","article_modified_time":"2026-03-10T07:36:09+00:00","og_image":[{"width":1920,"height":1280,"url":"https:\/\/mld-index.info\/wp-content\/uploads\/2026\/03\/990a848f8f3e33210195d64d3ffc574d_643922667_122177532272750077_7.jpg","type":"image\/jpeg"}],"author":"admin-news","twitter_card":"summary_large_image","twitter_misc":{"Scris de":"admin-news","Timp estimat pentru citire":"3 minute"},"schema":{"@context":"https:\/\/schema.org","@graph":[{"@type":"WebPage","@id":"https:\/\/mld-index.info\/?p=18148","url":"https:\/\/mld-index.info\/?p=18148","name":"Plant\u0103ri \u00een mas\u0103 - MLD-Index","isPartOf":{"@id":"https:\/\/mld-index.info\/#website"},"primaryImageOfPage":{"@id":"https:\/\/mld-index.info\/?p=18148#primaryimage"},"image":{"@id":"https:\/\/mld-index.info\/?p=18148#primaryimage"},"thumbnailUrl":"https:\/\/mld-index.info\/wp-content\/uploads\/2026\/03\/990a848f8f3e33210195d64d3ffc574d_643922667_122177532272750077_7.jpg","datePublished":"2026-03-10T13:00:21+00:00","dateModified":"2026-03-10T07:36:09+00:00","author":{"@id":"https:\/\/mld-index.info\/#\/schema\/person\/07033762c4b46689adebe724a04d1774"},"description":"Agen\u021bia Moldsilva a anun\u021bat o campanie ampl\u0103 de plantare a copacilor. Campania face parte din Strategia Na\u021bional\u0103 de Restaurare a P\u0103durilor.","breadcrumb":{"@id":"https:\/\/mld-index.info\/?p=18148#breadcrumb"},"inLanguage":"ro-RO","potentialAction":[{"@type":"ReadAction","target":["https:\/\/mld-index.info\/?p=18148"]}]},{"@type":"ImageObject","inLanguage":"ro-RO","@id":"https:\/\/mld-index.info\/?p=18148#primaryimage","url":"https:\/\/mld-index.info\/wp-content\/uploads\/2026\/03\/990a848f8f3e33210195d64d3ffc574d_643922667_122177532272750077_7.jpg","contentUrl":"https:\/\/mld-index.info\/wp-content\/uploads\/2026\/03\/990a848f8f3e33210195d64d3ffc574d_643922667_122177532272750077_7.jpg","width":1920,"height":1280},{"@type":"BreadcrumbList","@id":"https:\/\/mld-index.info\/?p=18148#breadcrumb","itemListElement":[{"@type":"ListItem","position":1,"name":"\u0413\u043b\u0430\u0432\u043d\u0430\u044f \u0441\u0442\u0440\u0430\u043d\u0438\u0446\u0430","item":"https:\/\/mld-index.info\/"},{"@type":"ListItem","position":2,"name":"Plant\u0103ri \u00een mas\u0103"}]},{"@type":"WebSite","@id":"https:\/\/mld-index.info\/#website","url":"https:\/\/mld-index.info\/","name":"MLD-Index","description":"","potentialAction":[{"@type":"SearchAction","target":{"@type":"EntryPoint","urlTemplate":"https:\/\/mld-index.info\/?s={search_term_string}"},"query-input":{"@type":"PropertyValueSpecification","valueRequired":true,"valueName":"search_term_string"}}],"inLanguage":"ro-RO"},{"@type":"Person","@id":"https:\/\/mld-index.info\/#\/schema\/person\/07033762c4b46689adebe724a04d1774","name":"admin-news","image":{"@type":"ImageObject","inLanguage":"ro-RO","@id":"https:\/\/mld-index.info\/#\/schema\/person\/image\/","url":"https:\/\/secure.gravatar.com\/avatar\/59414bda600e877e446161b24a9772009cca89e9f211e27c577ad73509a3862f?s=96&d=mm&r=g","contentUrl":"https:\/\/secure.gravatar.com\/avatar\/59414bda600e877e446161b24a9772009cca89e9f211e27c577ad73509a3862f?s=96&d=mm&r=g","caption":"admin-news"},"sameAs":["https:\/\/mld-index.info"],"url":"https:\/\/mld-index.info\/ro\/author\/admin-news\/"}]}},"_links":{"self":[{"href":"https:\/\/mld-index.info\/ro\/wp-json\/wp\/v2\/posts\/18146","targetHints":{"allow":["GET"]}}],"collection":[{"href":"https:\/\/mld-index.info\/ro\/wp-json\/wp\/v2\/posts"}],"about":[{"href":"https:\/\/mld-index.info\/ro\/wp-json\/wp\/v2\/types\/post"}],"author":[{"embeddable":true,"href":"https:\/\/mld-index.info\/ro\/wp-json\/wp\/v2\/users\/1"}],"replies":[{"embeddable":true,"href":"https:\/\/mld-index.info\/ro\/wp-json\/wp\/v2\/comments?post=18146"}],"version-history":[{"count":1,"href":"https:\/\/mld-index.info\/ro\/wp-json\/wp\/v2\/posts\/18146\/revisions"}],"predecessor-version":[{"id":18147,"href":"https:\/\/mld-index.info\/ro\/wp-json\/wp\/v2\/posts\/18146\/revisions\/18147"}],"wp:featuredmedia":[{"embeddable":true,"href":"https:\/\/mld-index.info\/ro\/wp-json\/wp\/v2\/media\/18141"}],"wp:attachment":[{"href":"https:\/\/mld-index.info\/ro\/wp-json\/wp\/v2\/media?parent=18146"}],"wp:term":[{"taxonomy":"category","embeddable":true,"href":"https:\/\/mld-index.info\/ro\/wp-json\/wp\/v2\/categories?post=18146"},{"taxonomy":"post_tag","embeddable":true,"href":"https:\/\/mld-index.info\/ro\/wp-json\/wp\/v2\/tags?post=18146"}],"curies":[{"name":"wp","href":"https:\/\/api.w.org\/{rel}","templated":true}]}}