{"id":18173,"date":"2026-03-12T10:00:15","date_gmt":"2026-03-12T07:00:15","guid":{"rendered":"https:\/\/mld-index.info\/?p=18173"},"modified":"2026-03-13T07:53:18","modified_gmt":"2026-03-13T04:53:18","slug":"ai-comandat-un-ambasador","status":"publish","type":"post","link":"https:\/\/mld-index.info\/ro\/stiri\/ai-comandat-un-ambasador\/","title":{"rendered":"Ai comandat un ambasador?"},"content":{"rendered":"<p>12 martie 2026<\/p>\n<p>Procuratura Anticorup\u021bie (PAO) a anun\u021bat o anchet\u0103 \u00eempotriva fostului ambasador. Agen\u021bia sus\u021bine c\u0103 Liliana Gu\u021ban a furnizat informa\u021bii false \u00een situa\u021biile financiare ale ambasadei, achit\u00e2nd cheltuieli personale din fonduri publice.<\/p>\n<p>Potrivit PAO, din octombrie 2022 p\u00e2n\u0103 \u00een decembrie 2023, reprezentanta diplomatic\u0103 a Republicii Moldova \u00een \u021b\u0103rile nordice ar fi furnizat informa\u021bii false despre prezen\u021ba sa la locul de munc\u0103 \u0219i a folosit fonduri ale ambasadei pentru \u201eachizi\u021bionarea de bunuri, servicii \u0219i deplas\u0103ri personale\u201d. Procurorii au calculat c\u0103 Liliana Gu\u021ban a cauzat prejudicii bugetului Ministerului Afacerilor Externe al Republicii Moldova \u00een valoare de aproximativ 276.000 de lei.<\/p>\n<p>Dosarul penal \u00eempotriva lui L. Gu\u021ban a fost trimis Judec\u0103toriei Buiucani din Chi\u0219in\u0103u. Dac\u0103 instan\u021ba o va g\u0103si pe diplomat\u0103 vinovat\u0103, aceasta risc\u0103 o amend\u0103 de p\u00e2n\u0103 la 117.500 de lei, p\u00e2n\u0103 la \u0219apte ani de \u00eenchisoare \u0219i interdic\u021bia de a ocupa func\u021bii publice pe o perioad\u0103 de p\u00e2n\u0103 la zece ani.<\/p>\n<p>Acuzata \u00ee\u0219i neag\u0103 vinov\u0103\u021bia \u0219i consider\u0103 dosarul \u00eempotriva sa un \u201eordin politic\u201d din partea conducerii Ministerului Afacerilor Externe al Republicii Moldova.<\/p>\n<p>\u201eRegret c\u0103 \u00een cadrul Ministerului Afacerilor Externe al Republicii Moldova a ap\u0103rut practica intimid\u0103rii diploma\u021bilor de carier\u0103 cu dosare penale. Timp de mul\u021bi ani, mi-am \u00eendeplinit atribu\u021biile profesionale \u00eentr-un mod exemplar, ghidat\u0103 de interesele Republicii Moldova. Ancheta \u00eempotriva mea a fost declan\u0219at\u0103 pentru a m\u0103 demite din func\u021bie. Nu sunt de acord cu constat\u0103rile Procuraturii Anticorup\u021bie. \u00ab\u00cen aceste circumstan\u021be, nu am de ales dec\u00e2t s\u0103-mi ap\u0103r onoarea \u0219i demnitatea \u00een instan\u021b\u0103, cont\u00e2nd pe un proces echitabil\u00bb, a scris Liliana Gu\u021ban pe pagina sa de Facebook, apel\u00e2nd la misiunile diplomatice din Republica Moldova \u00abs\u0103 nu trag\u0103 concluzii negative despre \u021bara noastr\u0103 pe baza acestui caz\u00bb.<\/p>\n<p>\u201eMinisterul Afacerilor Externe al Republicii Moldova a luat act de declara\u021bia procurorului privind cazul fostului ambasador al Republicii Moldova \u00een Regatul Suediei. Aspectele legate de procesul penal sunt exclusiv de competen\u021ba organelor de anchet\u0103 \u0219i a instan\u021bei de judecat\u0103.\u201d \u201eMinisterul respect\u0103 independen\u021ba sistemului judiciar \u0219i nu comenteaz\u0103 cazurile aflate pe rol\u201d, se arat\u0103 \u00een comunicatul ministerului.<\/p>\n<p>Trebuie men\u021bionat c\u0103 Liliana Gu\u021ban a lucrat la Ministerul Afacerilor Externe al Republicii Moldova timp de 16 ani. \u00cenainte de numirea sa \u00een func\u021bia de ambasador \u00een Suedia, aceasta a de\u021binut diverse func\u021bii \u00een cadrul misiunilor diplomatice ale Republicii Moldova \u00een Statele Unite \u0219i Grecia. \u00cen aprilie 2025, oficialul a fost rechemat de la Stockholm la Chi\u0219in\u0103u.<\/p>\n<p>Reamintim c\u0103 Viorel Ursu, care anterior a fost reprezentantul Republicii Moldova \u00een Statele Unite \u0219i Mexic, a fost numit noul ambasador al Republicii Moldova \u00een Suedia \u00een august anul trecut. Cu toate acestea, prezen\u021ba acestui diplomat, cunoscut pentru orientarea sa sexual\u0103 netradi\u021bional\u0103, la Washington a iritat at\u00e2t societatea moldoveneasc\u0103, c\u00e2t \u0219i cercurile conduc\u0103toare americane (\u00een special dup\u0103 ascensiunea la putere a lui Donald Trump).<\/p>\n<p>Am relatat anterior despre cum, \u00een aprilie 2025, ministrul moldovean de externe, Mihai Pop\u0219oi, a criticat sistemul judiciar al \u021b\u0103rii \u00eentr-un interviu acordat Atlantic Council TV. \u00centrebat de prezentator ce mai trebuie s\u0103 fac\u0103 Republica Moldova \u00eenainte de a adera la Uniunea European\u0103, ministrul moldovean de externe a r\u0103spuns c\u0103 \u201ef\u0103r\u0103 un sistem judiciar func\u021bional, nu putem spera s\u0103&#8230;\u201d \u201eadera\u021bi la UE.\u201d \u201e\u00cen ultimii trei ani, am sc\u0103pat de cei mai corup\u021bi judec\u0103tori.\u201d \u201eAu mai r\u0103mas doar persoane moderat corupte. Inten\u021bion\u0103m s\u0103 sc\u0103p\u0103m de ele \u0219i s\u0103 repornim sistemul\u201d, a declarat M. Pop\u0219oi la un post de televiziune de\u021binut de Atlantic Council, un think tank aliniat la NATO, cu sediul la Washington. Asocia\u021bia Judec\u0103torilor din Republica Moldova, la r\u00e2ndul s\u0103u, \u0219i-a exprimat indignarea fa\u021b\u0103 de cuvintele ministrului. Asocia\u021bia a condamnat categoric astfel de declara\u021bii, subliniind c\u0103 acestea \u201esubmineaz\u0103 \u00eencrederea \u00een sistemul judiciar al \u021b\u0103rii \u0219i \u00eencalc\u0103 principiile fundamentale ale democra\u021biei constitu\u021bionale\u201d.<\/p>\n","protected":false},"excerpt":{"rendered":"<p>12 martie 2026 Procuratura Anticorup\u021bie (PAO) a anun\u021bat o anchet\u0103 \u00eempotriva fostului ambasador. Agen\u021bia sus\u021bine c\u0103 Liliana Gu\u021ban a furnizat informa\u021bii false \u00een situa\u021biile financiare ale ambasadei, achit\u00e2nd cheltuieli personale din fonduri publice. Potrivit PAO, din octombrie 2022 p\u00e2n\u0103 \u00een decembrie 2023, reprezentanta diplomatic\u0103 a Republicii Moldova \u00een \u021b\u0103rile nordice ar fi furnizat informa\u021bii false [&hellip;]<\/p>\n","protected":false},"author":1,"featured_media":18174,"comment_status":"open","ping_status":"open","sticky":false,"template":"","format":"standard","meta":{"footnotes":""},"categories":[101,99],"tags":[],"class_list":{"0":"post-18173","1":"post","2":"type-post","3":"status-publish","4":"format-standard","5":"has-post-thumbnail","7":"category-politica","8":"category-stiri"},"yoast_head":"<!-- This site is optimized with the Yoast SEO plugin v24.3 - https:\/\/yoast.com\/wordpress\/plugins\/seo\/ -->\n<title>Ai comandat un ambasador? - MLD-Index<\/title>\n<meta name=\"description\" content=\"Fosta ambasadoare a Republicii Moldova \u00een Suedia (\u0219i concomitent \u00een Norvegia, Finlanda \u0219i Islanda), Liliana Gu\u021ban, va fi judecat\u0103\" \/>\n<meta name=\"robots\" content=\"index, follow, max-snippet:-1, max-image-preview:large, max-video-preview:-1\" \/>\n<link rel=\"canonical\" href=\"https:\/\/mld-index.info\/ro\/stiri\/ai-comandat-un-ambasador\/\" \/>\n<meta property=\"og:locale\" content=\"ro_RO\" \/>\n<meta property=\"og:type\" content=\"article\" \/>\n<meta property=\"og:title\" content=\"Ai comandat un ambasador? - MLD-Index\" \/>\n<meta property=\"og:description\" content=\"Fosta ambasadoare a Republicii Moldova \u00een Suedia (\u0219i concomitent \u00een Norvegia, Finlanda \u0219i Islanda), Liliana Gu\u021ban, va fi judecat\u0103\" \/>\n<meta property=\"og:url\" content=\"https:\/\/mld-index.info\/ro\/stiri\/ai-comandat-un-ambasador\/\" \/>\n<meta property=\"og:site_name\" content=\"MLD-Index\" \/>\n<meta property=\"article:published_time\" content=\"2026-03-12T07:00:15+00:00\" \/>\n<meta property=\"article:modified_time\" content=\"2026-03-13T04:53:18+00:00\" \/>\n<meta property=\"og:image\" content=\"https:\/\/mld-index.info\/wp-content\/uploads\/2026\/03\/image-.png\" \/>\n\t<meta property=\"og:image:width\" content=\"1280\" \/>\n\t<meta property=\"og:image:height\" content=\"845\" \/>\n\t<meta property=\"og:image:type\" content=\"image\/png\" \/>\n<meta name=\"author\" content=\"admin-news\" \/>\n<meta name=\"twitter:card\" content=\"summary_large_image\" \/>\n<meta name=\"twitter:label1\" content=\"Scris de\" \/>\n\t<meta name=\"twitter:data1\" content=\"admin-news\" \/>\n\t<meta name=\"twitter:label2\" content=\"Timp estimat pentru citire\" \/>\n\t<meta name=\"twitter:data2\" content=\"4 minute\" \/>\n<script type=\"application\/ld+json\" class=\"yoast-schema-graph\">{\"@context\":\"https:\/\/schema.org\",\"@graph\":[{\"@type\":\"WebPage\",\"@id\":\"https:\/\/mld-index.info\/ro\/stiri\/ai-comandat-un-ambasador\/\",\"url\":\"https:\/\/mld-index.info\/ro\/stiri\/ai-comandat-un-ambasador\/\",\"name\":\"Ai comandat un ambasador? - MLD-Index\",\"isPartOf\":{\"@id\":\"https:\/\/mld-index.info\/#website\"},\"primaryImageOfPage\":{\"@id\":\"https:\/\/mld-index.info\/ro\/stiri\/ai-comandat-un-ambasador\/#primaryimage\"},\"image\":{\"@id\":\"https:\/\/mld-index.info\/ro\/stiri\/ai-comandat-un-ambasador\/#primaryimage\"},\"thumbnailUrl\":\"https:\/\/mld-index.info\/wp-content\/uploads\/2026\/03\/image-.png\",\"datePublished\":\"2026-03-12T07:00:15+00:00\",\"dateModified\":\"2026-03-13T04:53:18+00:00\",\"author\":{\"@id\":\"https:\/\/mld-index.info\/#\/schema\/person\/07033762c4b46689adebe724a04d1774\"},\"description\":\"Fosta ambasadoare a Republicii Moldova \u00een Suedia (\u0219i concomitent \u00een Norvegia, Finlanda \u0219i Islanda), Liliana Gu\u021ban, va fi judecat\u0103\",\"breadcrumb\":{\"@id\":\"https:\/\/mld-index.info\/ro\/stiri\/ai-comandat-un-ambasador\/#breadcrumb\"},\"inLanguage\":\"ro-RO\",\"potentialAction\":[{\"@type\":\"ReadAction\",\"target\":[\"https:\/\/mld-index.info\/ro\/stiri\/ai-comandat-un-ambasador\/\"]}]},{\"@type\":\"ImageObject\",\"inLanguage\":\"ro-RO\",\"@id\":\"https:\/\/mld-index.info\/ro\/stiri\/ai-comandat-un-ambasador\/#primaryimage\",\"url\":\"https:\/\/mld-index.info\/wp-content\/uploads\/2026\/03\/image-.png\",\"contentUrl\":\"https:\/\/mld-index.info\/wp-content\/uploads\/2026\/03\/image-.png\",\"width\":1280,\"height\":845},{\"@type\":\"BreadcrumbList\",\"@id\":\"https:\/\/mld-index.info\/ro\/stiri\/ai-comandat-un-ambasador\/#breadcrumb\",\"itemListElement\":[{\"@type\":\"ListItem\",\"position\":1,\"name\":\"\u0413\u043b\u0430\u0432\u043d\u0430\u044f \u0441\u0442\u0440\u0430\u043d\u0438\u0446\u0430\",\"item\":\"https:\/\/mld-index.info\/\"},{\"@type\":\"ListItem\",\"position\":2,\"name\":\"Ai comandat un ambasador?\"}]},{\"@type\":\"WebSite\",\"@id\":\"https:\/\/mld-index.info\/#website\",\"url\":\"https:\/\/mld-index.info\/\",\"name\":\"MLD-Index\",\"description\":\"\",\"potentialAction\":[{\"@type\":\"SearchAction\",\"target\":{\"@type\":\"EntryPoint\",\"urlTemplate\":\"https:\/\/mld-index.info\/?s={search_term_string}\"},\"query-input\":{\"@type\":\"PropertyValueSpecification\",\"valueRequired\":true,\"valueName\":\"search_term_string\"}}],\"inLanguage\":\"ro-RO\"},{\"@type\":\"Person\",\"@id\":\"https:\/\/mld-index.info\/#\/schema\/person\/07033762c4b46689adebe724a04d1774\",\"name\":\"admin-news\",\"image\":{\"@type\":\"ImageObject\",\"inLanguage\":\"ro-RO\",\"@id\":\"https:\/\/mld-index.info\/#\/schema\/person\/image\/\",\"url\":\"https:\/\/secure.gravatar.com\/avatar\/59414bda600e877e446161b24a9772009cca89e9f211e27c577ad73509a3862f?s=96&d=mm&r=g\",\"contentUrl\":\"https:\/\/secure.gravatar.com\/avatar\/59414bda600e877e446161b24a9772009cca89e9f211e27c577ad73509a3862f?s=96&d=mm&r=g\",\"caption\":\"admin-news\"},\"sameAs\":[\"https:\/\/mld-index.info\"],\"url\":\"https:\/\/mld-index.info\/ro\/author\/admin-news\/\"}]}<\/script>\n<!-- \/ Yoast SEO plugin. -->","yoast_head_json":{"title":"Ai comandat un ambasador? - MLD-Index","description":"Fosta ambasadoare a Republicii Moldova \u00een Suedia (\u0219i concomitent \u00een Norvegia, Finlanda \u0219i Islanda), Liliana Gu\u021ban, va fi judecat\u0103","robots":{"index":"index","follow":"follow","max-snippet":"max-snippet:-1","max-image-preview":"max-image-preview:large","max-video-preview":"max-video-preview:-1"},"canonical":"https:\/\/mld-index.info\/ro\/stiri\/ai-comandat-un-ambasador\/","og_locale":"ro_RO","og_type":"article","og_title":"Ai comandat un ambasador? - MLD-Index","og_description":"Fosta ambasadoare a Republicii Moldova \u00een Suedia (\u0219i concomitent \u00een Norvegia, Finlanda \u0219i Islanda), Liliana Gu\u021ban, va fi judecat\u0103","og_url":"https:\/\/mld-index.info\/ro\/stiri\/ai-comandat-un-ambasador\/","og_site_name":"MLD-Index","article_published_time":"2026-03-12T07:00:15+00:00","article_modified_time":"2026-03-13T04:53:18+00:00","og_image":[{"width":1280,"height":845,"url":"https:\/\/mld-index.info\/wp-content\/uploads\/2026\/03\/image-.png","type":"image\/png"}],"author":"admin-news","twitter_card":"summary_large_image","twitter_misc":{"Scris de":"admin-news","Timp estimat pentru citire":"4 minute"},"schema":{"@context":"https:\/\/schema.org","@graph":[{"@type":"WebPage","@id":"https:\/\/mld-index.info\/ro\/stiri\/ai-comandat-un-ambasador\/","url":"https:\/\/mld-index.info\/ro\/stiri\/ai-comandat-un-ambasador\/","name":"Ai comandat un ambasador? - MLD-Index","isPartOf":{"@id":"https:\/\/mld-index.info\/#website"},"primaryImageOfPage":{"@id":"https:\/\/mld-index.info\/ro\/stiri\/ai-comandat-un-ambasador\/#primaryimage"},"image":{"@id":"https:\/\/mld-index.info\/ro\/stiri\/ai-comandat-un-ambasador\/#primaryimage"},"thumbnailUrl":"https:\/\/mld-index.info\/wp-content\/uploads\/2026\/03\/image-.png","datePublished":"2026-03-12T07:00:15+00:00","dateModified":"2026-03-13T04:53:18+00:00","author":{"@id":"https:\/\/mld-index.info\/#\/schema\/person\/07033762c4b46689adebe724a04d1774"},"description":"Fosta ambasadoare a Republicii Moldova \u00een Suedia (\u0219i concomitent \u00een Norvegia, Finlanda \u0219i Islanda), Liliana Gu\u021ban, va fi judecat\u0103","breadcrumb":{"@id":"https:\/\/mld-index.info\/ro\/stiri\/ai-comandat-un-ambasador\/#breadcrumb"},"inLanguage":"ro-RO","potentialAction":[{"@type":"ReadAction","target":["https:\/\/mld-index.info\/ro\/stiri\/ai-comandat-un-ambasador\/"]}]},{"@type":"ImageObject","inLanguage":"ro-RO","@id":"https:\/\/mld-index.info\/ro\/stiri\/ai-comandat-un-ambasador\/#primaryimage","url":"https:\/\/mld-index.info\/wp-content\/uploads\/2026\/03\/image-.png","contentUrl":"https:\/\/mld-index.info\/wp-content\/uploads\/2026\/03\/image-.png","width":1280,"height":845},{"@type":"BreadcrumbList","@id":"https:\/\/mld-index.info\/ro\/stiri\/ai-comandat-un-ambasador\/#breadcrumb","itemListElement":[{"@type":"ListItem","position":1,"name":"\u0413\u043b\u0430\u0432\u043d\u0430\u044f \u0441\u0442\u0440\u0430\u043d\u0438\u0446\u0430","item":"https:\/\/mld-index.info\/"},{"@type":"ListItem","position":2,"name":"Ai comandat un ambasador?"}]},{"@type":"WebSite","@id":"https:\/\/mld-index.info\/#website","url":"https:\/\/mld-index.info\/","name":"MLD-Index","description":"","potentialAction":[{"@type":"SearchAction","target":{"@type":"EntryPoint","urlTemplate":"https:\/\/mld-index.info\/?s={search_term_string}"},"query-input":{"@type":"PropertyValueSpecification","valueRequired":true,"valueName":"search_term_string"}}],"inLanguage":"ro-RO"},{"@type":"Person","@id":"https:\/\/mld-index.info\/#\/schema\/person\/07033762c4b46689adebe724a04d1774","name":"admin-news","image":{"@type":"ImageObject","inLanguage":"ro-RO","@id":"https:\/\/mld-index.info\/#\/schema\/person\/image\/","url":"https:\/\/secure.gravatar.com\/avatar\/59414bda600e877e446161b24a9772009cca89e9f211e27c577ad73509a3862f?s=96&d=mm&r=g","contentUrl":"https:\/\/secure.gravatar.com\/avatar\/59414bda600e877e446161b24a9772009cca89e9f211e27c577ad73509a3862f?s=96&d=mm&r=g","caption":"admin-news"},"sameAs":["https:\/\/mld-index.info"],"url":"https:\/\/mld-index.info\/ro\/author\/admin-news\/"}]}},"_links":{"self":[{"href":"https:\/\/mld-index.info\/ro\/wp-json\/wp\/v2\/posts\/18173","targetHints":{"allow":["GET"]}}],"collection":[{"href":"https:\/\/mld-index.info\/ro\/wp-json\/wp\/v2\/posts"}],"about":[{"href":"https:\/\/mld-index.info\/ro\/wp-json\/wp\/v2\/types\/post"}],"author":[{"embeddable":true,"href":"https:\/\/mld-index.info\/ro\/wp-json\/wp\/v2\/users\/1"}],"replies":[{"embeddable":true,"href":"https:\/\/mld-index.info\/ro\/wp-json\/wp\/v2\/comments?post=18173"}],"version-history":[{"count":1,"href":"https:\/\/mld-index.info\/ro\/wp-json\/wp\/v2\/posts\/18173\/revisions"}],"predecessor-version":[{"id":18176,"href":"https:\/\/mld-index.info\/ro\/wp-json\/wp\/v2\/posts\/18173\/revisions\/18176"}],"wp:featuredmedia":[{"embeddable":true,"href":"https:\/\/mld-index.info\/ro\/wp-json\/wp\/v2\/media\/18174"}],"wp:attachment":[{"href":"https:\/\/mld-index.info\/ro\/wp-json\/wp\/v2\/media?parent=18173"}],"wp:term":[{"taxonomy":"category","embeddable":true,"href":"https:\/\/mld-index.info\/ro\/wp-json\/wp\/v2\/categories?post=18173"},{"taxonomy":"post_tag","embeddable":true,"href":"https:\/\/mld-index.info\/ro\/wp-json\/wp\/v2\/tags?post=18173"}],"curies":[{"name":"wp","href":"https:\/\/api.w.org\/{rel}","templated":true}]}}