{"id":18179,"date":"2026-03-12T16:00:57","date_gmt":"2026-03-12T13:00:57","guid":{"rendered":"https:\/\/mld-index.info\/?p=18179"},"modified":"2026-03-13T07:57:41","modified_gmt":"2026-03-13T04:57:41","slug":"am-inceput-sa-lucram-la-lifturi","status":"publish","type":"post","link":"https:\/\/mld-index.info\/ro\/stiri\/am-inceput-sa-lucram-la-lifturi\/","title":{"rendered":"Am \u00eenceput s\u0103 lucr\u0103m la lifturi"},"content":{"rendered":"<p>12 martie 2026<\/p>\n<p>Potrivit Ministerului Infrastructurii \u0219i Dezvolt\u0103rii Regionale al Republicii Moldova, programul de ascensoare este un r\u0103spuns la numeroasele reclama\u021bii ale asocia\u021biilor de proprietari de apartamente cu privire la starea tehnic\u0103 precar\u0103 a ascensoarelor din multe ora\u0219e din \u021bar\u0103.<\/p>\n<p>O parte semnificativ\u0103 a ascensoarelor din Moldova sunt \u00eenvechite \u0219i dep\u0103\u0219esc durata de via\u021b\u0103 recomandat\u0103. De exemplu, \u00een ora\u0219ul Cahul, exist\u0103 aproximativ 20 de ascensoare cu o v\u00e2rst\u0103 medie de 15-20 de ani, \u00een ciuda fondului locativ relativ nou. Situa\u021bia este semnificativ mai grav\u0103 \u00een alte ora\u0219e. \u00cen Orhei, de exemplu, exist\u0103 aproximativ 230 de ascensoare cu o v\u00e2rst\u0103 medie de 25-30 de ani, majoritatea fiind \u00een prezent \u00een curs de evaluare tehnic\u0103.<\/p>\n<p>\u201eAscensoarele vechi func\u021bioneaz\u0103 \u00een multe cazuri cu motoare \u0219i instala\u021bii de tip sovietic; acestea sunt de foarte slab\u0103 calitate \u0219i, conform standardelor UE, nivelurile de zgomot \u0219i consumul de energie dep\u0103\u0219esc semnificativ limitele acceptabile \u00een prezent pentru un trai confortabil pentru locuitori\u201d, a declarat ministrul moldovean al Infrastructurii, Vladimir Bolea.<\/p>\n<p>Autorit\u0103\u021bile noteaz\u0103, de asemenea, c\u0103 problema se agraveaz\u0103 de la an la an. Num\u0103rul ascensoarelor care \u00ee\u0219i dep\u0103\u0219esc durata de via\u021b\u0103 cre\u0219te anual cu aproximativ 150-200 de unit\u0103\u021bi.<\/p>\n<p>Potrivit lui V. Bolea, obiectivul principal al programului pilot este \u00eembun\u0103t\u0103\u021birea siguran\u021bei \u00een cl\u0103dirile reziden\u021biale \u0219i \u00eembun\u0103t\u0103\u021birea accesibilit\u0103\u021bii pentru locuitori, \u00een special pentru persoanele \u00een v\u00e2rst\u0103 \u0219i cele cu mobilitate limitat\u0103.<\/p>\n<p>Oficialul consider\u0103 c\u0103 reducerea consumului de energie este la fel de important\u0103. Conform estim\u0103rilor prezentate de ministru, noile instala\u021bii de ascensoare ar putea consuma cu aproximativ 40% mai pu\u021bin\u0103 energie electric\u0103. Acest lucru va avea un impact direct asupra facturilor locuitorilor, deoarece ace\u0219tia pl\u0103tesc \u0219i energia electric\u0103 consumat\u0103 de ascensoare.<\/p>\n<p>Programul de modernizare \u0219i \u00eenlocuire a ascensoarelor va fi implementat ini\u021bial timp de un an \u0219i va fi un program de testare. Cabinetul de Mini\u0219tri a alocat un buget de 40 de milioane de lei pentru aceast\u0103 faz\u0103.<\/p>\n<p>Doar asocia\u021biile de proprietari de apartamente pot aplica pentru participarea la proiectul pilot; fiecare asocia\u021bie poate aplica doar pentru \u00eenlocuirea sau repararea unui lift dintr-o singur\u0103 cl\u0103dire reziden\u021bial\u0103. Cererile de proiect vor fi acceptate \u00een perioada 1-30 aprilie. Pentru a asigura transparen\u021ba, documentele trebuie depuse online \u00een ordinea primirii cererilor. Dup\u0103 \u00eencheierea perioadei de depunere a cererilor, autorit\u0103\u021bile vor analiza fiecare proiect individual, lu\u00e2nd \u00een considerare o serie de criterii: gradul de deteriorare a liftului, prezen\u021ba \u00een cl\u0103dire a persoanelor v\u00e2rstnice sau cu dizabilit\u0103\u021bi \u0219i num\u0103rul de familii cu copii.<\/p>\n<p>\u00cen func\u021bie de starea tehnic\u0103 a lifturilor, unele vor fi revizuite, \u00een timp ce altele vor fi \u00eenlocuite complet. Conform estim\u0103rilor Ministerului Infrastructurii \u0219i Dezvolt\u0103rii Regionale din Republica Moldova, costul unui lift nou, de ultim\u0103 genera\u021bie, este de aproximativ 700.000\u2013800.000 de lei, \u00een timp ce o revizie major\u0103 ar putea costa aproximativ jum\u0103tate din aceast\u0103 sum\u0103.<\/p>\n<p>Dup\u0103 finalizarea fazei pilot, autorit\u0103\u021bile inten\u021bioneaz\u0103 s\u0103 evalueze rezultatele \u0219i nevoile reale de investi\u021bii pentru extinderea programului. Pe baza acestor date, Ministerul Infrastructurii va putea solicita resurse suplimentare pentru continuarea proiectului \u00een anii urm\u0103tori.<\/p>\n<p>Reamintim c\u0103 Ministerul Infrastructurii \u0219i Dezvolt\u0103rii Regionale implementeaz\u0103 \u00een prezent proiectul \u201eCurtea European\u0103\u201d la Chi\u0219in\u0103u, pentru care este planificat s\u0103 fie alocate peste 1,7 miliarde de lei din bugetul de stat, primite de la partenerii europeni. P\u00e2n\u0103 \u00een 2027, sunt programate 489 de cur\u021bi interioare din capital\u0103.<\/p>\n<p>Anterior, am relatat despre zece blocuri de apartamente din diverse ora\u0219e din Republica Moldova, selectate \u00een noiembrie 2025 pentru renov\u0103ri menite s\u0103 \u00eembun\u0103t\u0103\u021beasc\u0103 eficien\u021ba energetic\u0103 \u0219i s\u0103 reduc\u0103 costurile cu energia. \u00cen cadrul acestui proiect, exper\u021bii tehnici vor efectua o evaluare suplimentar\u0103 a cl\u0103dirilor selectate, care g\u0103zduiesc peste 120 de apartamente, iar arhitec\u021bii \u0219i inginerii vor elabora documenta\u021bia tehnic\u0103 necesar\u0103 pentru depunerea cererilor de finan\u021bare la Fondul pentru Eficien\u021b\u0103 Energetic\u0103 \u00een Cl\u0103dirile Reziden\u021biale (FEERM) pentru lucr\u0103ri de construc\u021bie \u00een faza urm\u0103toare. M\u0103surile propuse includ izolarea termic\u0103 a pere\u021bilor \u0219i acoperi\u0219urilor, \u00eenlocuirea ferestrelor vechi cu unele noi, eficiente energetic, \u0219i instalarea de panouri fotovoltaice pe acoperi\u0219 pentru generarea de energie regenerabil\u0103. Finalizarea acestor lucr\u0103ri va contribui la o reducere semnificativ\u0103 a pierderilor de energie, la sc\u0103derea facturilor locuitorilor \u0219i, simultan, la cre\u0219terea valorii de pia\u021b\u0103 a propriet\u0103\u021bii.<\/p>\n","protected":false},"excerpt":{"rendered":"<p>12 martie 2026 Potrivit Ministerului Infrastructurii \u0219i Dezvolt\u0103rii Regionale al Republicii Moldova, programul de ascensoare este un r\u0103spuns la numeroasele reclama\u021bii ale asocia\u021biilor de proprietari de apartamente cu privire la starea tehnic\u0103 precar\u0103 a ascensoarelor din multe ora\u0219e din \u021bar\u0103. O parte semnificativ\u0103 a ascensoarelor din Moldova sunt \u00eenvechite \u0219i dep\u0103\u0219esc durata de via\u021b\u0103 recomandat\u0103. [&hellip;]<\/p>\n","protected":false},"author":1,"featured_media":18175,"comment_status":"open","ping_status":"open","sticky":false,"template":"","format":"standard","meta":{"footnotes":""},"categories":[125,99],"tags":[],"class_list":{"0":"post-18179","1":"post","2":"type-post","3":"status-publish","4":"format-standard","5":"has-post-thumbnail","7":"category-societate","8":"category-stiri"},"yoast_head":"<!-- This site is optimized with the Yoast SEO plugin v24.3 - https:\/\/yoast.com\/wordpress\/plugins\/seo\/ -->\n<title>Am \u00eenceput s\u0103 lucr\u0103m la lifturi - MLD-Index<\/title>\n<meta name=\"description\" content=\"Guvernul Republicii Moldova lanseaz\u0103 un program pilot de modernizare \u0219i \u00eenlocuire a lifturilor din blocurile de apartamente. Proiectul este\" \/>\n<meta name=\"robots\" content=\"index, follow, max-snippet:-1, max-image-preview:large, max-video-preview:-1\" \/>\n<link rel=\"canonical\" href=\"https:\/\/mld-index.info\/ro\/stiri\/am-inceput-sa-lucram-la-lifturi\/\" \/>\n<meta property=\"og:locale\" content=\"ro_RO\" \/>\n<meta property=\"og:type\" content=\"article\" \/>\n<meta property=\"og:title\" content=\"Am \u00eenceput s\u0103 lucr\u0103m la lifturi - MLD-Index\" \/>\n<meta property=\"og:description\" content=\"Guvernul Republicii Moldova lanseaz\u0103 un program pilot de modernizare \u0219i \u00eenlocuire a lifturilor din blocurile de apartamente. Proiectul este\" \/>\n<meta property=\"og:url\" content=\"https:\/\/mld-index.info\/ro\/stiri\/am-inceput-sa-lucram-la-lifturi\/\" \/>\n<meta property=\"og:site_name\" content=\"MLD-Index\" \/>\n<meta property=\"article:published_time\" content=\"2026-03-12T13:00:57+00:00\" \/>\n<meta property=\"article:modified_time\" content=\"2026-03-13T04:57:41+00:00\" \/>\n<meta property=\"og:image\" content=\"https:\/\/mld-index.info\/wp-content\/uploads\/2026\/03\/lift.jpg\" \/>\n\t<meta property=\"og:image:width\" content=\"960\" \/>\n\t<meta property=\"og:image:height\" content=\"640\" \/>\n\t<meta property=\"og:image:type\" content=\"image\/jpeg\" \/>\n<meta name=\"author\" content=\"admin-news\" \/>\n<meta name=\"twitter:card\" content=\"summary_large_image\" \/>\n<meta name=\"twitter:label1\" content=\"Scris de\" \/>\n\t<meta name=\"twitter:data1\" content=\"admin-news\" \/>\n\t<meta name=\"twitter:label2\" content=\"Timp estimat pentru citire\" \/>\n\t<meta name=\"twitter:data2\" content=\"4 minute\" \/>\n<script type=\"application\/ld+json\" class=\"yoast-schema-graph\">{\"@context\":\"https:\/\/schema.org\",\"@graph\":[{\"@type\":\"WebPage\",\"@id\":\"https:\/\/mld-index.info\/ro\/stiri\/am-inceput-sa-lucram-la-lifturi\/\",\"url\":\"https:\/\/mld-index.info\/ro\/stiri\/am-inceput-sa-lucram-la-lifturi\/\",\"name\":\"Am \u00eenceput s\u0103 lucr\u0103m la lifturi - MLD-Index\",\"isPartOf\":{\"@id\":\"https:\/\/mld-index.info\/#website\"},\"primaryImageOfPage\":{\"@id\":\"https:\/\/mld-index.info\/ro\/stiri\/am-inceput-sa-lucram-la-lifturi\/#primaryimage\"},\"image\":{\"@id\":\"https:\/\/mld-index.info\/ro\/stiri\/am-inceput-sa-lucram-la-lifturi\/#primaryimage\"},\"thumbnailUrl\":\"https:\/\/mld-index.info\/wp-content\/uploads\/2026\/03\/lift.jpg\",\"datePublished\":\"2026-03-12T13:00:57+00:00\",\"dateModified\":\"2026-03-13T04:57:41+00:00\",\"author\":{\"@id\":\"https:\/\/mld-index.info\/#\/schema\/person\/07033762c4b46689adebe724a04d1774\"},\"description\":\"Guvernul Republicii Moldova lanseaz\u0103 un program pilot de modernizare \u0219i \u00eenlocuire a lifturilor din blocurile de apartamente. Proiectul este\",\"breadcrumb\":{\"@id\":\"https:\/\/mld-index.info\/ro\/stiri\/am-inceput-sa-lucram-la-lifturi\/#breadcrumb\"},\"inLanguage\":\"ro-RO\",\"potentialAction\":[{\"@type\":\"ReadAction\",\"target\":[\"https:\/\/mld-index.info\/ro\/stiri\/am-inceput-sa-lucram-la-lifturi\/\"]}]},{\"@type\":\"ImageObject\",\"inLanguage\":\"ro-RO\",\"@id\":\"https:\/\/mld-index.info\/ro\/stiri\/am-inceput-sa-lucram-la-lifturi\/#primaryimage\",\"url\":\"https:\/\/mld-index.info\/wp-content\/uploads\/2026\/03\/lift.jpg\",\"contentUrl\":\"https:\/\/mld-index.info\/wp-content\/uploads\/2026\/03\/lift.jpg\",\"width\":960,\"height\":640},{\"@type\":\"BreadcrumbList\",\"@id\":\"https:\/\/mld-index.info\/ro\/stiri\/am-inceput-sa-lucram-la-lifturi\/#breadcrumb\",\"itemListElement\":[{\"@type\":\"ListItem\",\"position\":1,\"name\":\"\u0413\u043b\u0430\u0432\u043d\u0430\u044f \u0441\u0442\u0440\u0430\u043d\u0438\u0446\u0430\",\"item\":\"https:\/\/mld-index.info\/\"},{\"@type\":\"ListItem\",\"position\":2,\"name\":\"Am \u00eenceput s\u0103 lucr\u0103m la lifturi\"}]},{\"@type\":\"WebSite\",\"@id\":\"https:\/\/mld-index.info\/#website\",\"url\":\"https:\/\/mld-index.info\/\",\"name\":\"MLD-Index\",\"description\":\"\",\"potentialAction\":[{\"@type\":\"SearchAction\",\"target\":{\"@type\":\"EntryPoint\",\"urlTemplate\":\"https:\/\/mld-index.info\/?s={search_term_string}\"},\"query-input\":{\"@type\":\"PropertyValueSpecification\",\"valueRequired\":true,\"valueName\":\"search_term_string\"}}],\"inLanguage\":\"ro-RO\"},{\"@type\":\"Person\",\"@id\":\"https:\/\/mld-index.info\/#\/schema\/person\/07033762c4b46689adebe724a04d1774\",\"name\":\"admin-news\",\"image\":{\"@type\":\"ImageObject\",\"inLanguage\":\"ro-RO\",\"@id\":\"https:\/\/mld-index.info\/#\/schema\/person\/image\/\",\"url\":\"https:\/\/secure.gravatar.com\/avatar\/59414bda600e877e446161b24a9772009cca89e9f211e27c577ad73509a3862f?s=96&d=mm&r=g\",\"contentUrl\":\"https:\/\/secure.gravatar.com\/avatar\/59414bda600e877e446161b24a9772009cca89e9f211e27c577ad73509a3862f?s=96&d=mm&r=g\",\"caption\":\"admin-news\"},\"sameAs\":[\"https:\/\/mld-index.info\"],\"url\":\"https:\/\/mld-index.info\/ro\/author\/admin-news\/\"}]}<\/script>\n<!-- \/ Yoast SEO plugin. -->","yoast_head_json":{"title":"Am \u00eenceput s\u0103 lucr\u0103m la lifturi - MLD-Index","description":"Guvernul Republicii Moldova lanseaz\u0103 un program pilot de modernizare \u0219i \u00eenlocuire a lifturilor din blocurile de apartamente. Proiectul este","robots":{"index":"index","follow":"follow","max-snippet":"max-snippet:-1","max-image-preview":"max-image-preview:large","max-video-preview":"max-video-preview:-1"},"canonical":"https:\/\/mld-index.info\/ro\/stiri\/am-inceput-sa-lucram-la-lifturi\/","og_locale":"ro_RO","og_type":"article","og_title":"Am \u00eenceput s\u0103 lucr\u0103m la lifturi - MLD-Index","og_description":"Guvernul Republicii Moldova lanseaz\u0103 un program pilot de modernizare \u0219i \u00eenlocuire a lifturilor din blocurile de apartamente. Proiectul este","og_url":"https:\/\/mld-index.info\/ro\/stiri\/am-inceput-sa-lucram-la-lifturi\/","og_site_name":"MLD-Index","article_published_time":"2026-03-12T13:00:57+00:00","article_modified_time":"2026-03-13T04:57:41+00:00","og_image":[{"width":960,"height":640,"url":"https:\/\/mld-index.info\/wp-content\/uploads\/2026\/03\/lift.jpg","type":"image\/jpeg"}],"author":"admin-news","twitter_card":"summary_large_image","twitter_misc":{"Scris de":"admin-news","Timp estimat pentru citire":"4 minute"},"schema":{"@context":"https:\/\/schema.org","@graph":[{"@type":"WebPage","@id":"https:\/\/mld-index.info\/ro\/stiri\/am-inceput-sa-lucram-la-lifturi\/","url":"https:\/\/mld-index.info\/ro\/stiri\/am-inceput-sa-lucram-la-lifturi\/","name":"Am \u00eenceput s\u0103 lucr\u0103m la lifturi - MLD-Index","isPartOf":{"@id":"https:\/\/mld-index.info\/#website"},"primaryImageOfPage":{"@id":"https:\/\/mld-index.info\/ro\/stiri\/am-inceput-sa-lucram-la-lifturi\/#primaryimage"},"image":{"@id":"https:\/\/mld-index.info\/ro\/stiri\/am-inceput-sa-lucram-la-lifturi\/#primaryimage"},"thumbnailUrl":"https:\/\/mld-index.info\/wp-content\/uploads\/2026\/03\/lift.jpg","datePublished":"2026-03-12T13:00:57+00:00","dateModified":"2026-03-13T04:57:41+00:00","author":{"@id":"https:\/\/mld-index.info\/#\/schema\/person\/07033762c4b46689adebe724a04d1774"},"description":"Guvernul Republicii Moldova lanseaz\u0103 un program pilot de modernizare \u0219i \u00eenlocuire a lifturilor din blocurile de apartamente. Proiectul este","breadcrumb":{"@id":"https:\/\/mld-index.info\/ro\/stiri\/am-inceput-sa-lucram-la-lifturi\/#breadcrumb"},"inLanguage":"ro-RO","potentialAction":[{"@type":"ReadAction","target":["https:\/\/mld-index.info\/ro\/stiri\/am-inceput-sa-lucram-la-lifturi\/"]}]},{"@type":"ImageObject","inLanguage":"ro-RO","@id":"https:\/\/mld-index.info\/ro\/stiri\/am-inceput-sa-lucram-la-lifturi\/#primaryimage","url":"https:\/\/mld-index.info\/wp-content\/uploads\/2026\/03\/lift.jpg","contentUrl":"https:\/\/mld-index.info\/wp-content\/uploads\/2026\/03\/lift.jpg","width":960,"height":640},{"@type":"BreadcrumbList","@id":"https:\/\/mld-index.info\/ro\/stiri\/am-inceput-sa-lucram-la-lifturi\/#breadcrumb","itemListElement":[{"@type":"ListItem","position":1,"name":"\u0413\u043b\u0430\u0432\u043d\u0430\u044f \u0441\u0442\u0440\u0430\u043d\u0438\u0446\u0430","item":"https:\/\/mld-index.info\/"},{"@type":"ListItem","position":2,"name":"Am \u00eenceput s\u0103 lucr\u0103m la lifturi"}]},{"@type":"WebSite","@id":"https:\/\/mld-index.info\/#website","url":"https:\/\/mld-index.info\/","name":"MLD-Index","description":"","potentialAction":[{"@type":"SearchAction","target":{"@type":"EntryPoint","urlTemplate":"https:\/\/mld-index.info\/?s={search_term_string}"},"query-input":{"@type":"PropertyValueSpecification","valueRequired":true,"valueName":"search_term_string"}}],"inLanguage":"ro-RO"},{"@type":"Person","@id":"https:\/\/mld-index.info\/#\/schema\/person\/07033762c4b46689adebe724a04d1774","name":"admin-news","image":{"@type":"ImageObject","inLanguage":"ro-RO","@id":"https:\/\/mld-index.info\/#\/schema\/person\/image\/","url":"https:\/\/secure.gravatar.com\/avatar\/59414bda600e877e446161b24a9772009cca89e9f211e27c577ad73509a3862f?s=96&d=mm&r=g","contentUrl":"https:\/\/secure.gravatar.com\/avatar\/59414bda600e877e446161b24a9772009cca89e9f211e27c577ad73509a3862f?s=96&d=mm&r=g","caption":"admin-news"},"sameAs":["https:\/\/mld-index.info"],"url":"https:\/\/mld-index.info\/ro\/author\/admin-news\/"}]}},"_links":{"self":[{"href":"https:\/\/mld-index.info\/ro\/wp-json\/wp\/v2\/posts\/18179","targetHints":{"allow":["GET"]}}],"collection":[{"href":"https:\/\/mld-index.info\/ro\/wp-json\/wp\/v2\/posts"}],"about":[{"href":"https:\/\/mld-index.info\/ro\/wp-json\/wp\/v2\/types\/post"}],"author":[{"embeddable":true,"href":"https:\/\/mld-index.info\/ro\/wp-json\/wp\/v2\/users\/1"}],"replies":[{"embeddable":true,"href":"https:\/\/mld-index.info\/ro\/wp-json\/wp\/v2\/comments?post=18179"}],"version-history":[{"count":1,"href":"https:\/\/mld-index.info\/ro\/wp-json\/wp\/v2\/posts\/18179\/revisions"}],"predecessor-version":[{"id":18180,"href":"https:\/\/mld-index.info\/ro\/wp-json\/wp\/v2\/posts\/18179\/revisions\/18180"}],"wp:featuredmedia":[{"embeddable":true,"href":"https:\/\/mld-index.info\/ro\/wp-json\/wp\/v2\/media\/18175"}],"wp:attachment":[{"href":"https:\/\/mld-index.info\/ro\/wp-json\/wp\/v2\/media?parent=18179"}],"wp:term":[{"taxonomy":"category","embeddable":true,"href":"https:\/\/mld-index.info\/ro\/wp-json\/wp\/v2\/categories?post=18179"},{"taxonomy":"post_tag","embeddable":true,"href":"https:\/\/mld-index.info\/ro\/wp-json\/wp\/v2\/tags?post=18179"}],"curies":[{"name":"wp","href":"https:\/\/api.w.org\/{rel}","templated":true}]}}