{"id":18183,"date":"2026-03-13T10:00:36","date_gmt":"2026-03-13T07:00:36","guid":{"rendered":"https:\/\/mld-index.info\/?p=18183"},"modified":"2026-03-13T08:02:55","modified_gmt":"2026-03-13T05:02:55","slug":"moldova-fara-raioane","status":"publish","type":"post","link":"https:\/\/mld-index.info\/ro\/stiri\/moldova-fara-raioane\/","title":{"rendered":"Moldova f\u0103r\u0103 raioane"},"content":{"rendered":"<p>13 martie 2026<\/p>\n<p>Liderul grupului de reform\u0103 este Vasile Tofan, partener senior la fondul de investi\u021bii private Horizon Capital. Ini\u021biativa lor prevede crearea a 40 de municipalit\u0103\u021bi \u00een Moldova \u0219i desfiin\u021barea raioanelor.<\/p>\n<p>Autorii documentului consider\u0103 c\u0103 guvernul moldovean \u201ed\u0103 dovad\u0103 de curaj\u201d \u00een \u00eencercarea de a reforma sistemul administrativ al \u021b\u0103rii, dar abordarea autorit\u0103\u021bilor este \u201eprea precaut\u0103\u201d.<\/p>\n<p>\u201eReducerea num\u0103rului de prim\u0103rii de la 900 la aproximativ 300 \u0219i a raioanelor de la 32 la zece este un pas \u00eenainte. Dar este prea mic pentru problema pe care \u00eencerc\u0103m s\u0103 o rezolv\u0103m. O nou\u0103 reform\u0103 va fi inevitabil necesar\u0103 \u00een zece ani\u201d, sus\u021bin economi\u0219tii.<\/p>\n<p>Ace\u0219tia propun o reform\u0103 a administra\u021biei locale dup\u0103 modelul statelor baltice. Ei consider\u0103 c\u0103 num\u0103rul de unit\u0103\u021bi administrative (municipii) ar trebui redus la 40. Acest lucru ar cre\u0219te num\u0103rul mediu de locuitori per prim\u0103rie la 65.000 \u0219i ar oferi cet\u0103\u021benilor \u201eservicii mai bune \u0219i un sistem de guvernare durabil\u201d.<\/p>\n<p>Inovatorii propun, de asemenea, eliminarea celui de-al doilea nivel al administra\u021biei locale &#8211; districtele. \u201eO \u021bar\u0103 mic\u0103 \u0219i compact\u0103 precum Moldova nu are nevoie de niveluri administrative cu valoare practic\u0103 redus\u0103. Serviciile ar trebui distribuite \u00eentre prim\u0103rii \u0219i guvernul central, a\u0219a cum se \u00eent\u00e2mpl\u0103 \u00een statele baltice sau \u00een Irlanda\u201d, au declarat autorii documentului.<\/p>\n<p>Dar, cel mai important, proiectul de reform\u0103 administrativ\u0103 prevede o descentralizare fiscal\u0103 real\u0103. \u201e50% din profiturile persoanelor juridice \u0219i 2 puncte procentuale din TVA ar trebui s\u0103 r\u0103m\u00e2n\u0103 \u00een bugetele locale, stimul\u00e2nd administra\u021biile locale s\u0103 atrag\u0103 locuitori \u0219i \u00eentreprinderi \u0219i s\u0103 ofere servicii de calitate superioar\u0103\u201d, se arat\u0103 \u00een document.<\/p>\n<p>Reamintim c\u0103, la 15 martie 2025, Guvernul Republicii Moldova a aprobat Strategia de Reform\u0103 a Administra\u021biei Publice, care propune dou\u0103 op\u021biuni pentru o \u00eemp\u0103r\u021bire teritorial\u0103 diferit\u0103 a Moldovei &#8211; \u00eemp\u0103r\u021birea \u00een cinci regiuni sau zece districte. \u00cen ianuarie 2026, secretarul general al Guvernului Republicii Moldova, Alexei Buzu, a anun\u021bat c\u0103 Cabinetul de Mini\u0219tri lanseaz\u0103 oficial reforma administrativ-teritorial\u0103. Potrivit oficialului, procesul se va desf\u0103\u0219ura \u00een patru etape, prima dintre acestea fiind consult\u0103ri publice. Au fost invita\u021bi s\u0103 participe primari, reprezentan\u021bi ai autorit\u0103\u021bilor raionale \u0219i locale, exper\u021bi, societatea civil\u0103 \u0219i to\u021bi locuitorii interesa\u021bi ai \u021b\u0103rii.<\/p>\n<p>\u00cen prezent, Republica Moldova este \u00eemp\u0103r\u021bit\u0103 \u00een 35 de unit\u0103\u021bi teritoriale: 32 de raioane, dou\u0103 municipii cu statut special (Chi\u0219in\u0103u \u0219i B\u0103l\u021bi) \u0219i Unitatea Teritorial\u0103 Autonom\u0103 G\u0103g\u0103uzia.<\/p>\n<p>Am relatat anterior despre proiectul \u201eEuropa 2028\u201d, lansat \u00een septembrie anul trecut de 28 de antreprenori \u0219i economi\u0219ti moldoveni, condu\u0219i de Vasile Tofan. Pentru a-\u0219i atinge obiectivele, ini\u021biatorii au semnat un Manifest, care include 12 pa\u0219i c\u0103tre \u00eembun\u0103t\u0103\u021birea economiei moldovene\u0219ti. Potrivit autorilor proiectului \u201eEuropa 2028\u201d, \u201eurm\u00e2nd pa\u0219i simpli \u0219i eficien\u021bi deja \u00eencerca\u021bi de alte \u021b\u0103ri mici, precum Estonia, Irlanda, Singapore \u0219i Noua Zeeland\u0103, Republica Moldova poate realiza un salt economic\u201d.<\/p>\n","protected":false},"excerpt":{"rendered":"<p>13 martie 2026 Liderul grupului de reform\u0103 este Vasile Tofan, partener senior la fondul de investi\u021bii private Horizon Capital. Ini\u021biativa lor prevede crearea a 40 de municipalit\u0103\u021bi \u00een Moldova \u0219i desfiin\u021barea raioanelor. Autorii documentului consider\u0103 c\u0103 guvernul moldovean \u201ed\u0103 dovad\u0103 de curaj\u201d \u00een \u00eencercarea de a reforma sistemul administrativ al \u021b\u0103rii, dar abordarea autorit\u0103\u021bilor este [&hellip;]<\/p>\n","protected":false},"author":1,"featured_media":18184,"comment_status":"open","ping_status":"open","sticky":false,"template":"","format":"standard","meta":{"footnotes":""},"categories":[101,99],"tags":[],"class_list":{"0":"post-18183","1":"post","2":"type-post","3":"status-publish","4":"format-standard","5":"has-post-thumbnail","7":"category-politica","8":"category-stiri"},"yoast_head":"<!-- This site is optimized with the Yoast SEO plugin v24.3 - https:\/\/yoast.com\/wordpress\/plugins\/seo\/ -->\n<title>Moldova f\u0103r\u0103 raioane - MLD-Index<\/title>\n<meta name=\"description\" content=\"Un grup de 28 de economi\u0219ti moldoveni \u0219i-a prezentat propunerea de reform\u0103 administrativ-teritorial\u0103 \u00een Republica Moldova. Scopul principal\" \/>\n<meta name=\"robots\" content=\"index, follow, max-snippet:-1, max-image-preview:large, max-video-preview:-1\" \/>\n<link rel=\"canonical\" href=\"https:\/\/mld-index.info\/?p=18187\" \/>\n<meta property=\"og:locale\" content=\"ro_RO\" \/>\n<meta property=\"og:type\" content=\"article\" \/>\n<meta property=\"og:title\" content=\"Moldova f\u0103r\u0103 raioane - MLD-Index\" \/>\n<meta property=\"og:description\" content=\"Un grup de 28 de economi\u0219ti moldoveni \u0219i-a prezentat propunerea de reform\u0103 administrativ-teritorial\u0103 \u00een Republica Moldova. Scopul principal\" \/>\n<meta property=\"og:url\" content=\"https:\/\/mld-index.info\/?p=18187\" \/>\n<meta property=\"og:site_name\" content=\"MLD-Index\" \/>\n<meta property=\"article:published_time\" content=\"2026-03-13T07:00:36+00:00\" \/>\n<meta property=\"article:modified_time\" content=\"2026-03-13T05:02:55+00:00\" \/>\n<meta property=\"og:image\" content=\"https:\/\/mld-index.info\/wp-content\/uploads\/2026\/03\/870-6411d73e20be9_\u043e\u043a\u0440\u0443\u0433\u0430.jpg\" \/>\n\t<meta property=\"og:image:width\" content=\"870\" \/>\n\t<meta property=\"og:image:height\" content=\"580\" \/>\n\t<meta property=\"og:image:type\" content=\"image\/jpeg\" \/>\n<meta name=\"author\" content=\"admin-news\" \/>\n<meta name=\"twitter:card\" content=\"summary_large_image\" \/>\n<meta name=\"twitter:label1\" content=\"Scris de\" \/>\n\t<meta name=\"twitter:data1\" content=\"admin-news\" \/>\n\t<meta name=\"twitter:label2\" content=\"Timp estimat pentru citire\" \/>\n\t<meta name=\"twitter:data2\" content=\"3 minute\" \/>\n<script type=\"application\/ld+json\" class=\"yoast-schema-graph\">{\"@context\":\"https:\/\/schema.org\",\"@graph\":[{\"@type\":\"WebPage\",\"@id\":\"https:\/\/mld-index.info\/?p=18187\",\"url\":\"https:\/\/mld-index.info\/?p=18187\",\"name\":\"Moldova f\u0103r\u0103 raioane - MLD-Index\",\"isPartOf\":{\"@id\":\"https:\/\/mld-index.info\/#website\"},\"primaryImageOfPage\":{\"@id\":\"https:\/\/mld-index.info\/?p=18187#primaryimage\"},\"image\":{\"@id\":\"https:\/\/mld-index.info\/?p=18187#primaryimage\"},\"thumbnailUrl\":\"https:\/\/mld-index.info\/wp-content\/uploads\/2026\/03\/870-6411d73e20be9_\u043e\u043a\u0440\u0443\u0433\u0430.jpg\",\"datePublished\":\"2026-03-13T07:00:36+00:00\",\"dateModified\":\"2026-03-13T05:02:55+00:00\",\"author\":{\"@id\":\"https:\/\/mld-index.info\/#\/schema\/person\/07033762c4b46689adebe724a04d1774\"},\"description\":\"Un grup de 28 de economi\u0219ti moldoveni \u0219i-a prezentat propunerea de reform\u0103 administrativ-teritorial\u0103 \u00een Republica Moldova. Scopul principal\",\"breadcrumb\":{\"@id\":\"https:\/\/mld-index.info\/?p=18187#breadcrumb\"},\"inLanguage\":\"ro-RO\",\"potentialAction\":[{\"@type\":\"ReadAction\",\"target\":[\"https:\/\/mld-index.info\/?p=18187\"]}]},{\"@type\":\"ImageObject\",\"inLanguage\":\"ro-RO\",\"@id\":\"https:\/\/mld-index.info\/?p=18187#primaryimage\",\"url\":\"https:\/\/mld-index.info\/wp-content\/uploads\/2026\/03\/870-6411d73e20be9_\u043e\u043a\u0440\u0443\u0433\u0430.jpg\",\"contentUrl\":\"https:\/\/mld-index.info\/wp-content\/uploads\/2026\/03\/870-6411d73e20be9_\u043e\u043a\u0440\u0443\u0433\u0430.jpg\",\"width\":870,\"height\":580},{\"@type\":\"BreadcrumbList\",\"@id\":\"https:\/\/mld-index.info\/?p=18187#breadcrumb\",\"itemListElement\":[{\"@type\":\"ListItem\",\"position\":1,\"name\":\"\u0413\u043b\u0430\u0432\u043d\u0430\u044f \u0441\u0442\u0440\u0430\u043d\u0438\u0446\u0430\",\"item\":\"https:\/\/mld-index.info\/\"},{\"@type\":\"ListItem\",\"position\":2,\"name\":\"Moldova f\u0103r\u0103 raioane\"}]},{\"@type\":\"WebSite\",\"@id\":\"https:\/\/mld-index.info\/#website\",\"url\":\"https:\/\/mld-index.info\/\",\"name\":\"MLD-Index\",\"description\":\"\",\"potentialAction\":[{\"@type\":\"SearchAction\",\"target\":{\"@type\":\"EntryPoint\",\"urlTemplate\":\"https:\/\/mld-index.info\/?s={search_term_string}\"},\"query-input\":{\"@type\":\"PropertyValueSpecification\",\"valueRequired\":true,\"valueName\":\"search_term_string\"}}],\"inLanguage\":\"ro-RO\"},{\"@type\":\"Person\",\"@id\":\"https:\/\/mld-index.info\/#\/schema\/person\/07033762c4b46689adebe724a04d1774\",\"name\":\"admin-news\",\"image\":{\"@type\":\"ImageObject\",\"inLanguage\":\"ro-RO\",\"@id\":\"https:\/\/mld-index.info\/#\/schema\/person\/image\/\",\"url\":\"https:\/\/secure.gravatar.com\/avatar\/59414bda600e877e446161b24a9772009cca89e9f211e27c577ad73509a3862f?s=96&d=mm&r=g\",\"contentUrl\":\"https:\/\/secure.gravatar.com\/avatar\/59414bda600e877e446161b24a9772009cca89e9f211e27c577ad73509a3862f?s=96&d=mm&r=g\",\"caption\":\"admin-news\"},\"sameAs\":[\"https:\/\/mld-index.info\"],\"url\":\"https:\/\/mld-index.info\/ro\/author\/admin-news\/\"}]}<\/script>\n<!-- \/ Yoast SEO plugin. -->","yoast_head_json":{"title":"Moldova f\u0103r\u0103 raioane - MLD-Index","description":"Un grup de 28 de economi\u0219ti moldoveni \u0219i-a prezentat propunerea de reform\u0103 administrativ-teritorial\u0103 \u00een Republica Moldova. Scopul principal","robots":{"index":"index","follow":"follow","max-snippet":"max-snippet:-1","max-image-preview":"max-image-preview:large","max-video-preview":"max-video-preview:-1"},"canonical":"https:\/\/mld-index.info\/?p=18187","og_locale":"ro_RO","og_type":"article","og_title":"Moldova f\u0103r\u0103 raioane - MLD-Index","og_description":"Un grup de 28 de economi\u0219ti moldoveni \u0219i-a prezentat propunerea de reform\u0103 administrativ-teritorial\u0103 \u00een Republica Moldova. Scopul principal","og_url":"https:\/\/mld-index.info\/?p=18187","og_site_name":"MLD-Index","article_published_time":"2026-03-13T07:00:36+00:00","article_modified_time":"2026-03-13T05:02:55+00:00","og_image":[{"width":870,"height":580,"url":"https:\/\/mld-index.info\/wp-content\/uploads\/2026\/03\/870-6411d73e20be9_\u043e\u043a\u0440\u0443\u0433\u0430.jpg","type":"image\/jpeg"}],"author":"admin-news","twitter_card":"summary_large_image","twitter_misc":{"Scris de":"admin-news","Timp estimat pentru citire":"3 minute"},"schema":{"@context":"https:\/\/schema.org","@graph":[{"@type":"WebPage","@id":"https:\/\/mld-index.info\/?p=18187","url":"https:\/\/mld-index.info\/?p=18187","name":"Moldova f\u0103r\u0103 raioane - MLD-Index","isPartOf":{"@id":"https:\/\/mld-index.info\/#website"},"primaryImageOfPage":{"@id":"https:\/\/mld-index.info\/?p=18187#primaryimage"},"image":{"@id":"https:\/\/mld-index.info\/?p=18187#primaryimage"},"thumbnailUrl":"https:\/\/mld-index.info\/wp-content\/uploads\/2026\/03\/870-6411d73e20be9_\u043e\u043a\u0440\u0443\u0433\u0430.jpg","datePublished":"2026-03-13T07:00:36+00:00","dateModified":"2026-03-13T05:02:55+00:00","author":{"@id":"https:\/\/mld-index.info\/#\/schema\/person\/07033762c4b46689adebe724a04d1774"},"description":"Un grup de 28 de economi\u0219ti moldoveni \u0219i-a prezentat propunerea de reform\u0103 administrativ-teritorial\u0103 \u00een Republica Moldova. Scopul principal","breadcrumb":{"@id":"https:\/\/mld-index.info\/?p=18187#breadcrumb"},"inLanguage":"ro-RO","potentialAction":[{"@type":"ReadAction","target":["https:\/\/mld-index.info\/?p=18187"]}]},{"@type":"ImageObject","inLanguage":"ro-RO","@id":"https:\/\/mld-index.info\/?p=18187#primaryimage","url":"https:\/\/mld-index.info\/wp-content\/uploads\/2026\/03\/870-6411d73e20be9_\u043e\u043a\u0440\u0443\u0433\u0430.jpg","contentUrl":"https:\/\/mld-index.info\/wp-content\/uploads\/2026\/03\/870-6411d73e20be9_\u043e\u043a\u0440\u0443\u0433\u0430.jpg","width":870,"height":580},{"@type":"BreadcrumbList","@id":"https:\/\/mld-index.info\/?p=18187#breadcrumb","itemListElement":[{"@type":"ListItem","position":1,"name":"\u0413\u043b\u0430\u0432\u043d\u0430\u044f \u0441\u0442\u0440\u0430\u043d\u0438\u0446\u0430","item":"https:\/\/mld-index.info\/"},{"@type":"ListItem","position":2,"name":"Moldova f\u0103r\u0103 raioane"}]},{"@type":"WebSite","@id":"https:\/\/mld-index.info\/#website","url":"https:\/\/mld-index.info\/","name":"MLD-Index","description":"","potentialAction":[{"@type":"SearchAction","target":{"@type":"EntryPoint","urlTemplate":"https:\/\/mld-index.info\/?s={search_term_string}"},"query-input":{"@type":"PropertyValueSpecification","valueRequired":true,"valueName":"search_term_string"}}],"inLanguage":"ro-RO"},{"@type":"Person","@id":"https:\/\/mld-index.info\/#\/schema\/person\/07033762c4b46689adebe724a04d1774","name":"admin-news","image":{"@type":"ImageObject","inLanguage":"ro-RO","@id":"https:\/\/mld-index.info\/#\/schema\/person\/image\/","url":"https:\/\/secure.gravatar.com\/avatar\/59414bda600e877e446161b24a9772009cca89e9f211e27c577ad73509a3862f?s=96&d=mm&r=g","contentUrl":"https:\/\/secure.gravatar.com\/avatar\/59414bda600e877e446161b24a9772009cca89e9f211e27c577ad73509a3862f?s=96&d=mm&r=g","caption":"admin-news"},"sameAs":["https:\/\/mld-index.info"],"url":"https:\/\/mld-index.info\/ro\/author\/admin-news\/"}]}},"_links":{"self":[{"href":"https:\/\/mld-index.info\/ro\/wp-json\/wp\/v2\/posts\/18183","targetHints":{"allow":["GET"]}}],"collection":[{"href":"https:\/\/mld-index.info\/ro\/wp-json\/wp\/v2\/posts"}],"about":[{"href":"https:\/\/mld-index.info\/ro\/wp-json\/wp\/v2\/types\/post"}],"author":[{"embeddable":true,"href":"https:\/\/mld-index.info\/ro\/wp-json\/wp\/v2\/users\/1"}],"replies":[{"embeddable":true,"href":"https:\/\/mld-index.info\/ro\/wp-json\/wp\/v2\/comments?post=18183"}],"version-history":[{"count":1,"href":"https:\/\/mld-index.info\/ro\/wp-json\/wp\/v2\/posts\/18183\/revisions"}],"predecessor-version":[{"id":18186,"href":"https:\/\/mld-index.info\/ro\/wp-json\/wp\/v2\/posts\/18183\/revisions\/18186"}],"wp:featuredmedia":[{"embeddable":true,"href":"https:\/\/mld-index.info\/ro\/wp-json\/wp\/v2\/media\/18184"}],"wp:attachment":[{"href":"https:\/\/mld-index.info\/ro\/wp-json\/wp\/v2\/media?parent=18183"}],"wp:term":[{"taxonomy":"category","embeddable":true,"href":"https:\/\/mld-index.info\/ro\/wp-json\/wp\/v2\/categories?post=18183"},{"taxonomy":"post_tag","embeddable":true,"href":"https:\/\/mld-index.info\/ro\/wp-json\/wp\/v2\/tags?post=18183"}],"curies":[{"name":"wp","href":"https:\/\/api.w.org\/{rel}","templated":true}]}}