{"id":18189,"date":"2026-03-13T16:00:55","date_gmt":"2026-03-13T13:00:55","guid":{"rendered":"https:\/\/mld-index.info\/?p=18189"},"modified":"2026-03-13T08:09:00","modified_gmt":"2026-03-13T05:09:00","slug":"moldova-nu-este-doar-vin-elvetia-nu-este-doar-alpi","status":"publish","type":"post","link":"https:\/\/mld-index.info\/ro\/stiri\/moldova-nu-este-doar-vin-elvetia-nu-este-doar-alpi\/","title":{"rendered":"Moldova nu este doar vin, Elve\u021bia nu este doar Alpi"},"content":{"rendered":"<p>13 martie 2026<\/p>\n<p>Forumul, organizat de Agen\u021bia de Investi\u021bii \u201eInvest Moldova\u201d \u00een parteneriat cu Camera de Comer\u021b Comun\u0103 Elve\u021bian\u0103 pentru Europa de Est, Asia Central\u0103 \u0219i Caucaz (JCC), Biroul Elve\u021bian de Cooperare \u00een Moldova (SDC) \u0219i Asocia\u021bia Helvetas-Moldova, a avut ca scop consolidarea cooper\u0103rii economice bilaterale, cu accent pe oportunit\u0103\u021bile comerciale \u0219i de investi\u021bii.<\/p>\n<p>Forumul a reunit companii din industriile construc\u021biilor, ingineriei \u0219i electronicii din ambele \u021b\u0103ri, care doresc s\u0103 extind\u0103 exporturile \u0219i s\u0103 dezvolte parteneriate strategice pe pie\u021bele elve\u021bian\u0103 \u0219i moldoveneasc\u0103. Proiectele discutate la eveniment se bazeaz\u0103 pe Acordul de Liber Schimb dintre \u021b\u0103rile AELS (Elve\u021bia, Norvegia, Islanda \u0219i Liechtenstein) \u0219i Republica Moldova.<\/p>\n<p>Potrivit \u0219efului delega\u021biei moldovene\u0219ti la Zurich, ministrul moldovean al Dezvolt\u0103rii Economice \u0219i Digitaliz\u0103rii, Eugeniu Osmochescu, \u00een cadrul forumului a avut loc o \u00eent\u00e2lnire cu Stefan Brupbacher, director executiv al Asocia\u021biei Swissmem, care reprezint\u0103 industria elve\u021bian\u0103 de inginerie mecanic\u0103, energie \u0219i metalurgie.<\/p>\n<p>\u201eAm discutat oportunit\u0103\u021bi de consolidare a cooper\u0103rii economice dintre Republica Moldova \u0219i companiile elve\u021biene. Am prezentat beneficiile oferite investitorilor, inclusiv instrumentele disponibile prin schema de ajutor de stat, care pot sprijini \u00eenfiin\u021barea sau extinderea companiilor elve\u021biene \u00een \u021bara noastr\u0103\u201d, a scris ministrul pe Facebook, ad\u0103ug\u00e2nd c\u0103 \u00een Republica Moldova activeaz\u0103 \u00een prezent peste 120 de companii de\u021binute de elve\u021bieni, dintre care aproape 10 se afl\u0103 \u00een Moldova IT Park.<\/p>\n<p>Potrivit oficialului, \u00een cadrul forumului s-au discutat \u0219i posibile programe de formare tehnic\u0103 pentru ingineri \u0219i tehnicieni din Republica Moldova.<\/p>\n<p>\u201eA fost exprimat interesul pentru atragerea investitorilor elve\u021bieni \u00een domenii prioritare de dezvoltare industrial\u0103, cum ar fi industria electronic\u0103, chimic\u0103 \u0219i farmaceutic\u0103, industria auto, textil\u0103 \u0219i de \u00eembr\u0103c\u0103minte, materiale de construc\u021bii \u0219i industria alimentar\u0103, a\u0219a cum se reflect\u0103 \u00een Programul Na\u021bional de Dezvoltare Industrial\u0103 pentru perioada 2024-2028\u201d, a declarat E. Osmochescu.<\/p>\n<p>Reamintim c\u0103 \u00een aprilie 2025, la Chi\u0219in\u0103u a fost prezentat un program de cooperare moldo-elve\u021bian\u0103 pe patru ani, \u00een cadrul c\u0103ruia Confedera\u021bia Alpin\u0103 s-a angajat s\u0103 investeasc\u0103 104 milioane de franci (peste 2 miliarde de lei) \u00een dezvoltarea Republicii Moldova.<\/p>\n","protected":false},"excerpt":{"rendered":"<p>13 martie 2026 Forumul, organizat de Agen\u021bia de Investi\u021bii \u201eInvest Moldova\u201d \u00een parteneriat cu Camera de Comer\u021b Comun\u0103 Elve\u021bian\u0103 pentru Europa de Est, Asia Central\u0103 \u0219i Caucaz (JCC), Biroul Elve\u021bian de Cooperare \u00een Moldova (SDC) \u0219i Asocia\u021bia Helvetas-Moldova, a avut ca scop consolidarea cooper\u0103rii economice bilaterale, cu accent pe oportunit\u0103\u021bile comerciale \u0219i de investi\u021bii. Forumul [&hellip;]<\/p>\n","protected":false},"author":1,"featured_media":18185,"comment_status":"open","ping_status":"open","sticky":false,"template":"","format":"standard","meta":{"footnotes":""},"categories":[103,99],"tags":[],"class_list":{"0":"post-18189","1":"post","2":"type-post","3":"status-publish","4":"format-standard","5":"has-post-thumbnail","7":"category-economie-si-finante","8":"category-stiri"},"yoast_head":"<!-- This site is optimized with the Yoast SEO plugin v24.3 - https:\/\/yoast.com\/wordpress\/plugins\/seo\/ -->\n<title>Moldova nu este doar vin, Elve\u021bia nu este doar Alpi - MLD-Index<\/title>\n<meta name=\"description\" content=\"Un forum de afaceri s-a deschis la Zurich, Elve\u021bia. Particip\u0103 reprezentan\u021bi ai industriilor de construc\u021bii \u0219i electronice din ambele \u021b\u0103ri.\" \/>\n<meta name=\"robots\" content=\"index, follow, max-snippet:-1, max-image-preview:large, max-video-preview:-1\" \/>\n<link rel=\"canonical\" href=\"https:\/\/mld-index.info\/?p=18191\" \/>\n<meta property=\"og:locale\" content=\"ro_RO\" \/>\n<meta property=\"og:type\" content=\"article\" \/>\n<meta property=\"og:title\" content=\"Moldova nu este doar vin, Elve\u021bia nu este doar Alpi - MLD-Index\" \/>\n<meta property=\"og:description\" content=\"Un forum de afaceri s-a deschis la Zurich, Elve\u021bia. Particip\u0103 reprezentan\u021bi ai industriilor de construc\u021bii \u0219i electronice din ambele \u021b\u0103ri.\" \/>\n<meta property=\"og:url\" content=\"https:\/\/mld-index.info\/?p=18191\" \/>\n<meta property=\"og:site_name\" content=\"MLD-Index\" \/>\n<meta property=\"article:published_time\" content=\"2026-03-13T13:00:55+00:00\" \/>\n<meta property=\"article:modified_time\" content=\"2026-03-13T05:09:00+00:00\" \/>\n<meta property=\"og:image\" content=\"https:\/\/mld-index.info\/wp-content\/uploads\/2026\/03\/images-4.jpg\" \/>\n\t<meta property=\"og:image:width\" content=\"300\" \/>\n\t<meta property=\"og:image:height\" content=\"168\" \/>\n\t<meta property=\"og:image:type\" content=\"image\/jpeg\" \/>\n<meta name=\"author\" content=\"admin-news\" \/>\n<meta name=\"twitter:card\" content=\"summary_large_image\" \/>\n<meta name=\"twitter:label1\" content=\"Scris de\" \/>\n\t<meta name=\"twitter:data1\" content=\"admin-news\" \/>\n\t<meta name=\"twitter:label2\" content=\"Timp estimat pentru citire\" \/>\n\t<meta name=\"twitter:data2\" content=\"2 minute\" \/>\n<script type=\"application\/ld+json\" class=\"yoast-schema-graph\">{\"@context\":\"https:\/\/schema.org\",\"@graph\":[{\"@type\":\"WebPage\",\"@id\":\"https:\/\/mld-index.info\/?p=18191\",\"url\":\"https:\/\/mld-index.info\/?p=18191\",\"name\":\"Moldova nu este doar vin, Elve\u021bia nu este doar Alpi - MLD-Index\",\"isPartOf\":{\"@id\":\"https:\/\/mld-index.info\/#website\"},\"primaryImageOfPage\":{\"@id\":\"https:\/\/mld-index.info\/?p=18191#primaryimage\"},\"image\":{\"@id\":\"https:\/\/mld-index.info\/?p=18191#primaryimage\"},\"thumbnailUrl\":\"https:\/\/mld-index.info\/wp-content\/uploads\/2026\/03\/images-4.jpg\",\"datePublished\":\"2026-03-13T13:00:55+00:00\",\"dateModified\":\"2026-03-13T05:09:00+00:00\",\"author\":{\"@id\":\"https:\/\/mld-index.info\/#\/schema\/person\/07033762c4b46689adebe724a04d1774\"},\"description\":\"Un forum de afaceri s-a deschis la Zurich, Elve\u021bia. Particip\u0103 reprezentan\u021bi ai industriilor de construc\u021bii \u0219i electronice din ambele \u021b\u0103ri.\",\"breadcrumb\":{\"@id\":\"https:\/\/mld-index.info\/?p=18191#breadcrumb\"},\"inLanguage\":\"ro-RO\",\"potentialAction\":[{\"@type\":\"ReadAction\",\"target\":[\"https:\/\/mld-index.info\/?p=18191\"]}]},{\"@type\":\"ImageObject\",\"inLanguage\":\"ro-RO\",\"@id\":\"https:\/\/mld-index.info\/?p=18191#primaryimage\",\"url\":\"https:\/\/mld-index.info\/wp-content\/uploads\/2026\/03\/images-4.jpg\",\"contentUrl\":\"https:\/\/mld-index.info\/wp-content\/uploads\/2026\/03\/images-4.jpg\",\"width\":300,\"height\":168},{\"@type\":\"BreadcrumbList\",\"@id\":\"https:\/\/mld-index.info\/?p=18191#breadcrumb\",\"itemListElement\":[{\"@type\":\"ListItem\",\"position\":1,\"name\":\"\u0413\u043b\u0430\u0432\u043d\u0430\u044f \u0441\u0442\u0440\u0430\u043d\u0438\u0446\u0430\",\"item\":\"https:\/\/mld-index.info\/\"},{\"@type\":\"ListItem\",\"position\":2,\"name\":\"Moldova nu este doar vin, Elve\u021bia nu este doar Alpi\"}]},{\"@type\":\"WebSite\",\"@id\":\"https:\/\/mld-index.info\/#website\",\"url\":\"https:\/\/mld-index.info\/\",\"name\":\"MLD-Index\",\"description\":\"\",\"potentialAction\":[{\"@type\":\"SearchAction\",\"target\":{\"@type\":\"EntryPoint\",\"urlTemplate\":\"https:\/\/mld-index.info\/?s={search_term_string}\"},\"query-input\":{\"@type\":\"PropertyValueSpecification\",\"valueRequired\":true,\"valueName\":\"search_term_string\"}}],\"inLanguage\":\"ro-RO\"},{\"@type\":\"Person\",\"@id\":\"https:\/\/mld-index.info\/#\/schema\/person\/07033762c4b46689adebe724a04d1774\",\"name\":\"admin-news\",\"image\":{\"@type\":\"ImageObject\",\"inLanguage\":\"ro-RO\",\"@id\":\"https:\/\/mld-index.info\/#\/schema\/person\/image\/\",\"url\":\"https:\/\/secure.gravatar.com\/avatar\/59414bda600e877e446161b24a9772009cca89e9f211e27c577ad73509a3862f?s=96&d=mm&r=g\",\"contentUrl\":\"https:\/\/secure.gravatar.com\/avatar\/59414bda600e877e446161b24a9772009cca89e9f211e27c577ad73509a3862f?s=96&d=mm&r=g\",\"caption\":\"admin-news\"},\"sameAs\":[\"https:\/\/mld-index.info\"],\"url\":\"https:\/\/mld-index.info\/ro\/author\/admin-news\/\"}]}<\/script>\n<!-- \/ Yoast SEO plugin. -->","yoast_head_json":{"title":"Moldova nu este doar vin, Elve\u021bia nu este doar Alpi - MLD-Index","description":"Un forum de afaceri s-a deschis la Zurich, Elve\u021bia. Particip\u0103 reprezentan\u021bi ai industriilor de construc\u021bii \u0219i electronice din ambele \u021b\u0103ri.","robots":{"index":"index","follow":"follow","max-snippet":"max-snippet:-1","max-image-preview":"max-image-preview:large","max-video-preview":"max-video-preview:-1"},"canonical":"https:\/\/mld-index.info\/?p=18191","og_locale":"ro_RO","og_type":"article","og_title":"Moldova nu este doar vin, Elve\u021bia nu este doar Alpi - MLD-Index","og_description":"Un forum de afaceri s-a deschis la Zurich, Elve\u021bia. Particip\u0103 reprezentan\u021bi ai industriilor de construc\u021bii \u0219i electronice din ambele \u021b\u0103ri.","og_url":"https:\/\/mld-index.info\/?p=18191","og_site_name":"MLD-Index","article_published_time":"2026-03-13T13:00:55+00:00","article_modified_time":"2026-03-13T05:09:00+00:00","og_image":[{"width":300,"height":168,"url":"https:\/\/mld-index.info\/wp-content\/uploads\/2026\/03\/images-4.jpg","type":"image\/jpeg"}],"author":"admin-news","twitter_card":"summary_large_image","twitter_misc":{"Scris de":"admin-news","Timp estimat pentru citire":"2 minute"},"schema":{"@context":"https:\/\/schema.org","@graph":[{"@type":"WebPage","@id":"https:\/\/mld-index.info\/?p=18191","url":"https:\/\/mld-index.info\/?p=18191","name":"Moldova nu este doar vin, Elve\u021bia nu este doar Alpi - MLD-Index","isPartOf":{"@id":"https:\/\/mld-index.info\/#website"},"primaryImageOfPage":{"@id":"https:\/\/mld-index.info\/?p=18191#primaryimage"},"image":{"@id":"https:\/\/mld-index.info\/?p=18191#primaryimage"},"thumbnailUrl":"https:\/\/mld-index.info\/wp-content\/uploads\/2026\/03\/images-4.jpg","datePublished":"2026-03-13T13:00:55+00:00","dateModified":"2026-03-13T05:09:00+00:00","author":{"@id":"https:\/\/mld-index.info\/#\/schema\/person\/07033762c4b46689adebe724a04d1774"},"description":"Un forum de afaceri s-a deschis la Zurich, Elve\u021bia. Particip\u0103 reprezentan\u021bi ai industriilor de construc\u021bii \u0219i electronice din ambele \u021b\u0103ri.","breadcrumb":{"@id":"https:\/\/mld-index.info\/?p=18191#breadcrumb"},"inLanguage":"ro-RO","potentialAction":[{"@type":"ReadAction","target":["https:\/\/mld-index.info\/?p=18191"]}]},{"@type":"ImageObject","inLanguage":"ro-RO","@id":"https:\/\/mld-index.info\/?p=18191#primaryimage","url":"https:\/\/mld-index.info\/wp-content\/uploads\/2026\/03\/images-4.jpg","contentUrl":"https:\/\/mld-index.info\/wp-content\/uploads\/2026\/03\/images-4.jpg","width":300,"height":168},{"@type":"BreadcrumbList","@id":"https:\/\/mld-index.info\/?p=18191#breadcrumb","itemListElement":[{"@type":"ListItem","position":1,"name":"\u0413\u043b\u0430\u0432\u043d\u0430\u044f \u0441\u0442\u0440\u0430\u043d\u0438\u0446\u0430","item":"https:\/\/mld-index.info\/"},{"@type":"ListItem","position":2,"name":"Moldova nu este doar vin, Elve\u021bia nu este doar Alpi"}]},{"@type":"WebSite","@id":"https:\/\/mld-index.info\/#website","url":"https:\/\/mld-index.info\/","name":"MLD-Index","description":"","potentialAction":[{"@type":"SearchAction","target":{"@type":"EntryPoint","urlTemplate":"https:\/\/mld-index.info\/?s={search_term_string}"},"query-input":{"@type":"PropertyValueSpecification","valueRequired":true,"valueName":"search_term_string"}}],"inLanguage":"ro-RO"},{"@type":"Person","@id":"https:\/\/mld-index.info\/#\/schema\/person\/07033762c4b46689adebe724a04d1774","name":"admin-news","image":{"@type":"ImageObject","inLanguage":"ro-RO","@id":"https:\/\/mld-index.info\/#\/schema\/person\/image\/","url":"https:\/\/secure.gravatar.com\/avatar\/59414bda600e877e446161b24a9772009cca89e9f211e27c577ad73509a3862f?s=96&d=mm&r=g","contentUrl":"https:\/\/secure.gravatar.com\/avatar\/59414bda600e877e446161b24a9772009cca89e9f211e27c577ad73509a3862f?s=96&d=mm&r=g","caption":"admin-news"},"sameAs":["https:\/\/mld-index.info"],"url":"https:\/\/mld-index.info\/ro\/author\/admin-news\/"}]}},"_links":{"self":[{"href":"https:\/\/mld-index.info\/ro\/wp-json\/wp\/v2\/posts\/18189","targetHints":{"allow":["GET"]}}],"collection":[{"href":"https:\/\/mld-index.info\/ro\/wp-json\/wp\/v2\/posts"}],"about":[{"href":"https:\/\/mld-index.info\/ro\/wp-json\/wp\/v2\/types\/post"}],"author":[{"embeddable":true,"href":"https:\/\/mld-index.info\/ro\/wp-json\/wp\/v2\/users\/1"}],"replies":[{"embeddable":true,"href":"https:\/\/mld-index.info\/ro\/wp-json\/wp\/v2\/comments?post=18189"}],"version-history":[{"count":1,"href":"https:\/\/mld-index.info\/ro\/wp-json\/wp\/v2\/posts\/18189\/revisions"}],"predecessor-version":[{"id":18190,"href":"https:\/\/mld-index.info\/ro\/wp-json\/wp\/v2\/posts\/18189\/revisions\/18190"}],"wp:featuredmedia":[{"embeddable":true,"href":"https:\/\/mld-index.info\/ro\/wp-json\/wp\/v2\/media\/18185"}],"wp:attachment":[{"href":"https:\/\/mld-index.info\/ro\/wp-json\/wp\/v2\/media?parent=18189"}],"wp:term":[{"taxonomy":"category","embeddable":true,"href":"https:\/\/mld-index.info\/ro\/wp-json\/wp\/v2\/categories?post=18189"},{"taxonomy":"post_tag","embeddable":true,"href":"https:\/\/mld-index.info\/ro\/wp-json\/wp\/v2\/tags?post=18189"}],"curies":[{"name":"wp","href":"https:\/\/api.w.org\/{rel}","templated":true}]}}