{"id":18777,"date":"2026-04-28T10:00:14","date_gmt":"2026-04-28T07:00:14","guid":{"rendered":"https:\/\/mld-index.info\/?p=18777"},"modified":"2026-04-28T10:33:51","modified_gmt":"2026-04-28T07:33:51","slug":"municipalitatea-capitalei-este-amenintata","status":"publish","type":"post","link":"https:\/\/mld-index.info\/ro\/stiri\/municipalitatea-capitalei-este-amenintata\/","title":{"rendered":"Municipalitatea capitalei este amenin\u021bat\u0103"},"content":{"rendered":"<p>28 aprilie 2026<\/p>\n<p>\u0218eful administra\u021biei Chi\u0219in\u0103u \u0219i-a exprimat \u00eengrijorarea cu privire la informa\u021biile vehiculate public despre o posibil\u0103 modificare a limitelor municipiului \u0219i fuzionarea unor prim\u0103rii ale capitalei cu alte localit\u0103\u021bi.<\/p>\n<p>\u201eAutorit\u0103\u021bile inten\u021bioneaz\u0103 s\u0103 fuzioneze localit\u0103\u021bile din jurul anumitor primari PAS. Dac\u0103 acest lucru se va confirma, \u00een orice formul\u0103 dat\u0103, vom propune organizarea unui referendum local, astfel \u00eenc\u00e2t locuitorii municipiului Chi\u0219in\u0103u s\u0103 \u00ee\u0219i poat\u0103 exprima opinia \u00een aceast\u0103 problem\u0103, a\u0219a cum se face \u00een orice \u021bar\u0103 democratic\u0103\u201d, a anun\u021bat Ion Ceban.<\/p>\n<p>Mai mult, primarul inten\u021bioneaz\u0103 s\u0103 solicite parlamentarilor din partidul s\u0103u MAN s\u0103 ini\u021bieze un referendum similar \u00een legislativul \u021b\u0103rii.<\/p>\n<p>\u00cen acest sens, este poate regretabil faptul c\u0103 Ion Ceban a decis anterior s\u0103 retrag\u0103 deputa\u021bii MAN din frac\u021biunea parlamentar\u0103 \u201eAlternativ\u0103\u201d pe care a creat-o, care, pe l\u00e2ng\u0103 politicienii din frac\u021biunea sa, include \u0219i al\u021bi c\u00e2\u021biva deputa\u021bi din opozi\u021bie.<\/p>\n<p>Secretarul general al Guvernului Republicii Moldova, Alexei Buzu, consider\u0103 \u00eens\u0103 c\u0103 \u0219eful administra\u021biei capitalei nu are motive s\u0103 organizeze un referendum local, \u00eentruc\u00e2t reforma teritorial\u0103 se aplic\u0103 doar unit\u0103\u021bilor administrative de nivelul I. \u201eOra\u0219ul Chi\u0219in\u0103u apar\u021bine nivelului II \u0219i nu este afectat \u00een niciun fel de comasare\u201d, a explicat oficialul guvernamental pe Facebook.<\/p>\n<p>Totu\u0219i, Alexei Buzu nu exclude posibilitatea ca unele dintre suburbiile capitalei, care fac parte din municipiul Chi\u0219in\u0103u, s\u0103 se combine, dar numai \u00een mod voluntar. \u201eAceast\u0103 decizie le apar\u021bine lor, comunit\u0103\u021bilor \u0219i ale\u0219ilor locali, nu lui Ceban. Nu este clar de ce anume se teme Ceban, dar dac\u0103 nu poate ajuta, v\u0103 \u00eendemn s\u0103 nu interveni\u021bi\u201d, a scris Alexei Buzu.<\/p>\n<p>A\u0219adar, \u00een primul r\u00e2nd, este destul de evident c\u0103 primarul capitalei are motive de \u00eengrijorare. \u00centruc\u00e2t guvernul central inten\u021bioneaz\u0103 s\u0103 scoat\u0103 de sub controlul s\u0103u suburbiile care fac parte \u00een prezent din \u201emarea\u201d Chi\u0219in\u0103u.<\/p>\n<p>\u0218i, \u00een al doilea r\u00e2nd, secretarul general al Cabinetului de Mini\u0219tri a exagerat evident \u00een ceea ce prive\u0219te comasarea \u201evoluntar\u0103\u201d a prim\u0103riilor. La urma urmei, chiar recent, prezent\u00e2nd reforma administrativ-teritorial\u0103 din Republica Moldova, A. Buzu a declarat urm\u0103toarele: \u201eUnul dintre principalele elemente ale reformei va fi comasarea voluntar\u0103 a localit\u0103\u021bilor. \u00cen absen\u021ba unor decizii voluntare dup\u0103 alegerile locale din 2027, se va aplica comasarea for\u021bat\u0103.\u201d<\/p>\n<p>\u00cen acest sens, merit\u0103 reamintit c\u0103 sociali\u0219tii moldoveni au propus organizarea unui referendum na\u021bional prin care moldovenii s\u0103 voteze pentru sau \u00eempotriva reformei administrativ-teritoriale. \u201eL\u0103sa\u021bi cet\u0103\u021benii s\u0103-\u0219i spun\u0103 p\u0103rerea dac\u0103 sunt de acord sau nu cu aceast\u0103 reform\u0103\u201d, a declarat Igor Dodon, liderul Partidului Sociali\u0219tilor din Republica Moldova.<\/p>\n<p>De asemenea, am informat anterior cititorii despre rezultatele unui sondaj de opinie public\u0103 realizat de compania sociologic\u0103 IMAS cu privire la viitoarea reform\u0103 administrativ-teritorial\u0103. Responden\u021bii au fost \u00eentreba\u021bi \u00een ce m\u0103sur\u0103 consider\u0103 necesar\u0103 reducerea num\u0103rului de prim\u0103rii. Patruzeci \u0219i doi la sut\u0103 dintre responden\u021bi s-au opus sau au considerat m\u0103sura inutil\u0103, 22% au evaluat reforma ca fiind marginal necesar\u0103, iar doar 25% au considerat-o oarecum sau extrem de important\u0103. Participan\u021bii la sondaj au fost, de asemenea, \u00eentreba\u021bi dac\u0103 sus\u021bin eliminarea districtelor \u0219i trecerea la unit\u0103\u021bi administrative mai mari &#8211; jude\u021be sau regiuni. Dou\u0103zeci \u0219i patru la sut\u0103 au sus\u021binut aceast\u0103 ini\u021biativ\u0103, \u00een timp ce 65% s-au opus. Al\u021bi 11% au fost indeci\u0219i.<\/p>\n","protected":false},"excerpt":{"rendered":"<p>28 aprilie 2026 \u0218eful administra\u021biei Chi\u0219in\u0103u \u0219i-a exprimat \u00eengrijorarea cu privire la informa\u021biile vehiculate public despre o posibil\u0103 modificare a limitelor municipiului \u0219i fuzionarea unor prim\u0103rii ale capitalei cu alte localit\u0103\u021bi. \u201eAutorit\u0103\u021bile inten\u021bioneaz\u0103 s\u0103 fuzioneze localit\u0103\u021bile din jurul anumitor primari PAS. Dac\u0103 acest lucru se va confirma, \u00een orice formul\u0103 dat\u0103, vom propune organizarea unui [&hellip;]<\/p>\n","protected":false},"author":1,"featured_media":18779,"comment_status":"open","ping_status":"open","sticky":false,"template":"","format":"standard","meta":{"footnotes":""},"categories":[101,99],"tags":[],"class_list":{"0":"post-18777","1":"post","2":"type-post","3":"status-publish","4":"format-standard","5":"has-post-thumbnail","7":"category-politica","8":"category-stiri"},"yoast_head":"<!-- This site is optimized with the Yoast SEO plugin v24.3 - https:\/\/yoast.com\/wordpress\/plugins\/seo\/ -->\n<title>Municipalitatea capitalei este amenin\u021bat\u0103 - MLD-Index<\/title>\n<meta name=\"description\" content=\"Primarul general al Chi\u0219in\u0103ului, Ion Ceban, inten\u021bioneaz\u0103 s\u0103 ini\u021bieze un referendum local privind viitoarea reform\u0103 administrativ-teritorial\u0103\" \/>\n<meta name=\"robots\" content=\"index, follow, max-snippet:-1, max-image-preview:large, max-video-preview:-1\" \/>\n<link rel=\"canonical\" href=\"https:\/\/mld-index.info\/ro\/stiri\/municipalitatea-capitalei-este-amenintata\/\" \/>\n<meta property=\"og:locale\" content=\"ro_RO\" \/>\n<meta property=\"og:type\" content=\"article\" \/>\n<meta property=\"og:title\" content=\"Municipalitatea capitalei este amenin\u021bat\u0103 - MLD-Index\" \/>\n<meta property=\"og:description\" content=\"Primarul general al Chi\u0219in\u0103ului, Ion Ceban, inten\u021bioneaz\u0103 s\u0103 ini\u021bieze un referendum local privind viitoarea reform\u0103 administrativ-teritorial\u0103\" \/>\n<meta property=\"og:url\" content=\"https:\/\/mld-index.info\/ro\/stiri\/municipalitatea-capitalei-este-amenintata\/\" \/>\n<meta property=\"og:site_name\" content=\"MLD-Index\" \/>\n<meta property=\"article:published_time\" content=\"2026-04-28T07:00:14+00:00\" \/>\n<meta property=\"article:modified_time\" content=\"2026-04-28T07:33:51+00:00\" \/>\n<meta property=\"og:image\" content=\"https:\/\/mld-index.info\/wp-content\/uploads\/2026\/04\/img-e1620908968202.jpg\" \/>\n\t<meta property=\"og:image:width\" content=\"950\" \/>\n\t<meta property=\"og:image:height\" content=\"698\" \/>\n\t<meta property=\"og:image:type\" content=\"image\/jpeg\" \/>\n<meta name=\"author\" content=\"admin-news\" \/>\n<meta name=\"twitter:card\" content=\"summary_large_image\" \/>\n<meta name=\"twitter:label1\" content=\"Scris de\" \/>\n\t<meta name=\"twitter:data1\" content=\"admin-news\" \/>\n\t<meta name=\"twitter:label2\" content=\"Timp estimat pentru citire\" \/>\n\t<meta name=\"twitter:data2\" content=\"3 minute\" \/>\n<script type=\"application\/ld+json\" class=\"yoast-schema-graph\">{\"@context\":\"https:\/\/schema.org\",\"@graph\":[{\"@type\":\"WebPage\",\"@id\":\"https:\/\/mld-index.info\/ro\/stiri\/municipalitatea-capitalei-este-amenintata\/\",\"url\":\"https:\/\/mld-index.info\/ro\/stiri\/municipalitatea-capitalei-este-amenintata\/\",\"name\":\"Municipalitatea capitalei este amenin\u021bat\u0103 - MLD-Index\",\"isPartOf\":{\"@id\":\"https:\/\/mld-index.info\/#website\"},\"primaryImageOfPage\":{\"@id\":\"https:\/\/mld-index.info\/ro\/stiri\/municipalitatea-capitalei-este-amenintata\/#primaryimage\"},\"image\":{\"@id\":\"https:\/\/mld-index.info\/ro\/stiri\/municipalitatea-capitalei-este-amenintata\/#primaryimage\"},\"thumbnailUrl\":\"https:\/\/mld-index.info\/wp-content\/uploads\/2026\/04\/img-e1620908968202.jpg\",\"datePublished\":\"2026-04-28T07:00:14+00:00\",\"dateModified\":\"2026-04-28T07:33:51+00:00\",\"author\":{\"@id\":\"https:\/\/mld-index.info\/#\/schema\/person\/07033762c4b46689adebe724a04d1774\"},\"description\":\"Primarul general al Chi\u0219in\u0103ului, Ion Ceban, inten\u021bioneaz\u0103 s\u0103 ini\u021bieze un referendum local privind viitoarea reform\u0103 administrativ-teritorial\u0103\",\"breadcrumb\":{\"@id\":\"https:\/\/mld-index.info\/ro\/stiri\/municipalitatea-capitalei-este-amenintata\/#breadcrumb\"},\"inLanguage\":\"ro-RO\",\"potentialAction\":[{\"@type\":\"ReadAction\",\"target\":[\"https:\/\/mld-index.info\/ro\/stiri\/municipalitatea-capitalei-este-amenintata\/\"]}]},{\"@type\":\"ImageObject\",\"inLanguage\":\"ro-RO\",\"@id\":\"https:\/\/mld-index.info\/ro\/stiri\/municipalitatea-capitalei-este-amenintata\/#primaryimage\",\"url\":\"https:\/\/mld-index.info\/wp-content\/uploads\/2026\/04\/img-e1620908968202.jpg\",\"contentUrl\":\"https:\/\/mld-index.info\/wp-content\/uploads\/2026\/04\/img-e1620908968202.jpg\",\"width\":950,\"height\":698},{\"@type\":\"BreadcrumbList\",\"@id\":\"https:\/\/mld-index.info\/ro\/stiri\/municipalitatea-capitalei-este-amenintata\/#breadcrumb\",\"itemListElement\":[{\"@type\":\"ListItem\",\"position\":1,\"name\":\"\u0413\u043b\u0430\u0432\u043d\u0430\u044f \u0441\u0442\u0440\u0430\u043d\u0438\u0446\u0430\",\"item\":\"https:\/\/mld-index.info\/\"},{\"@type\":\"ListItem\",\"position\":2,\"name\":\"Municipalitatea capitalei este amenin\u021bat\u0103\"}]},{\"@type\":\"WebSite\",\"@id\":\"https:\/\/mld-index.info\/#website\",\"url\":\"https:\/\/mld-index.info\/\",\"name\":\"MLD-Index\",\"description\":\"\",\"potentialAction\":[{\"@type\":\"SearchAction\",\"target\":{\"@type\":\"EntryPoint\",\"urlTemplate\":\"https:\/\/mld-index.info\/?s={search_term_string}\"},\"query-input\":{\"@type\":\"PropertyValueSpecification\",\"valueRequired\":true,\"valueName\":\"search_term_string\"}}],\"inLanguage\":\"ro-RO\"},{\"@type\":\"Person\",\"@id\":\"https:\/\/mld-index.info\/#\/schema\/person\/07033762c4b46689adebe724a04d1774\",\"name\":\"admin-news\",\"image\":{\"@type\":\"ImageObject\",\"inLanguage\":\"ro-RO\",\"@id\":\"https:\/\/mld-index.info\/#\/schema\/person\/image\/\",\"url\":\"https:\/\/secure.gravatar.com\/avatar\/59414bda600e877e446161b24a9772009cca89e9f211e27c577ad73509a3862f?s=96&d=mm&r=g\",\"contentUrl\":\"https:\/\/secure.gravatar.com\/avatar\/59414bda600e877e446161b24a9772009cca89e9f211e27c577ad73509a3862f?s=96&d=mm&r=g\",\"caption\":\"admin-news\"},\"sameAs\":[\"https:\/\/mld-index.info\"],\"url\":\"https:\/\/mld-index.info\/ro\/author\/admin-news\/\"}]}<\/script>\n<!-- \/ Yoast SEO plugin. -->","yoast_head_json":{"title":"Municipalitatea capitalei este amenin\u021bat\u0103 - MLD-Index","description":"Primarul general al Chi\u0219in\u0103ului, Ion Ceban, inten\u021bioneaz\u0103 s\u0103 ini\u021bieze un referendum local privind viitoarea reform\u0103 administrativ-teritorial\u0103","robots":{"index":"index","follow":"follow","max-snippet":"max-snippet:-1","max-image-preview":"max-image-preview:large","max-video-preview":"max-video-preview:-1"},"canonical":"https:\/\/mld-index.info\/ro\/stiri\/municipalitatea-capitalei-este-amenintata\/","og_locale":"ro_RO","og_type":"article","og_title":"Municipalitatea capitalei este amenin\u021bat\u0103 - MLD-Index","og_description":"Primarul general al Chi\u0219in\u0103ului, Ion Ceban, inten\u021bioneaz\u0103 s\u0103 ini\u021bieze un referendum local privind viitoarea reform\u0103 administrativ-teritorial\u0103","og_url":"https:\/\/mld-index.info\/ro\/stiri\/municipalitatea-capitalei-este-amenintata\/","og_site_name":"MLD-Index","article_published_time":"2026-04-28T07:00:14+00:00","article_modified_time":"2026-04-28T07:33:51+00:00","og_image":[{"width":950,"height":698,"url":"https:\/\/mld-index.info\/wp-content\/uploads\/2026\/04\/img-e1620908968202.jpg","type":"image\/jpeg"}],"author":"admin-news","twitter_card":"summary_large_image","twitter_misc":{"Scris de":"admin-news","Timp estimat pentru citire":"3 minute"},"schema":{"@context":"https:\/\/schema.org","@graph":[{"@type":"WebPage","@id":"https:\/\/mld-index.info\/ro\/stiri\/municipalitatea-capitalei-este-amenintata\/","url":"https:\/\/mld-index.info\/ro\/stiri\/municipalitatea-capitalei-este-amenintata\/","name":"Municipalitatea capitalei este amenin\u021bat\u0103 - MLD-Index","isPartOf":{"@id":"https:\/\/mld-index.info\/#website"},"primaryImageOfPage":{"@id":"https:\/\/mld-index.info\/ro\/stiri\/municipalitatea-capitalei-este-amenintata\/#primaryimage"},"image":{"@id":"https:\/\/mld-index.info\/ro\/stiri\/municipalitatea-capitalei-este-amenintata\/#primaryimage"},"thumbnailUrl":"https:\/\/mld-index.info\/wp-content\/uploads\/2026\/04\/img-e1620908968202.jpg","datePublished":"2026-04-28T07:00:14+00:00","dateModified":"2026-04-28T07:33:51+00:00","author":{"@id":"https:\/\/mld-index.info\/#\/schema\/person\/07033762c4b46689adebe724a04d1774"},"description":"Primarul general al Chi\u0219in\u0103ului, Ion Ceban, inten\u021bioneaz\u0103 s\u0103 ini\u021bieze un referendum local privind viitoarea reform\u0103 administrativ-teritorial\u0103","breadcrumb":{"@id":"https:\/\/mld-index.info\/ro\/stiri\/municipalitatea-capitalei-este-amenintata\/#breadcrumb"},"inLanguage":"ro-RO","potentialAction":[{"@type":"ReadAction","target":["https:\/\/mld-index.info\/ro\/stiri\/municipalitatea-capitalei-este-amenintata\/"]}]},{"@type":"ImageObject","inLanguage":"ro-RO","@id":"https:\/\/mld-index.info\/ro\/stiri\/municipalitatea-capitalei-este-amenintata\/#primaryimage","url":"https:\/\/mld-index.info\/wp-content\/uploads\/2026\/04\/img-e1620908968202.jpg","contentUrl":"https:\/\/mld-index.info\/wp-content\/uploads\/2026\/04\/img-e1620908968202.jpg","width":950,"height":698},{"@type":"BreadcrumbList","@id":"https:\/\/mld-index.info\/ro\/stiri\/municipalitatea-capitalei-este-amenintata\/#breadcrumb","itemListElement":[{"@type":"ListItem","position":1,"name":"\u0413\u043b\u0430\u0432\u043d\u0430\u044f \u0441\u0442\u0440\u0430\u043d\u0438\u0446\u0430","item":"https:\/\/mld-index.info\/"},{"@type":"ListItem","position":2,"name":"Municipalitatea capitalei este amenin\u021bat\u0103"}]},{"@type":"WebSite","@id":"https:\/\/mld-index.info\/#website","url":"https:\/\/mld-index.info\/","name":"MLD-Index","description":"","potentialAction":[{"@type":"SearchAction","target":{"@type":"EntryPoint","urlTemplate":"https:\/\/mld-index.info\/?s={search_term_string}"},"query-input":{"@type":"PropertyValueSpecification","valueRequired":true,"valueName":"search_term_string"}}],"inLanguage":"ro-RO"},{"@type":"Person","@id":"https:\/\/mld-index.info\/#\/schema\/person\/07033762c4b46689adebe724a04d1774","name":"admin-news","image":{"@type":"ImageObject","inLanguage":"ro-RO","@id":"https:\/\/mld-index.info\/#\/schema\/person\/image\/","url":"https:\/\/secure.gravatar.com\/avatar\/59414bda600e877e446161b24a9772009cca89e9f211e27c577ad73509a3862f?s=96&d=mm&r=g","contentUrl":"https:\/\/secure.gravatar.com\/avatar\/59414bda600e877e446161b24a9772009cca89e9f211e27c577ad73509a3862f?s=96&d=mm&r=g","caption":"admin-news"},"sameAs":["https:\/\/mld-index.info"],"url":"https:\/\/mld-index.info\/ro\/author\/admin-news\/"}]}},"_links":{"self":[{"href":"https:\/\/mld-index.info\/ro\/wp-json\/wp\/v2\/posts\/18777","targetHints":{"allow":["GET"]}}],"collection":[{"href":"https:\/\/mld-index.info\/ro\/wp-json\/wp\/v2\/posts"}],"about":[{"href":"https:\/\/mld-index.info\/ro\/wp-json\/wp\/v2\/types\/post"}],"author":[{"embeddable":true,"href":"https:\/\/mld-index.info\/ro\/wp-json\/wp\/v2\/users\/1"}],"replies":[{"embeddable":true,"href":"https:\/\/mld-index.info\/ro\/wp-json\/wp\/v2\/comments?post=18777"}],"version-history":[{"count":1,"href":"https:\/\/mld-index.info\/ro\/wp-json\/wp\/v2\/posts\/18777\/revisions"}],"predecessor-version":[{"id":18780,"href":"https:\/\/mld-index.info\/ro\/wp-json\/wp\/v2\/posts\/18777\/revisions\/18780"}],"wp:featuredmedia":[{"embeddable":true,"href":"https:\/\/mld-index.info\/ro\/wp-json\/wp\/v2\/media\/18779"}],"wp:attachment":[{"href":"https:\/\/mld-index.info\/ro\/wp-json\/wp\/v2\/media?parent=18777"}],"wp:term":[{"taxonomy":"category","embeddable":true,"href":"https:\/\/mld-index.info\/ro\/wp-json\/wp\/v2\/categories?post=18777"},{"taxonomy":"post_tag","embeddable":true,"href":"https:\/\/mld-index.info\/ro\/wp-json\/wp\/v2\/tags?post=18777"}],"curies":[{"name":"wp","href":"https:\/\/api.w.org\/{rel}","templated":true}]}}