{"id":18783,"date":"2026-04-28T16:00:17","date_gmt":"2026-04-28T13:00:17","guid":{"rendered":"https:\/\/mld-index.info\/?p=18783"},"modified":"2026-04-28T10:43:05","modified_gmt":"2026-04-28T07:43:05","slug":"un-prim-ministru-vigilent-in-privinta-schimbarilor-energetice","status":"publish","type":"post","link":"https:\/\/mld-index.info\/ro\/stiri\/un-prim-ministru-vigilent-in-privinta-schimbarilor-energetice\/","title":{"rendered":"Un prim-ministru vigilent \u00een privin\u021ba schimb\u0103rilor energetice"},"content":{"rendered":"<p>28 aprilie 2026<\/p>\n<p>Potrivit Agen\u021biei Na\u021bionale pentru Reglementare \u00een Energetic\u0103 (ANRE), \u00eencep\u00e2nd de ast\u0103zi au fost stabilite noi pre\u021buri maxime la combustibili. Pre\u021burile motorinei au crescut cu 82 de bani, p\u00e2n\u0103 la 30,26 lei pe litru, iar cele ale benzinei cu 17 bani, p\u00e2n\u0103 la 29,32 lei pe litru.<\/p>\n<p>Acest lucru se datoreaz\u0103 cre\u0219terii pre\u021burilor produselor petroliere pe pia\u021ba mondial\u0103, pe fondul \u0219tirilor c\u0103 a doua rund\u0103 planificat\u0103 de negocieri de pace dintre SUA \u0219i Iran nu va avea loc. Luni, pre\u021bul \u021bi\u021beiului Brent a crescut cu \u00eenc\u0103 1%, dep\u0103\u0219ind 107 dolari pe baril. Cre\u0219terea s\u0103pt\u0103m\u00e2nal\u0103 a pre\u021burilor la combustibili a fost de 10%.<\/p>\n<p>\u00cenainte de aceasta, pre\u021burile la combustibili \u00een Moldova erau \u00een sc\u0103dere de 10 zile \u00een a\u0219teptarea \u0219tirilor despre \u00eenceperea negocierilor de pace din Orientul Mijlociu. Astfel, pre\u021bul motorinei \u00een weekendul trecut a fost pu\u021bin sub 30 de lei pe litru, dup\u0103 ce a atins 35 de lei la mijlocul lunii aprilie.<\/p>\n<p>Cre\u0219terea pre\u021burilor \u00een Republica Moldova a fost alimentat\u0103 de cump\u0103r\u0103turile panicate \u0219i de panica de pe pia\u021b\u0103 dup\u0103 ce s-a aflat c\u0103 rezervele de motorin\u0103 durau doar 5-6 zile. Aceast\u0103 situa\u021bie a fost corectat\u0103 weekendul trecut, c\u00e2nd, potrivit Ministerului Energiei din Republica Moldova, \u00een \u021bar\u0103 au fost importate peste 1.600 de tone de benzin\u0103 \u0219i peste 5.000 de tone de motorin\u0103. Prin urmare, rezervele actuale de combustibil sunt suficiente pentru a acoperi necesarul de benzin\u0103 \u0219i gaz petrolier lichefiat al Republicii Moldova pentru aproximativ 19 zile, iar de motorin\u0103 pentru 12 zile.<\/p>\n<p>\u00cen acest sens, este de men\u021bionat c\u0103, pe 25 aprilie, Parlamentul Republicii Moldova a ridicat starea de urgen\u021b\u0103 \u00een sectorul energetic, care fusese declarat\u0103 pe 25 martie \u00een urma avarierii sec\u021biunii ucrainene a liniei electrice de transport Isaccea-Vulc\u0103ne\u0219ti, prin care Republica Moldova prime\u0219te energie electric\u0103 rom\u00e2neasc\u0103.<\/p>\n<p>\u201eDeclararea st\u0103rii de urgen\u021b\u0103 nu a fost un capriciu. A fost o decizie deliberat\u0103, luat\u0103 \u00eentr-un moment important, critic. Republica Moldova se confrunta simultan cu dou\u0103 riscuri serioase: presiunea asupra sistemului energetic \u0219i perturb\u0103rile pie\u021bei combustibililor din cauza conflictului militar din Orientul Mijlociu\u201d, a declarat prim-ministrul moldovean Alexandru Munteanu de la tribuna parlamentar\u0103, solicit\u00e2nd ridicarea st\u0103rii de urgen\u021b\u0103 de 60 de zile.<\/p>\n<p>Linia electric\u0103 de transport Isaccea-Vulc\u0103ne\u0219ti a fost restabilit\u0103 \u00een c\u00e2teva zile, dar deficitul de combustibil a fost abia acum evitat.<\/p>\n<p>\u201eAm ajustat mecanismul de stabilire a pre\u021burilor produselor petroliere de la 14 la 7 zile pentru a asigura importuri ne\u00eentrerupte \u00een contextul unei volatilit\u0103\u021bi ridicate. Am introdus restric\u021bii specifice privind v\u00e2nz\u0103rile \u00een canistre &#8211; de p\u00e2n\u0103 la 20 de litri &#8211; pentru a preveni depozitarea individual\u0103 excesiv\u0103 a combustibilului. \u00cen acela\u0219i timp, am m\u0103rit stocurile la nivel de sistem \u0219i am asigurat aprovizionarea necesar\u0103. Rezultat: pia\u021ba s-a stabilizat, iar stocurile au crescut. Am evitat consecin\u021be economice grave. O singur\u0103 zi de deficit de motorin\u0103 ar fi \u00eensemnat pierderi de peste 120 de milioane de lei\u201d, a relatat prim-ministrul.<\/p>\n<p>Astfel, starea de urgen\u021b\u0103 \u00een sectorul energetic a durat exact 30 de zile \u00een loc de cele dou\u0103 luni prev\u0103zute ini\u021bial. Cu toate acestea, conform legii adoptate de autorit\u0103\u021bile actuale, starea de urgen\u021b\u0103 este de doar 60 de zile. De ce, atunci, conducerea \u021b\u0103rii a adoptat o astfel de lege doar pentru a o \u00eenc\u0103lca ulterior? \u0218i de ce majoritatea parlamentar\u0103, la instituirea st\u0103rii de urgen\u021b\u0103, a atacat cu furie opozi\u021bia pentru c\u0103 a propus o stare de urgen\u021b\u0103 de 30 de zile?<\/p>\n<p>Totu\u0219i, Alexandru Munteanu a dat asigur\u0103ri c\u0103 guvernul moldovean va continua s\u0103 monitorizeze incertitudinea energetic\u0103.<\/p>\n<p>\u201eGuvernul va continua s\u0103 gestioneze riscurile prin mecanisme de alert\u0103 maxim\u0103, care ne permit s\u0103 intervenim prompt, s\u0103 monitoriz\u0103m stocurile zilnic \u0219i s\u0103 protej\u0103m consumatorii at\u00e2ta timp c\u00e2t persist\u0103 instabilitatea regional\u0103. Este important s\u0103 r\u0103m\u00e2nem vigilen\u021bi. Guvernul va continua s\u0103 implementeze m\u0103surile necesare pentru a proteja cet\u0103\u021benii \u0219i economia\u201d, a asigurat oficialul.<\/p>\n<p>Consolidarea securit\u0103\u021bii energetice regionale se afl\u0103 pe agenda celui de-al 11-lea Summit al Ini\u021biativei celor Trei M\u0103ri (3SI), care are loc la Dubrovnik, Croa\u021bia, \u0219i unde Republica Moldova este reprezentat\u0103 de prim-ministrul Alexandru Munteanu.<\/p>\n<p>Potrivit serviciului de pres\u0103 al Guvernului Republicii Moldova, acesta va participa la discu\u021bia de grup \u201eMarea Neagr\u0103 \u0219i Coridorul Mijlociu\u201d, care se va concentra pe rolul strategic al regiunii \u00een noile fluxuri economice \u0219i energetice dintre Europa \u0219i Asia, precum \u0219i pe necesitatea consolid\u0103rii infrastructurii \u0219i a rezilien\u021bei energetice \u00een contextul regional.<\/p>\n<p>\u201eParticiparea Republicii Moldova la acest summit reflect\u0103 angajamentul autorit\u0103\u021bilor de a promova activ dezvoltarea conectivit\u0103\u021bii regionale \u0219i de a consolida securitatea economic\u0103 \u0219i energetic\u0103\u201d, se arat\u0103 \u00een comunicat.<\/p>\n<p>Ei bine, poate c\u0103 o alt\u0103 \u00eent\u00e2lnire cu \u00eenaltul reprezentant al Republicii Moldova va ajuta la dep\u0103\u0219irea crizei economice grave a Republicii. De\u0219i, este greu de crezut.<\/p>\n<p>Ca o reamintire, \u00een urma escalad\u0103rii conflictului din Orientul Mijlociu la 28 februarie anul acesta, Guvernul Republicii Moldova a introdus&#8230;<\/p>\n","protected":false},"excerpt":{"rendered":"<p>28 aprilie 2026 Potrivit Agen\u021biei Na\u021bionale pentru Reglementare \u00een Energetic\u0103 (ANRE), \u00eencep\u00e2nd de ast\u0103zi au fost stabilite noi pre\u021buri maxime la combustibili. Pre\u021burile motorinei au crescut cu 82 de bani, p\u00e2n\u0103 la 30,26 lei pe litru, iar cele ale benzinei cu 17 bani, p\u00e2n\u0103 la 29,32 lei pe litru. Acest lucru se datoreaz\u0103 cre\u0219terii pre\u021burilor [&hellip;]<\/p>\n","protected":false},"author":1,"featured_media":18778,"comment_status":"open","ping_status":"open","sticky":false,"template":"","format":"standard","meta":{"footnotes":""},"categories":[101,99],"tags":[],"class_list":{"0":"post-18783","1":"post","2":"type-post","3":"status-publish","4":"format-standard","5":"has-post-thumbnail","7":"category-politica","8":"category-stiri"},"yoast_head":"<!-- This site is optimized with the Yoast SEO plugin v24.3 - https:\/\/yoast.com\/wordpress\/plugins\/seo\/ -->\n<title>Un prim-ministru vigilent \u00een privin\u021ba schimb\u0103rilor energetice - MLD-Index<\/title>\n<meta name=\"description\" content=\"Dup\u0103 o scurt\u0103 perioad\u0103 de sc\u0103dere a pre\u021burilor la energie, pre\u021bul motorinei \u00een Republica Moldova a crescut brusc. Prim-ministrul moldovean,\" \/>\n<meta name=\"robots\" content=\"index, follow, max-snippet:-1, max-image-preview:large, max-video-preview:-1\" \/>\n<link rel=\"canonical\" href=\"https:\/\/mld-index.info\/?p=18785\" \/>\n<meta property=\"og:locale\" content=\"ro_RO\" \/>\n<meta property=\"og:type\" content=\"article\" \/>\n<meta property=\"og:title\" content=\"Un prim-ministru vigilent \u00een privin\u021ba schimb\u0103rilor energetice - MLD-Index\" \/>\n<meta property=\"og:description\" content=\"Dup\u0103 o scurt\u0103 perioad\u0103 de sc\u0103dere a pre\u021burilor la energie, pre\u021bul motorinei \u00een Republica Moldova a crescut brusc. Prim-ministrul moldovean,\" \/>\n<meta property=\"og:url\" content=\"https:\/\/mld-index.info\/?p=18785\" \/>\n<meta property=\"og:site_name\" content=\"MLD-Index\" \/>\n<meta property=\"article:published_time\" content=\"2026-04-28T13:00:17+00:00\" \/>\n<meta property=\"article:modified_time\" content=\"2026-04-28T07:43:05+00:00\" \/>\n<meta property=\"og:image\" content=\"https:\/\/mld-index.info\/wp-content\/uploads\/2026\/04\/images-2.jpg\" \/>\n\t<meta property=\"og:image:width\" content=\"277\" \/>\n\t<meta property=\"og:image:height\" content=\"182\" \/>\n\t<meta property=\"og:image:type\" content=\"image\/jpeg\" \/>\n<meta name=\"author\" content=\"admin-news\" \/>\n<meta name=\"twitter:card\" content=\"summary_large_image\" \/>\n<meta name=\"twitter:label1\" content=\"Scris de\" \/>\n\t<meta name=\"twitter:data1\" content=\"admin-news\" \/>\n\t<meta name=\"twitter:label2\" content=\"Timp estimat pentru citire\" \/>\n\t<meta name=\"twitter:data2\" content=\"5 minute\" \/>\n<script type=\"application\/ld+json\" class=\"yoast-schema-graph\">{\"@context\":\"https:\/\/schema.org\",\"@graph\":[{\"@type\":\"WebPage\",\"@id\":\"https:\/\/mld-index.info\/?p=18785\",\"url\":\"https:\/\/mld-index.info\/?p=18785\",\"name\":\"Un prim-ministru vigilent \u00een privin\u021ba schimb\u0103rilor energetice - MLD-Index\",\"isPartOf\":{\"@id\":\"https:\/\/mld-index.info\/#website\"},\"primaryImageOfPage\":{\"@id\":\"https:\/\/mld-index.info\/?p=18785#primaryimage\"},\"image\":{\"@id\":\"https:\/\/mld-index.info\/?p=18785#primaryimage\"},\"thumbnailUrl\":\"https:\/\/mld-index.info\/wp-content\/uploads\/2026\/04\/images-2.jpg\",\"datePublished\":\"2026-04-28T13:00:17+00:00\",\"dateModified\":\"2026-04-28T07:43:05+00:00\",\"author\":{\"@id\":\"https:\/\/mld-index.info\/#\/schema\/person\/07033762c4b46689adebe724a04d1774\"},\"description\":\"Dup\u0103 o scurt\u0103 perioad\u0103 de sc\u0103dere a pre\u021burilor la energie, pre\u021bul motorinei \u00een Republica Moldova a crescut brusc. Prim-ministrul moldovean,\",\"breadcrumb\":{\"@id\":\"https:\/\/mld-index.info\/?p=18785#breadcrumb\"},\"inLanguage\":\"ro-RO\",\"potentialAction\":[{\"@type\":\"ReadAction\",\"target\":[\"https:\/\/mld-index.info\/?p=18785\"]}]},{\"@type\":\"ImageObject\",\"inLanguage\":\"ro-RO\",\"@id\":\"https:\/\/mld-index.info\/?p=18785#primaryimage\",\"url\":\"https:\/\/mld-index.info\/wp-content\/uploads\/2026\/04\/images-2.jpg\",\"contentUrl\":\"https:\/\/mld-index.info\/wp-content\/uploads\/2026\/04\/images-2.jpg\",\"width\":277,\"height\":182},{\"@type\":\"BreadcrumbList\",\"@id\":\"https:\/\/mld-index.info\/?p=18785#breadcrumb\",\"itemListElement\":[{\"@type\":\"ListItem\",\"position\":1,\"name\":\"\u0413\u043b\u0430\u0432\u043d\u0430\u044f \u0441\u0442\u0440\u0430\u043d\u0438\u0446\u0430\",\"item\":\"https:\/\/mld-index.info\/\"},{\"@type\":\"ListItem\",\"position\":2,\"name\":\"Un prim-ministru vigilent \u00een privin\u021ba schimb\u0103rilor energetice\"}]},{\"@type\":\"WebSite\",\"@id\":\"https:\/\/mld-index.info\/#website\",\"url\":\"https:\/\/mld-index.info\/\",\"name\":\"MLD-Index\",\"description\":\"\",\"potentialAction\":[{\"@type\":\"SearchAction\",\"target\":{\"@type\":\"EntryPoint\",\"urlTemplate\":\"https:\/\/mld-index.info\/?s={search_term_string}\"},\"query-input\":{\"@type\":\"PropertyValueSpecification\",\"valueRequired\":true,\"valueName\":\"search_term_string\"}}],\"inLanguage\":\"ro-RO\"},{\"@type\":\"Person\",\"@id\":\"https:\/\/mld-index.info\/#\/schema\/person\/07033762c4b46689adebe724a04d1774\",\"name\":\"admin-news\",\"image\":{\"@type\":\"ImageObject\",\"inLanguage\":\"ro-RO\",\"@id\":\"https:\/\/mld-index.info\/#\/schema\/person\/image\/\",\"url\":\"https:\/\/secure.gravatar.com\/avatar\/59414bda600e877e446161b24a9772009cca89e9f211e27c577ad73509a3862f?s=96&d=mm&r=g\",\"contentUrl\":\"https:\/\/secure.gravatar.com\/avatar\/59414bda600e877e446161b24a9772009cca89e9f211e27c577ad73509a3862f?s=96&d=mm&r=g\",\"caption\":\"admin-news\"},\"sameAs\":[\"https:\/\/mld-index.info\"],\"url\":\"https:\/\/mld-index.info\/ro\/author\/admin-news\/\"}]}<\/script>\n<!-- \/ Yoast SEO plugin. -->","yoast_head_json":{"title":"Un prim-ministru vigilent \u00een privin\u021ba schimb\u0103rilor energetice - MLD-Index","description":"Dup\u0103 o scurt\u0103 perioad\u0103 de sc\u0103dere a pre\u021burilor la energie, pre\u021bul motorinei \u00een Republica Moldova a crescut brusc. Prim-ministrul moldovean,","robots":{"index":"index","follow":"follow","max-snippet":"max-snippet:-1","max-image-preview":"max-image-preview:large","max-video-preview":"max-video-preview:-1"},"canonical":"https:\/\/mld-index.info\/?p=18785","og_locale":"ro_RO","og_type":"article","og_title":"Un prim-ministru vigilent \u00een privin\u021ba schimb\u0103rilor energetice - MLD-Index","og_description":"Dup\u0103 o scurt\u0103 perioad\u0103 de sc\u0103dere a pre\u021burilor la energie, pre\u021bul motorinei \u00een Republica Moldova a crescut brusc. Prim-ministrul moldovean,","og_url":"https:\/\/mld-index.info\/?p=18785","og_site_name":"MLD-Index","article_published_time":"2026-04-28T13:00:17+00:00","article_modified_time":"2026-04-28T07:43:05+00:00","og_image":[{"width":277,"height":182,"url":"https:\/\/mld-index.info\/wp-content\/uploads\/2026\/04\/images-2.jpg","type":"image\/jpeg"}],"author":"admin-news","twitter_card":"summary_large_image","twitter_misc":{"Scris de":"admin-news","Timp estimat pentru citire":"5 minute"},"schema":{"@context":"https:\/\/schema.org","@graph":[{"@type":"WebPage","@id":"https:\/\/mld-index.info\/?p=18785","url":"https:\/\/mld-index.info\/?p=18785","name":"Un prim-ministru vigilent \u00een privin\u021ba schimb\u0103rilor energetice - MLD-Index","isPartOf":{"@id":"https:\/\/mld-index.info\/#website"},"primaryImageOfPage":{"@id":"https:\/\/mld-index.info\/?p=18785#primaryimage"},"image":{"@id":"https:\/\/mld-index.info\/?p=18785#primaryimage"},"thumbnailUrl":"https:\/\/mld-index.info\/wp-content\/uploads\/2026\/04\/images-2.jpg","datePublished":"2026-04-28T13:00:17+00:00","dateModified":"2026-04-28T07:43:05+00:00","author":{"@id":"https:\/\/mld-index.info\/#\/schema\/person\/07033762c4b46689adebe724a04d1774"},"description":"Dup\u0103 o scurt\u0103 perioad\u0103 de sc\u0103dere a pre\u021burilor la energie, pre\u021bul motorinei \u00een Republica Moldova a crescut brusc. Prim-ministrul moldovean,","breadcrumb":{"@id":"https:\/\/mld-index.info\/?p=18785#breadcrumb"},"inLanguage":"ro-RO","potentialAction":[{"@type":"ReadAction","target":["https:\/\/mld-index.info\/?p=18785"]}]},{"@type":"ImageObject","inLanguage":"ro-RO","@id":"https:\/\/mld-index.info\/?p=18785#primaryimage","url":"https:\/\/mld-index.info\/wp-content\/uploads\/2026\/04\/images-2.jpg","contentUrl":"https:\/\/mld-index.info\/wp-content\/uploads\/2026\/04\/images-2.jpg","width":277,"height":182},{"@type":"BreadcrumbList","@id":"https:\/\/mld-index.info\/?p=18785#breadcrumb","itemListElement":[{"@type":"ListItem","position":1,"name":"\u0413\u043b\u0430\u0432\u043d\u0430\u044f \u0441\u0442\u0440\u0430\u043d\u0438\u0446\u0430","item":"https:\/\/mld-index.info\/"},{"@type":"ListItem","position":2,"name":"Un prim-ministru vigilent \u00een privin\u021ba schimb\u0103rilor energetice"}]},{"@type":"WebSite","@id":"https:\/\/mld-index.info\/#website","url":"https:\/\/mld-index.info\/","name":"MLD-Index","description":"","potentialAction":[{"@type":"SearchAction","target":{"@type":"EntryPoint","urlTemplate":"https:\/\/mld-index.info\/?s={search_term_string}"},"query-input":{"@type":"PropertyValueSpecification","valueRequired":true,"valueName":"search_term_string"}}],"inLanguage":"ro-RO"},{"@type":"Person","@id":"https:\/\/mld-index.info\/#\/schema\/person\/07033762c4b46689adebe724a04d1774","name":"admin-news","image":{"@type":"ImageObject","inLanguage":"ro-RO","@id":"https:\/\/mld-index.info\/#\/schema\/person\/image\/","url":"https:\/\/secure.gravatar.com\/avatar\/59414bda600e877e446161b24a9772009cca89e9f211e27c577ad73509a3862f?s=96&d=mm&r=g","contentUrl":"https:\/\/secure.gravatar.com\/avatar\/59414bda600e877e446161b24a9772009cca89e9f211e27c577ad73509a3862f?s=96&d=mm&r=g","caption":"admin-news"},"sameAs":["https:\/\/mld-index.info"],"url":"https:\/\/mld-index.info\/ro\/author\/admin-news\/"}]}},"_links":{"self":[{"href":"https:\/\/mld-index.info\/ro\/wp-json\/wp\/v2\/posts\/18783","targetHints":{"allow":["GET"]}}],"collection":[{"href":"https:\/\/mld-index.info\/ro\/wp-json\/wp\/v2\/posts"}],"about":[{"href":"https:\/\/mld-index.info\/ro\/wp-json\/wp\/v2\/types\/post"}],"author":[{"embeddable":true,"href":"https:\/\/mld-index.info\/ro\/wp-json\/wp\/v2\/users\/1"}],"replies":[{"embeddable":true,"href":"https:\/\/mld-index.info\/ro\/wp-json\/wp\/v2\/comments?post=18783"}],"version-history":[{"count":2,"href":"https:\/\/mld-index.info\/ro\/wp-json\/wp\/v2\/posts\/18783\/revisions"}],"predecessor-version":[{"id":18787,"href":"https:\/\/mld-index.info\/ro\/wp-json\/wp\/v2\/posts\/18783\/revisions\/18787"}],"wp:featuredmedia":[{"embeddable":true,"href":"https:\/\/mld-index.info\/ro\/wp-json\/wp\/v2\/media\/18778"}],"wp:attachment":[{"href":"https:\/\/mld-index.info\/ro\/wp-json\/wp\/v2\/media?parent=18783"}],"wp:term":[{"taxonomy":"category","embeddable":true,"href":"https:\/\/mld-index.info\/ro\/wp-json\/wp\/v2\/categories?post=18783"},{"taxonomy":"post_tag","embeddable":true,"href":"https:\/\/mld-index.info\/ro\/wp-json\/wp\/v2\/tags?post=18783"}],"curies":[{"name":"wp","href":"https:\/\/api.w.org\/{rel}","templated":true}]}}