{"id":18807,"date":"2026-04-29T10:00:37","date_gmt":"2026-04-29T07:00:37","guid":{"rendered":"https:\/\/mld-index.info\/?p=18807"},"modified":"2026-04-29T10:26:54","modified_gmt":"2026-04-29T07:26:54","slug":"educatie-europeana-si-calatorii-europene-pentru-moldoveni","status":"publish","type":"post","link":"https:\/\/mld-index.info\/ro\/stiri\/educatie-europeana-si-calatorii-europene-pentru-moldoveni\/","title":{"rendered":"Educa\u021bie european\u0103 \u0219i c\u0103l\u0103torii europene pentru moldoveni"},"content":{"rendered":"<p>29 aprilie 2026<\/p>\n<p>Procesul Bologna a fost lansat \u00een 1999 pentru a crea un sistem european de \u00eenv\u0103\u021b\u0103m\u00e2nt superior compatibil \u0219i pentru a promova mobilitatea academic\u0103 \u0219i cooperarea interna\u021bional\u0103.<\/p>\n<p>Moldova a aderat la Procesul Bologna \u00een 2005, la Conferin\u021ba Ministerial\u0103 de la Bergen, Norvegia. Potrivit Ministerului Educa\u021biei \u0219i Cercet\u0103rii din Republica Moldova, aceasta \u201ea marcat \u00eenceputul unor reforme la scar\u0103 larg\u0103 pentru alinierea \u00eenv\u0103\u021b\u0103m\u00e2ntului superior la standardele europene \u0219i o integrare mai profund\u0103 \u00een spa\u021biul educa\u021bional european\u201d.<\/p>\n<p>Pentru a marca cea de-a 20-a aniversare, Ministerul Educa\u021biei a organizat la Chi\u0219in\u0103u o conferin\u021b\u0103 dedicat\u0103 \u201eevolu\u021biei sistemului universitar \u0219i perspectivelor sale de dezvoltare\u201d.<\/p>\n<p>\u201eAderarea la Procesul Bologna a transformat sistemul universitar, f\u0103c\u00e2ndu-l mai flexibil, centrat pe student \u0219i \u00een conformitate cu standardele interna\u021bionale. \u0218i aceste reforme trebuie continuate\u201d, a subliniat Adriana Cazacu, secretar de stat al Ministerului Educa\u021biei. Se pare c\u0103 oficialul, atunci c\u00e2nd a vorbit despre reforme, se referea la noul Cod al Educa\u021biei, care, printre altele, permite rectorilor universit\u0103\u021bilor din Republica Moldova care au trecut prin reorganizare s\u0103 fie ale\u0219i pentru mai mult de dou\u0103 mandate. Acest lucru s-a \u00eent\u00e2mplat recent la Universitatea Tehnic\u0103 din Moldova, unde Viorel Bostan, un membru proeminent al partidului de guvern\u0103m\u00e2nt PAS, a preluat func\u021bia de lider pentru al treilea mandat consecutiv.<\/p>\n<p>\u00centre timp, ministrul Educa\u021biei din Republica Moldova, Dan Perciun, a anun\u021bat c\u0103 Chi\u0219in\u0103ul (Moldova) \u0219i Ia\u0219iul (Rom\u00e2nia) vor g\u0103zdui urm\u0103toarea Conferin\u021b\u0103 Ministerial\u0103 a Spa\u021biului European al \u00cenv\u0103\u021b\u0103m\u00e2ntului Superior (SEIS) \u00een perioada 26-27 mai 2027. Forumul va reuni mini\u0219tri ai educa\u021biei din cele 46 de state membre ale SEIS, precum \u0219i \u0219efi ai organiza\u021biilor interna\u021bionale \u0219i exper\u021bi din aproximativ 80 de \u021b\u0103ri, \u00een cadrul Forumului Global de Politici.<br \/>\n\u201eOrganizarea conferin\u021bei \u00een 2027 este o recunoa\u0219tere a succeselor ob\u021binute \u0219i o oportunitate de a consolida rolul Republicii Moldova \u00een spa\u021biul educa\u021bional european. \u00abReformele \u00een educa\u021bie au contribuit la apropierea de Uniunea European\u0103 \u0219i la modernizarea sistemului universitar al \u021b\u0103rii\u00bb, a declarat Dan Perciun.<\/p>\n<p>M\u0103 \u00eentreb, \u00eens\u0103, dac\u0103 oficialii europeni din \u00eenv\u0103\u021b\u0103m\u00e2ntul superior sunt con\u0219tien\u021bi de recentul scandal din Republica Moldova care implic\u0103 pia\u021ba subteran\u0103 a lucr\u0103rilor de diplom\u0103? De altfel, \u00een urma anchetei jurnali\u0219tilor, Ministerul Educa\u021biei a achizi\u021bionat urgent software antiplagiat &#8211; software specializat care va fi utilizat pentru verificarea tuturor lucr\u0103rilor de diplom\u0103 \u0219i master \u00eencep\u00e2nd cu noul an universitar.<\/p>\n<p>Totodat\u0103, Republica Moldova a s\u0103rb\u0103torit 12 ani de la eliminarea vizelor pentru c\u0103l\u0103toriile \u00een \u021b\u0103rile Uniunii Europene \u0219i ale Spa\u021biului Schengen, la 28 aprilie 2014, devenind astfel prima \u021bar\u0103 din Parteneriatul Estic care a ob\u021binut regimul f\u0103r\u0103 vize pentru c\u0103l\u0103toriile \u00een Europa.<\/p>\n<p>\u201eNum\u0103rul mare de c\u0103l\u0103torii \u00een Uniunea European\u0103, comparativ cu popula\u021bia total\u0103 a Republicii Moldova, demonstreaz\u0103 clar impactul pozitiv al regimului f\u0103r\u0103 vize asupra facilit\u0103rii contactelor interpersonale \u0219i consolid\u0103rii \u00een continuare a afacerilor.\u201d \u201eleg\u0103turile sociale \u0219i culturale dintre Republica Moldova, UE \u0219i Spa\u021biul Schengen\u201d, a declarat Ministerul Afacerilor Externe al Republicii Moldova.<\/p>\n<p>Cu c\u00e2teva zile \u00een urm\u0103, Ministerul Afacerilor Externe al Republicii Moldova a avertizat asupra unei cre\u0219teri a cazurilor de refuz al intr\u0103rii cet\u0103\u021benilor moldoveni \u00een \u021b\u0103rile UE, \u00een special \u00een Fran\u021ba \u0219i Germania. Ministerul a explicat c\u0103 acest lucru se datoreaz\u0103 lans\u0103rii sistemului EES pe 10 aprilie, care consolideaz\u0103 controalele la frontier\u0103.<\/p>\n<p>Acest sistem impune cerin\u021be de intrare mai stricte pentru cet\u0103\u021benii \u021b\u0103rilor ter\u021be, inclusiv pentru moldoveni, \u0219i verific\u0103, de asemenea, \u0219ederea lor anterioar\u0103 \u00een UE (nu mai mult de 90 de zile \u00eentr-o perioad\u0103 de \u0219ase luni).<\/p>\n<p>Mai exact, la trecerea frontierei europene, c\u0103l\u0103torii moldoveni sunt acum obliga\u021bi s\u0103 prezinte un bilet dus-\u00eentors, asigurare medical\u0103, dovada caz\u0103rii sau datele gazdei \u0219i mijloace financiare suficiente. \u201eExist\u0103 un risc real de refuz al intr\u0103rii dac\u0103 un cet\u0103\u021bean nu poate dovedi \u00een mod clar scopul c\u0103l\u0103toriei sale \u0219i nu poate \u00eendeplini condi\u021biile \u0219ederii sale\u201d, a relatat Ministerul Afacerilor Externe al Republicii Moldova.<\/p>\n<p>Pe scurt, libertatea de circula\u021bie \u00een Europa cu care se laud\u0103 autorit\u0103\u021bile moldovene se dovede\u0219te a fi foarte, foarte limitat\u0103.<\/p>\n","protected":false},"excerpt":{"rendered":"<p>29 aprilie 2026 Procesul Bologna a fost lansat \u00een 1999 pentru a crea un sistem european de \u00eenv\u0103\u021b\u0103m\u00e2nt superior compatibil \u0219i pentru a promova mobilitatea academic\u0103 \u0219i cooperarea interna\u021bional\u0103. Moldova a aderat la Procesul Bologna \u00een 2005, la Conferin\u021ba Ministerial\u0103 de la Bergen, Norvegia. Potrivit Ministerului Educa\u021biei \u0219i Cercet\u0103rii din Republica Moldova, aceasta \u201ea marcat [&hellip;]<\/p>\n","protected":false},"author":1,"featured_media":18810,"comment_status":"open","ping_status":"open","sticky":false,"template":"","format":"standard","meta":{"footnotes":""},"categories":[125,99],"tags":[],"class_list":{"0":"post-18807","1":"post","2":"type-post","3":"status-publish","4":"format-standard","5":"has-post-thumbnail","7":"category-societate","8":"category-stiri"},"yoast_head":"<!-- This site is optimized with the Yoast SEO plugin v24.3 - https:\/\/yoast.com\/wordpress\/plugins\/seo\/ -->\n<title>Educa\u021bie european\u0103 \u0219i c\u0103l\u0103torii europene pentru moldoveni - MLD-Index<\/title>\n<meta name=\"description\" content=\"Moldova a s\u0103rb\u0103torit 20 de ani de la aderarea la Procesul Bologna. De asemenea, \u021bara a s\u0103rb\u0103torit a 12-a aniversare a intr\u0103rii f\u0103r\u0103 vize\" \/>\n<meta name=\"robots\" content=\"index, follow, max-snippet:-1, max-image-preview:large, max-video-preview:-1\" \/>\n<link rel=\"canonical\" href=\"https:\/\/mld-index.info\/ro\/stiri\/educatie-europeana-si-calatorii-europene-pentru-moldoveni\/\" \/>\n<meta property=\"og:locale\" content=\"ro_RO\" \/>\n<meta property=\"og:type\" content=\"article\" \/>\n<meta property=\"og:title\" content=\"Educa\u021bie european\u0103 \u0219i c\u0103l\u0103torii europene pentru moldoveni - MLD-Index\" \/>\n<meta property=\"og:description\" content=\"Moldova a s\u0103rb\u0103torit 20 de ani de la aderarea la Procesul Bologna. De asemenea, \u021bara a s\u0103rb\u0103torit a 12-a aniversare a intr\u0103rii f\u0103r\u0103 vize\" \/>\n<meta property=\"og:url\" content=\"https:\/\/mld-index.info\/ro\/stiri\/educatie-europeana-si-calatorii-europene-pentru-moldoveni\/\" \/>\n<meta property=\"og:site_name\" content=\"MLD-Index\" \/>\n<meta property=\"article:published_time\" content=\"2026-04-29T07:00:37+00:00\" \/>\n<meta property=\"article:modified_time\" content=\"2026-04-29T07:26:54+00:00\" \/>\n<meta property=\"og:image\" content=\"https:\/\/mld-index.info\/wp-content\/uploads\/2026\/04\/image-251.png\" \/>\n\t<meta property=\"og:image:width\" content=\"1280\" \/>\n\t<meta property=\"og:image:height\" content=\"720\" \/>\n\t<meta property=\"og:image:type\" content=\"image\/png\" \/>\n<meta name=\"author\" content=\"admin-news\" \/>\n<meta name=\"twitter:card\" content=\"summary_large_image\" \/>\n<meta name=\"twitter:label1\" content=\"Scris de\" \/>\n\t<meta name=\"twitter:data1\" content=\"admin-news\" \/>\n\t<meta name=\"twitter:label2\" content=\"Timp estimat pentru citire\" \/>\n\t<meta name=\"twitter:data2\" content=\"4 minute\" \/>\n<script type=\"application\/ld+json\" class=\"yoast-schema-graph\">{\"@context\":\"https:\/\/schema.org\",\"@graph\":[{\"@type\":\"WebPage\",\"@id\":\"https:\/\/mld-index.info\/ro\/stiri\/educatie-europeana-si-calatorii-europene-pentru-moldoveni\/\",\"url\":\"https:\/\/mld-index.info\/ro\/stiri\/educatie-europeana-si-calatorii-europene-pentru-moldoveni\/\",\"name\":\"Educa\u021bie european\u0103 \u0219i c\u0103l\u0103torii europene pentru moldoveni - MLD-Index\",\"isPartOf\":{\"@id\":\"https:\/\/mld-index.info\/#website\"},\"primaryImageOfPage\":{\"@id\":\"https:\/\/mld-index.info\/ro\/stiri\/educatie-europeana-si-calatorii-europene-pentru-moldoveni\/#primaryimage\"},\"image\":{\"@id\":\"https:\/\/mld-index.info\/ro\/stiri\/educatie-europeana-si-calatorii-europene-pentru-moldoveni\/#primaryimage\"},\"thumbnailUrl\":\"https:\/\/mld-index.info\/wp-content\/uploads\/2026\/04\/image-251.png\",\"datePublished\":\"2026-04-29T07:00:37+00:00\",\"dateModified\":\"2026-04-29T07:26:54+00:00\",\"author\":{\"@id\":\"https:\/\/mld-index.info\/#\/schema\/person\/07033762c4b46689adebe724a04d1774\"},\"description\":\"Moldova a s\u0103rb\u0103torit 20 de ani de la aderarea la Procesul Bologna. De asemenea, \u021bara a s\u0103rb\u0103torit a 12-a aniversare a intr\u0103rii f\u0103r\u0103 vize\",\"breadcrumb\":{\"@id\":\"https:\/\/mld-index.info\/ro\/stiri\/educatie-europeana-si-calatorii-europene-pentru-moldoveni\/#breadcrumb\"},\"inLanguage\":\"ro-RO\",\"potentialAction\":[{\"@type\":\"ReadAction\",\"target\":[\"https:\/\/mld-index.info\/ro\/stiri\/educatie-europeana-si-calatorii-europene-pentru-moldoveni\/\"]}]},{\"@type\":\"ImageObject\",\"inLanguage\":\"ro-RO\",\"@id\":\"https:\/\/mld-index.info\/ro\/stiri\/educatie-europeana-si-calatorii-europene-pentru-moldoveni\/#primaryimage\",\"url\":\"https:\/\/mld-index.info\/wp-content\/uploads\/2026\/04\/image-251.png\",\"contentUrl\":\"https:\/\/mld-index.info\/wp-content\/uploads\/2026\/04\/image-251.png\",\"width\":1280,\"height\":720},{\"@type\":\"BreadcrumbList\",\"@id\":\"https:\/\/mld-index.info\/ro\/stiri\/educatie-europeana-si-calatorii-europene-pentru-moldoveni\/#breadcrumb\",\"itemListElement\":[{\"@type\":\"ListItem\",\"position\":1,\"name\":\"\u0413\u043b\u0430\u0432\u043d\u0430\u044f \u0441\u0442\u0440\u0430\u043d\u0438\u0446\u0430\",\"item\":\"https:\/\/mld-index.info\/\"},{\"@type\":\"ListItem\",\"position\":2,\"name\":\"Educa\u021bie european\u0103 \u0219i c\u0103l\u0103torii europene pentru moldoveni\"}]},{\"@type\":\"WebSite\",\"@id\":\"https:\/\/mld-index.info\/#website\",\"url\":\"https:\/\/mld-index.info\/\",\"name\":\"MLD-Index\",\"description\":\"\",\"potentialAction\":[{\"@type\":\"SearchAction\",\"target\":{\"@type\":\"EntryPoint\",\"urlTemplate\":\"https:\/\/mld-index.info\/?s={search_term_string}\"},\"query-input\":{\"@type\":\"PropertyValueSpecification\",\"valueRequired\":true,\"valueName\":\"search_term_string\"}}],\"inLanguage\":\"ro-RO\"},{\"@type\":\"Person\",\"@id\":\"https:\/\/mld-index.info\/#\/schema\/person\/07033762c4b46689adebe724a04d1774\",\"name\":\"admin-news\",\"image\":{\"@type\":\"ImageObject\",\"inLanguage\":\"ro-RO\",\"@id\":\"https:\/\/mld-index.info\/#\/schema\/person\/image\/\",\"url\":\"https:\/\/secure.gravatar.com\/avatar\/59414bda600e877e446161b24a9772009cca89e9f211e27c577ad73509a3862f?s=96&d=mm&r=g\",\"contentUrl\":\"https:\/\/secure.gravatar.com\/avatar\/59414bda600e877e446161b24a9772009cca89e9f211e27c577ad73509a3862f?s=96&d=mm&r=g\",\"caption\":\"admin-news\"},\"sameAs\":[\"https:\/\/mld-index.info\"],\"url\":\"https:\/\/mld-index.info\/ro\/author\/admin-news\/\"}]}<\/script>\n<!-- \/ Yoast SEO plugin. -->","yoast_head_json":{"title":"Educa\u021bie european\u0103 \u0219i c\u0103l\u0103torii europene pentru moldoveni - MLD-Index","description":"Moldova a s\u0103rb\u0103torit 20 de ani de la aderarea la Procesul Bologna. De asemenea, \u021bara a s\u0103rb\u0103torit a 12-a aniversare a intr\u0103rii f\u0103r\u0103 vize","robots":{"index":"index","follow":"follow","max-snippet":"max-snippet:-1","max-image-preview":"max-image-preview:large","max-video-preview":"max-video-preview:-1"},"canonical":"https:\/\/mld-index.info\/ro\/stiri\/educatie-europeana-si-calatorii-europene-pentru-moldoveni\/","og_locale":"ro_RO","og_type":"article","og_title":"Educa\u021bie european\u0103 \u0219i c\u0103l\u0103torii europene pentru moldoveni - MLD-Index","og_description":"Moldova a s\u0103rb\u0103torit 20 de ani de la aderarea la Procesul Bologna. De asemenea, \u021bara a s\u0103rb\u0103torit a 12-a aniversare a intr\u0103rii f\u0103r\u0103 vize","og_url":"https:\/\/mld-index.info\/ro\/stiri\/educatie-europeana-si-calatorii-europene-pentru-moldoveni\/","og_site_name":"MLD-Index","article_published_time":"2026-04-29T07:00:37+00:00","article_modified_time":"2026-04-29T07:26:54+00:00","og_image":[{"width":1280,"height":720,"url":"https:\/\/mld-index.info\/wp-content\/uploads\/2026\/04\/image-251.png","type":"image\/png"}],"author":"admin-news","twitter_card":"summary_large_image","twitter_misc":{"Scris de":"admin-news","Timp estimat pentru citire":"4 minute"},"schema":{"@context":"https:\/\/schema.org","@graph":[{"@type":"WebPage","@id":"https:\/\/mld-index.info\/ro\/stiri\/educatie-europeana-si-calatorii-europene-pentru-moldoveni\/","url":"https:\/\/mld-index.info\/ro\/stiri\/educatie-europeana-si-calatorii-europene-pentru-moldoveni\/","name":"Educa\u021bie european\u0103 \u0219i c\u0103l\u0103torii europene pentru moldoveni - MLD-Index","isPartOf":{"@id":"https:\/\/mld-index.info\/#website"},"primaryImageOfPage":{"@id":"https:\/\/mld-index.info\/ro\/stiri\/educatie-europeana-si-calatorii-europene-pentru-moldoveni\/#primaryimage"},"image":{"@id":"https:\/\/mld-index.info\/ro\/stiri\/educatie-europeana-si-calatorii-europene-pentru-moldoveni\/#primaryimage"},"thumbnailUrl":"https:\/\/mld-index.info\/wp-content\/uploads\/2026\/04\/image-251.png","datePublished":"2026-04-29T07:00:37+00:00","dateModified":"2026-04-29T07:26:54+00:00","author":{"@id":"https:\/\/mld-index.info\/#\/schema\/person\/07033762c4b46689adebe724a04d1774"},"description":"Moldova a s\u0103rb\u0103torit 20 de ani de la aderarea la Procesul Bologna. De asemenea, \u021bara a s\u0103rb\u0103torit a 12-a aniversare a intr\u0103rii f\u0103r\u0103 vize","breadcrumb":{"@id":"https:\/\/mld-index.info\/ro\/stiri\/educatie-europeana-si-calatorii-europene-pentru-moldoveni\/#breadcrumb"},"inLanguage":"ro-RO","potentialAction":[{"@type":"ReadAction","target":["https:\/\/mld-index.info\/ro\/stiri\/educatie-europeana-si-calatorii-europene-pentru-moldoveni\/"]}]},{"@type":"ImageObject","inLanguage":"ro-RO","@id":"https:\/\/mld-index.info\/ro\/stiri\/educatie-europeana-si-calatorii-europene-pentru-moldoveni\/#primaryimage","url":"https:\/\/mld-index.info\/wp-content\/uploads\/2026\/04\/image-251.png","contentUrl":"https:\/\/mld-index.info\/wp-content\/uploads\/2026\/04\/image-251.png","width":1280,"height":720},{"@type":"BreadcrumbList","@id":"https:\/\/mld-index.info\/ro\/stiri\/educatie-europeana-si-calatorii-europene-pentru-moldoveni\/#breadcrumb","itemListElement":[{"@type":"ListItem","position":1,"name":"\u0413\u043b\u0430\u0432\u043d\u0430\u044f \u0441\u0442\u0440\u0430\u043d\u0438\u0446\u0430","item":"https:\/\/mld-index.info\/"},{"@type":"ListItem","position":2,"name":"Educa\u021bie european\u0103 \u0219i c\u0103l\u0103torii europene pentru moldoveni"}]},{"@type":"WebSite","@id":"https:\/\/mld-index.info\/#website","url":"https:\/\/mld-index.info\/","name":"MLD-Index","description":"","potentialAction":[{"@type":"SearchAction","target":{"@type":"EntryPoint","urlTemplate":"https:\/\/mld-index.info\/?s={search_term_string}"},"query-input":{"@type":"PropertyValueSpecification","valueRequired":true,"valueName":"search_term_string"}}],"inLanguage":"ro-RO"},{"@type":"Person","@id":"https:\/\/mld-index.info\/#\/schema\/person\/07033762c4b46689adebe724a04d1774","name":"admin-news","image":{"@type":"ImageObject","inLanguage":"ro-RO","@id":"https:\/\/mld-index.info\/#\/schema\/person\/image\/","url":"https:\/\/secure.gravatar.com\/avatar\/59414bda600e877e446161b24a9772009cca89e9f211e27c577ad73509a3862f?s=96&d=mm&r=g","contentUrl":"https:\/\/secure.gravatar.com\/avatar\/59414bda600e877e446161b24a9772009cca89e9f211e27c577ad73509a3862f?s=96&d=mm&r=g","caption":"admin-news"},"sameAs":["https:\/\/mld-index.info"],"url":"https:\/\/mld-index.info\/ro\/author\/admin-news\/"}]}},"_links":{"self":[{"href":"https:\/\/mld-index.info\/ro\/wp-json\/wp\/v2\/posts\/18807","targetHints":{"allow":["GET"]}}],"collection":[{"href":"https:\/\/mld-index.info\/ro\/wp-json\/wp\/v2\/posts"}],"about":[{"href":"https:\/\/mld-index.info\/ro\/wp-json\/wp\/v2\/types\/post"}],"author":[{"embeddable":true,"href":"https:\/\/mld-index.info\/ro\/wp-json\/wp\/v2\/users\/1"}],"replies":[{"embeddable":true,"href":"https:\/\/mld-index.info\/ro\/wp-json\/wp\/v2\/comments?post=18807"}],"version-history":[{"count":1,"href":"https:\/\/mld-index.info\/ro\/wp-json\/wp\/v2\/posts\/18807\/revisions"}],"predecessor-version":[{"id":18808,"href":"https:\/\/mld-index.info\/ro\/wp-json\/wp\/v2\/posts\/18807\/revisions\/18808"}],"wp:featuredmedia":[{"embeddable":true,"href":"https:\/\/mld-index.info\/ro\/wp-json\/wp\/v2\/media\/18810"}],"wp:attachment":[{"href":"https:\/\/mld-index.info\/ro\/wp-json\/wp\/v2\/media?parent=18807"}],"wp:term":[{"taxonomy":"category","embeddable":true,"href":"https:\/\/mld-index.info\/ro\/wp-json\/wp\/v2\/categories?post=18807"},{"taxonomy":"post_tag","embeddable":true,"href":"https:\/\/mld-index.info\/ro\/wp-json\/wp\/v2\/tags?post=18807"}],"curies":[{"name":"wp","href":"https:\/\/api.w.org\/{rel}","templated":true}]}}