{"id":18813,"date":"2026-04-29T16:00:49","date_gmt":"2026-04-29T13:00:49","guid":{"rendered":"https:\/\/mld-index.info\/?p=18813"},"modified":"2026-04-29T10:30:49","modified_gmt":"2026-04-29T07:30:49","slug":"cu-si-fara-decontare","status":"publish","type":"post","link":"https:\/\/mld-index.info\/ro\/stiri\/cu-si-fara-decontare\/","title":{"rendered":"Cu \u0219i f\u0103r\u0103 decontare"},"content":{"rendered":"<p>29 aprilie 2026<\/p>\n<p>Valeriu Chiveri, vorbind la Radio Moldova, a declarat c\u0103 actualul format \u201e1+1\u201d pentru solu\u021bionarea conflictului transnistrean este \u00een prezent singurul pentru comunicarea cu Tiraspolul \u0219i, prin urmare, trebuie utilizat \u201ela maximum\u201d. Cu toate acestea, negociatorul de la Chi\u0219in\u0103u a recunoscut c\u0103 discu\u021biile recente \u201enu au dat rezultate tangibile\u201d.<\/p>\n<p>Vicepreminstrul moldovean a declarat \u00eenc\u0103 o dat\u0103 c\u0103 formatul \u201e5+2\u201d &#8211; adic\u0103 negocierile mediate de Federa\u021bia Rus\u0103, Ucraina \u0219i OSCE &#8211; nu mai este \u201efunc\u021bional\u201d. Cu toate acestea, Chiveri nu \u00eel va abandona complet.<\/p>\n<p>\u201eAm fost \u00een serviciul diplomatic practic toat\u0103 via\u021ba. \u0218i, pe baza experien\u021bei mele, pot spune: \u00abniciodat\u0103 s\u0103 nu spui niciodat\u0103\u00bb.\u201d Situa\u021bia s-ar putea schimba la un moment dat. Dar nu cred c\u0103 o revenire la acest format este posibil\u0103 \u00een viitorul apropiat. \u201eDe asemenea, trebuie s\u0103 lu\u0103m \u00een considerare pozi\u021biile partenerilor\u201d, a subliniat oficialul, ad\u0103ug\u00e2nd c\u0103 autorit\u0103\u021bile moldovene deja iau \u00een considerare un nou format pentru procesul de negocieri. Vorbind despre poten\u021bialii participan\u021bi, el a men\u021bionat Uniunea European\u0103 \u0219i Statele Unite.<\/p>\n<p>\u201ePoate fi propus\u0103 participarea unor \u021b\u0103ri individuale ale UE. Ucraina, ca \u021bar\u0103 vecin\u0103, este, de asemenea, posibil\u0103.\u201d \u201eRusia nu poate fi considerat\u0103 \u00een prezent participant\u0103 la procesul de reglementare, deoarece este o \u021bar\u0103 agresoare\u201d, a declarat Valeriu Chiveri.<\/p>\n<p>Totu\u0219i, \u00een calitate de \u201ediplomat \u00eenn\u0103scut\u201d, dl Chiveri ar trebui s\u0103 \u0219tie c\u0103 Rusia nu este recunoscut\u0103 oficial drept \u201e\u021bar\u0103 agresoare\u201d. \u00cen mod similar, nimeni nu nume\u0219te evenimentele care se desf\u0103\u0219oar\u0103 la estul Moldovei un \u201er\u0103zboi\u201d, ci exclusiv un \u201econflict\u201d. \u0218i, \u00een general, cum se poate g\u00e2ndi m\u0103car la rezolvarea conflictului transnistrean, care dureaz\u0103 de aproape 35 de ani, f\u0103r\u0103 \u021bara care este principalul pilon economic al RMN \u0219i singurul punct de referin\u021b\u0103 politic pentru republica nerecunoscut\u0103?<\/p>\n<p>Totu\u0219i, Transnistria \u00eens\u0103\u0219i este de mult timp obi\u0219nuit\u0103 cu retorica anti-rus\u0103 a autorit\u0103\u021bilor moldovene. De exemplu, Chi\u0219in\u0103ul a lansat recent \u00eenc\u0103 un atac asupra Rusiei, de data aceasta legat de devers\u0103rile de petrol descoperite pe r\u00e2ul Nistru \u00een urma unui atac cu rachete asupra Centralei Hidroelectrice Nistru din Regiunea Cern\u0103u\u021bi a Ucrainei, \u00een luna martie a acestui an. Mai exact, pe 17 martie, Ministerul Afacerilor Externe al Republicii Moldova a transmis o not\u0103 de protest autorit\u0103\u021bilor ruse&#8230; ambasador, acuz\u00e2nd Moscova de implicare \u00een acest proces. Cu toate acestea, p\u00e2n\u0103 \u00een prezent, nimeni de pe malul drept al Nistrului nu a prezentat nicio dovad\u0103.<\/p>\n<p>La r\u00e2ndul s\u0103u, negociatorul Transnistriei \u0219i ministrul de externe al PMR, Vitali Ignatiev, a acuzat recent Chi\u0219in\u0103ul c\u0103 ascunde faptele dezastrului ecologic \u0219i distrugerea Nistrului. \u201eAm v\u0103zut cum Moldova a orchestrat o campanie de rela\u021bii publice zgomotoas\u0103 despre ni\u0219te scurgeri de petrol pe Nistru. Este foarte important s\u0103 ajungem la r\u0103d\u0103cina acestei situa\u021bii.\u201d \u201eDar \u00eenc\u0103 nu am primit rezultate clare \u00een urma examin\u0103rii \u0219i analizei.\u201d \u201eCauza polu\u0103rii pe care au politizat-o nu corespunde realit\u0103\u021bii\u201d, a declarat \u0219eful ministerului de externe transnistrean, ad\u0103ug\u00e2nd c\u0103, \u00een ultimii 35 de ani, autorit\u0103\u021bile moldovene nu au f\u0103cut nimic pentru a preveni poluarea r\u00e2urilor mici care se vars\u0103 \u00een Nistru.<\/p>\n<p>\u00centre timp, pre\u0219edinta Republicii Moldova, Maia Sandu, \u00eentr-un interviu acordat ziarului francez Le Monde, a recunoscut posibilitatea ader\u0103rii Republicii Moldova la Uniunea European\u0103 f\u0103r\u0103 Transnistria nerecunoscut\u0103. Totodat\u0103, \u0219eful statului \u0219i-a reafirmat angajamentul fa\u021b\u0103 de cet\u0103\u021beni de a asigura preg\u0103tirea Republicii Moldova pentru aderare p\u00e2n\u0103 \u00een 2030. \u201eLucr\u0103m activ \u00een acest sens. \u201eDesigur, mai sunt reforme semnificative de finalizat, dar ne vom \u00eendeplini obliga\u021biile, \u00een special \u00een domeniile justi\u021biei \u0219i luptei \u00eempotriva corup\u021biei\u201d, a spus ea.<\/p>\n<p>Dar despre ce fel de \u201eangajamente fa\u021b\u0103 de cet\u0103\u021beni\u201d putem vorbi dac\u0103 majoritatea cet\u0103\u021benilor moldoveni (aproximativ 53%) au votat \u00eempotriva ader\u0103rii \u021b\u0103rii la UE \u00een 2024, iar autorit\u0103\u021bile au c\u00e2\u0219tigat acel referendum de integrare european\u0103 doar datorit\u0103 diasporei din Europa \u0219i America \u0219i numeroaselor obstacole puse cet\u0103\u021benilor moldoveni care locuiesc \u00een Rusia \u0219i \u00een st\u00e2nga Nistrului?<\/p>\n<p>Totu\u0219i, \u00eentr-un interviu acordat jurnali\u0219tilor francezi, Maia Sandu \u0219i-a exprimat \u00eencrederea c\u0103 unificarea cu Rom\u00e2nia va facilita o aderare mai rapid\u0103 a Republicii Moldova la Uniunea European\u0103.<\/p>\n<p>Ca reamintire, la \u00eenceputul lunii februarie, \u00eentr-un interviu acordat podcastului britanic The Rest Is Politics, pre\u0219edintele Republicii Moldova a declarat c\u0103 va vota \u201eda\u201d dac\u0103 s-ar organiza un referendum privind unificarea cu Rom\u00e2nia. \u00cen urma \u0219efului statului, al\u021bi \u00eenal\u021bi oficiali moldoveni au f\u0103cut declara\u021bii similare. \u00cen urma acesteia, partidele socialist \u0219i comunist au cerut demisia lui M. Sandu din func\u021bia de pre\u0219edin\u021bie, acuz\u00e2nd-o de \u00eenc\u0103lcarea Constitu\u021biei \u0219i tr\u0103dare.<\/p>\n","protected":false},"excerpt":{"rendered":"<p>29 aprilie 2026 Valeriu Chiveri, vorbind la Radio Moldova, a declarat c\u0103 actualul format \u201e1+1\u201d pentru solu\u021bionarea conflictului transnistrean este \u00een prezent singurul pentru comunicarea cu Tiraspolul \u0219i, prin urmare, trebuie utilizat \u201ela maximum\u201d. Cu toate acestea, negociatorul de la Chi\u0219in\u0103u a recunoscut c\u0103 discu\u021biile recente \u201enu au dat rezultate tangibile\u201d. Vicepreminstrul moldovean a declarat [&hellip;]<\/p>\n","protected":false},"author":1,"featured_media":18811,"comment_status":"open","ping_status":"open","sticky":false,"template":"","format":"standard","meta":{"footnotes":""},"categories":[101,99],"tags":[],"class_list":{"0":"post-18813","1":"post","2":"type-post","3":"status-publish","4":"format-standard","5":"has-post-thumbnail","7":"category-politica","8":"category-stiri"},"yoast_head":"<!-- This site is optimized with the Yoast SEO plugin v24.3 - https:\/\/yoast.com\/wordpress\/plugins\/seo\/ -->\n<title>Cu \u0219i f\u0103r\u0103 decontare - MLD-Index<\/title>\n<meta name=\"description\" content=\"Viceprim-ministrul Republicii Moldova pentru Reintegrare, Valeriu Chiveri, analizeaz\u0103 un nou format pentru procesul de negocieri\" \/>\n<meta name=\"robots\" content=\"index, follow, max-snippet:-1, max-image-preview:large, max-video-preview:-1\" \/>\n<link rel=\"canonical\" href=\"https:\/\/mld-index.info\/?p=18815\" \/>\n<meta property=\"og:locale\" content=\"ro_RO\" \/>\n<meta property=\"og:type\" content=\"article\" \/>\n<meta property=\"og:title\" content=\"Cu \u0219i f\u0103r\u0103 decontare - MLD-Index\" \/>\n<meta property=\"og:description\" content=\"Viceprim-ministrul Republicii Moldova pentru Reintegrare, Valeriu Chiveri, analizeaz\u0103 un nou format pentru procesul de negocieri\" \/>\n<meta property=\"og:url\" content=\"https:\/\/mld-index.info\/?p=18815\" \/>\n<meta property=\"og:site_name\" content=\"MLD-Index\" \/>\n<meta property=\"article:published_time\" content=\"2026-04-29T13:00:49+00:00\" \/>\n<meta property=\"article:modified_time\" content=\"2026-04-29T07:30:49+00:00\" \/>\n<meta property=\"og:image\" content=\"https:\/\/mld-index.info\/wp-content\/uploads\/2026\/04\/52_0_bez_leyby_2.jpg\" \/>\n\t<meta property=\"og:image:width\" content=\"1000\" \/>\n\t<meta property=\"og:image:height\" content=\"666\" \/>\n\t<meta property=\"og:image:type\" content=\"image\/jpeg\" \/>\n<meta name=\"author\" content=\"admin-news\" \/>\n<meta name=\"twitter:card\" content=\"summary_large_image\" \/>\n<meta name=\"twitter:label1\" content=\"Scris de\" \/>\n\t<meta name=\"twitter:data1\" content=\"admin-news\" \/>\n\t<meta name=\"twitter:label2\" content=\"Timp estimat pentru citire\" \/>\n\t<meta name=\"twitter:data2\" content=\"5 minute\" \/>\n<script type=\"application\/ld+json\" class=\"yoast-schema-graph\">{\"@context\":\"https:\/\/schema.org\",\"@graph\":[{\"@type\":\"WebPage\",\"@id\":\"https:\/\/mld-index.info\/?p=18815\",\"url\":\"https:\/\/mld-index.info\/?p=18815\",\"name\":\"Cu \u0219i f\u0103r\u0103 decontare - MLD-Index\",\"isPartOf\":{\"@id\":\"https:\/\/mld-index.info\/#website\"},\"primaryImageOfPage\":{\"@id\":\"https:\/\/mld-index.info\/?p=18815#primaryimage\"},\"image\":{\"@id\":\"https:\/\/mld-index.info\/?p=18815#primaryimage\"},\"thumbnailUrl\":\"https:\/\/mld-index.info\/wp-content\/uploads\/2026\/04\/52_0_bez_leyby_2.jpg\",\"datePublished\":\"2026-04-29T13:00:49+00:00\",\"dateModified\":\"2026-04-29T07:30:49+00:00\",\"author\":{\"@id\":\"https:\/\/mld-index.info\/#\/schema\/person\/07033762c4b46689adebe724a04d1774\"},\"description\":\"Viceprim-ministrul Republicii Moldova pentru Reintegrare, Valeriu Chiveri, analizeaz\u0103 un nou format pentru procesul de negocieri\",\"breadcrumb\":{\"@id\":\"https:\/\/mld-index.info\/?p=18815#breadcrumb\"},\"inLanguage\":\"ro-RO\",\"potentialAction\":[{\"@type\":\"ReadAction\",\"target\":[\"https:\/\/mld-index.info\/?p=18815\"]}]},{\"@type\":\"ImageObject\",\"inLanguage\":\"ro-RO\",\"@id\":\"https:\/\/mld-index.info\/?p=18815#primaryimage\",\"url\":\"https:\/\/mld-index.info\/wp-content\/uploads\/2026\/04\/52_0_bez_leyby_2.jpg\",\"contentUrl\":\"https:\/\/mld-index.info\/wp-content\/uploads\/2026\/04\/52_0_bez_leyby_2.jpg\",\"width\":1000,\"height\":666},{\"@type\":\"BreadcrumbList\",\"@id\":\"https:\/\/mld-index.info\/?p=18815#breadcrumb\",\"itemListElement\":[{\"@type\":\"ListItem\",\"position\":1,\"name\":\"\u0413\u043b\u0430\u0432\u043d\u0430\u044f \u0441\u0442\u0440\u0430\u043d\u0438\u0446\u0430\",\"item\":\"https:\/\/mld-index.info\/\"},{\"@type\":\"ListItem\",\"position\":2,\"name\":\"Cu \u0219i f\u0103r\u0103 decontare\"}]},{\"@type\":\"WebSite\",\"@id\":\"https:\/\/mld-index.info\/#website\",\"url\":\"https:\/\/mld-index.info\/\",\"name\":\"MLD-Index\",\"description\":\"\",\"potentialAction\":[{\"@type\":\"SearchAction\",\"target\":{\"@type\":\"EntryPoint\",\"urlTemplate\":\"https:\/\/mld-index.info\/?s={search_term_string}\"},\"query-input\":{\"@type\":\"PropertyValueSpecification\",\"valueRequired\":true,\"valueName\":\"search_term_string\"}}],\"inLanguage\":\"ro-RO\"},{\"@type\":\"Person\",\"@id\":\"https:\/\/mld-index.info\/#\/schema\/person\/07033762c4b46689adebe724a04d1774\",\"name\":\"admin-news\",\"image\":{\"@type\":\"ImageObject\",\"inLanguage\":\"ro-RO\",\"@id\":\"https:\/\/mld-index.info\/#\/schema\/person\/image\/\",\"url\":\"https:\/\/secure.gravatar.com\/avatar\/59414bda600e877e446161b24a9772009cca89e9f211e27c577ad73509a3862f?s=96&d=mm&r=g\",\"contentUrl\":\"https:\/\/secure.gravatar.com\/avatar\/59414bda600e877e446161b24a9772009cca89e9f211e27c577ad73509a3862f?s=96&d=mm&r=g\",\"caption\":\"admin-news\"},\"sameAs\":[\"https:\/\/mld-index.info\"],\"url\":\"https:\/\/mld-index.info\/ro\/author\/admin-news\/\"}]}<\/script>\n<!-- \/ Yoast SEO plugin. -->","yoast_head_json":{"title":"Cu \u0219i f\u0103r\u0103 decontare - MLD-Index","description":"Viceprim-ministrul Republicii Moldova pentru Reintegrare, Valeriu Chiveri, analizeaz\u0103 un nou format pentru procesul de negocieri","robots":{"index":"index","follow":"follow","max-snippet":"max-snippet:-1","max-image-preview":"max-image-preview:large","max-video-preview":"max-video-preview:-1"},"canonical":"https:\/\/mld-index.info\/?p=18815","og_locale":"ro_RO","og_type":"article","og_title":"Cu \u0219i f\u0103r\u0103 decontare - MLD-Index","og_description":"Viceprim-ministrul Republicii Moldova pentru Reintegrare, Valeriu Chiveri, analizeaz\u0103 un nou format pentru procesul de negocieri","og_url":"https:\/\/mld-index.info\/?p=18815","og_site_name":"MLD-Index","article_published_time":"2026-04-29T13:00:49+00:00","article_modified_time":"2026-04-29T07:30:49+00:00","og_image":[{"width":1000,"height":666,"url":"https:\/\/mld-index.info\/wp-content\/uploads\/2026\/04\/52_0_bez_leyby_2.jpg","type":"image\/jpeg"}],"author":"admin-news","twitter_card":"summary_large_image","twitter_misc":{"Scris de":"admin-news","Timp estimat pentru citire":"5 minute"},"schema":{"@context":"https:\/\/schema.org","@graph":[{"@type":"WebPage","@id":"https:\/\/mld-index.info\/?p=18815","url":"https:\/\/mld-index.info\/?p=18815","name":"Cu \u0219i f\u0103r\u0103 decontare - MLD-Index","isPartOf":{"@id":"https:\/\/mld-index.info\/#website"},"primaryImageOfPage":{"@id":"https:\/\/mld-index.info\/?p=18815#primaryimage"},"image":{"@id":"https:\/\/mld-index.info\/?p=18815#primaryimage"},"thumbnailUrl":"https:\/\/mld-index.info\/wp-content\/uploads\/2026\/04\/52_0_bez_leyby_2.jpg","datePublished":"2026-04-29T13:00:49+00:00","dateModified":"2026-04-29T07:30:49+00:00","author":{"@id":"https:\/\/mld-index.info\/#\/schema\/person\/07033762c4b46689adebe724a04d1774"},"description":"Viceprim-ministrul Republicii Moldova pentru Reintegrare, Valeriu Chiveri, analizeaz\u0103 un nou format pentru procesul de negocieri","breadcrumb":{"@id":"https:\/\/mld-index.info\/?p=18815#breadcrumb"},"inLanguage":"ro-RO","potentialAction":[{"@type":"ReadAction","target":["https:\/\/mld-index.info\/?p=18815"]}]},{"@type":"ImageObject","inLanguage":"ro-RO","@id":"https:\/\/mld-index.info\/?p=18815#primaryimage","url":"https:\/\/mld-index.info\/wp-content\/uploads\/2026\/04\/52_0_bez_leyby_2.jpg","contentUrl":"https:\/\/mld-index.info\/wp-content\/uploads\/2026\/04\/52_0_bez_leyby_2.jpg","width":1000,"height":666},{"@type":"BreadcrumbList","@id":"https:\/\/mld-index.info\/?p=18815#breadcrumb","itemListElement":[{"@type":"ListItem","position":1,"name":"\u0413\u043b\u0430\u0432\u043d\u0430\u044f \u0441\u0442\u0440\u0430\u043d\u0438\u0446\u0430","item":"https:\/\/mld-index.info\/"},{"@type":"ListItem","position":2,"name":"Cu \u0219i f\u0103r\u0103 decontare"}]},{"@type":"WebSite","@id":"https:\/\/mld-index.info\/#website","url":"https:\/\/mld-index.info\/","name":"MLD-Index","description":"","potentialAction":[{"@type":"SearchAction","target":{"@type":"EntryPoint","urlTemplate":"https:\/\/mld-index.info\/?s={search_term_string}"},"query-input":{"@type":"PropertyValueSpecification","valueRequired":true,"valueName":"search_term_string"}}],"inLanguage":"ro-RO"},{"@type":"Person","@id":"https:\/\/mld-index.info\/#\/schema\/person\/07033762c4b46689adebe724a04d1774","name":"admin-news","image":{"@type":"ImageObject","inLanguage":"ro-RO","@id":"https:\/\/mld-index.info\/#\/schema\/person\/image\/","url":"https:\/\/secure.gravatar.com\/avatar\/59414bda600e877e446161b24a9772009cca89e9f211e27c577ad73509a3862f?s=96&d=mm&r=g","contentUrl":"https:\/\/secure.gravatar.com\/avatar\/59414bda600e877e446161b24a9772009cca89e9f211e27c577ad73509a3862f?s=96&d=mm&r=g","caption":"admin-news"},"sameAs":["https:\/\/mld-index.info"],"url":"https:\/\/mld-index.info\/ro\/author\/admin-news\/"}]}},"_links":{"self":[{"href":"https:\/\/mld-index.info\/ro\/wp-json\/wp\/v2\/posts\/18813","targetHints":{"allow":["GET"]}}],"collection":[{"href":"https:\/\/mld-index.info\/ro\/wp-json\/wp\/v2\/posts"}],"about":[{"href":"https:\/\/mld-index.info\/ro\/wp-json\/wp\/v2\/types\/post"}],"author":[{"embeddable":true,"href":"https:\/\/mld-index.info\/ro\/wp-json\/wp\/v2\/users\/1"}],"replies":[{"embeddable":true,"href":"https:\/\/mld-index.info\/ro\/wp-json\/wp\/v2\/comments?post=18813"}],"version-history":[{"count":1,"href":"https:\/\/mld-index.info\/ro\/wp-json\/wp\/v2\/posts\/18813\/revisions"}],"predecessor-version":[{"id":18814,"href":"https:\/\/mld-index.info\/ro\/wp-json\/wp\/v2\/posts\/18813\/revisions\/18814"}],"wp:featuredmedia":[{"embeddable":true,"href":"https:\/\/mld-index.info\/ro\/wp-json\/wp\/v2\/media\/18811"}],"wp:attachment":[{"href":"https:\/\/mld-index.info\/ro\/wp-json\/wp\/v2\/media?parent=18813"}],"wp:term":[{"taxonomy":"category","embeddable":true,"href":"https:\/\/mld-index.info\/ro\/wp-json\/wp\/v2\/categories?post=18813"},{"taxonomy":"post_tag","embeddable":true,"href":"https:\/\/mld-index.info\/ro\/wp-json\/wp\/v2\/tags?post=18813"}],"curies":[{"name":"wp","href":"https:\/\/api.w.org\/{rel}","templated":true}]}}