{"id":20686,"date":"2026-09-01T10:00:23","date_gmt":"2026-09-01T07:00:23","guid":{"rendered":"https:\/\/mld-index.info\/?p=20686"},"modified":"2026-09-01T10:56:39","modified_gmt":"2026-09-01T07:56:39","slug":"sarbatoare-pe-scara-larga","status":"publish","type":"post","link":"https:\/\/mld-index.info\/ro\/stiri\/sarbatoare-pe-scara-larga\/","title":{"rendered":"S\u0103rb\u0103toare pe scar\u0103 larg\u0103"},"content":{"rendered":"<p>**01.09.2026**<\/p>\n<p>Cu aproape o lun\u0103 \u00eenainte de festivit\u0103\u021bile dedicate celei de-a 35-a anivers\u0103ri a proclam\u0103rii Republicii Moldova, mai exact pe 29 iulie, prim-ministrul Republicii Moldova, Vasile Tofan, a f\u0103cut un apel la reducerea cheltuielilor bugetare. \u201eZiua Independen\u021bei trebuie s\u0103rb\u0103torit\u0103 cu suflet \u0219i inim\u0103, dar, av\u00e2nd \u00een vedere deficitul bugetar, nu neap\u0103rat cu cheltuieli foarte mari\u201d, a declarat \u0219eful executivului \u00een cadrul \u0219edin\u021bei Guvernului.<\/p>\n<p>Cu toate acestea, chiar a doua zi, adic\u0103 pe 30 iulie, Ministerul Culturii al Republicii Moldova a modificat planul anual de achizi\u021bii \u0219i a majorat brusc bugetul pentru s\u0103rb\u0103torirea Zilei Independen\u021bei de la 500 de mii la 10 milioane de lei. La Ministerul Culturii au precizat atunci c\u0103 suma ini\u021bial\u0103 a fost calculat\u0103 \u00eenainte de aprobarea programului na\u021bional \u201eIndependen\u021ba care ne une\u0219te. Moldova-35\u201d. \u201eDup\u0103 adoptarea programului, institu\u021bia a primit responsabilit\u0103\u021bi suplimentare pentru organizarea evenimentelor festive \u0219i, prin urmare, bugetul a fost revizuit\u201d, au explicat reprezentan\u021bii ministerului.<\/p>\n<p>Potrivit \u201eRISE Moldova\u201d, contractul pentru organizarea evenimentului a fost atribuit institu\u021biei publice \u201eMoldova-Concert\u201d prin negocieri directe, f\u0103r\u0103 publicarea prealabil\u0103 a unui anun\u021b de participare \u0219i f\u0103r\u0103 organizarea unei licita\u021bii deschise, a\u0219a cum prevede legisla\u021bia. \u00cen minister, acest lucru a fost justificat prin particularit\u0103\u021bile tehnice \u0219i artistice ale serviciilor, precum \u0219i prin necesitatea organiz\u0103rii evenimentului \u201e\u00een regim de maxim\u0103 urgen\u021b\u0103\u201d.<\/p>\n<p>Cu toate acestea, experta \u00een achizi\u021bii publice, Diana Enachi, de la Institutul pentru Dezvoltare \u0219i Ini\u021biative Sociale IDIS \u201eViitorul\u201d, a calificat argumentele autorit\u0103\u021bilor drept nefondate. Potrivit specialistei, invocarea urgen\u021bei pentru organizarea unui eveniment care are loc anual la aceea\u0219i dat\u0103 indic\u0103 probleme de planificare \u0219i nu constituie un temei legal suficient pentru a renun\u021ba la procedura competitiv\u0103.<\/p>\n<p>\u00cen investiga\u021bia \u201eRISE Moldova\u201d se mai afirm\u0103 c\u0103 montarea scenei \u0219i anun\u021barea arti\u0219tilor au \u00eenceput \u00eenainte ca Ministerul Culturii s\u0103 atribuie oficial contractul \u201eMoldova-Concert\u201d. Ordinul de atribuire a fost semnat pe 25 august \u2013 cu doar dou\u0103 zile \u00eenainte de eveniment.<\/p>\n<p>\u201eRISE Moldova\u201d a solicitat Ministerului Culturii al Republicii Moldova documentele legate de procedura de achizi\u021bie, inclusiv contractul, oferta financiar\u0103 \u0219i devizul detaliat al cheltuielilor. La r\u00e2ndul s\u0103u, ministerul nu a furnizat documentele solicitate, declar\u00e2nd c\u0103 acestea sunt, chipurile, disponibile \u00een Registrul buletinelor de achizi\u021bii publice.<\/p>\n<p>\u201eNu am g\u0103sit aceste documente acolo \u0219i nu am primit clarific\u0103ri suplimentare p\u00e2n\u0103 la publicarea investiga\u021biei\u201d, afirm\u0103 reprezentan\u021bii \u201eRISE Moldova\u201d \u2013 o comunitate de jurnali\u0219ti de investiga\u021bie, programatori \u0219i activi\u0219ti din Republica Moldova, fondat\u0103 la 17 martie 2014. Aceast\u0103 organiza\u021bie non-guvernamental\u0103, membr\u0103 a re\u021belei globale de jurnalism, se ocup\u0103 de dezv\u0103luirea schemelor infrac\u021bionale \u0219i de corup\u021bie, a fraudelor fiscale \u0219i a afacerilor ilegale ale politicienilor.<\/p>\n<p>Reamintim c\u0103, \u00eenaintea desf\u0103\u0219ur\u0103rii evenimentelor festive, liderul Partidului Sociali\u0219tilor din Republica Moldova (PSRM), Igor Dodon, a criticat dur amploarea festivit\u0103\u021bilor aniversare. \u201eNu avem bani pentru salarii \u0219i agricultur\u0103, dar cheltuim bugetul pe cine \u0219tie ce. S\u0103 facem totul mai modest. Da, 35 de ani de independen\u021b\u0103 este important. Dar s\u0103 organiz\u0103m un eveniment modest, f\u0103r\u0103 cheltuieli uria\u0219e\u201d, s-a declan\u0219at deputatul socialist \u00eempotriva puterii actuale.<\/p>\n<p>\u201e35 de ani se \u00eent\u00e2mpl\u0103 o dat\u0103 \u00een via\u021b\u0103. \u0218i este vorba despre independen\u021b\u0103. S\u0103 aducem un omagiu celor care, acum 35 de ani, au avut curaj \u0219i nu s-au l\u0103sat intimida\u021bi de KGB \u0219i de diverse bande\u201d, i-a r\u0103spuns opozantului pre\u0219edintele Parlamentului Republicii Moldova, Igor Grosu, al c\u0103rui comportament arogant este o copie exact\u0103 a celor ai activi\u0219tilor de partid \u0219i de comsomol sovietici. \u0218i, permite\u021bi-ne s\u0103 \u00eentreb\u0103m, cu ce se deosebesc liderii \u201eeuropeni\u201d ai \u021b\u0103rii, cufunda\u021bi \u00een nenum\u0103rate scandaluri de corup\u021bie \u0219i nepotism, de bandi\u021bii obi\u0219nui\u021bi?<\/p>\n<p>\u00cen general, actuala putere din Republica Moldova este o ilustrare elocvent\u0103 a cuvintelor g\u00e2nditorului englez din secolul al XIX-lea, Thomas Carlyle: \u201eRevolu\u021biile sunt preg\u0103tite de genii, f\u0103cute de romantici, iar roadele lor sunt culese de tic\u0103lo\u0219i \u00eenr\u0103i\u021bi\u201d.<\/p>\n<p>Revenind la neregulile legate de organizarea de c\u0103tre Ministerul Culturii al Republicii Moldova a actualelor evenimente festive f\u0103r\u0103 organizarea unei licita\u021bii, trebuie amintit \u0219i scandalul de anul trecut, legat de dou\u0103 licita\u021bii c\u00e2\u0219tigate de Elena Marian \u2013 mama deputatului parlamentar Radu Marian. Valoarea licita\u021biilor pentru organizarea turneului muzical \u201eMoldova \u2013 familia noastr\u0103\u201d se ridica atunci la 3,5 milioane de lei. \u00cen cadrul evenimentului, \u00een 2025, urmau s\u0103 aib\u0103 loc concerte pentru diaspora moldoveneasc\u0103 \u00een Rom\u00e2nia, Italia, Fran\u021ba \u0219i Germania. Dirijorul \u0219i directorul muzical al festivalului era indicat Adriano (dar nu Celentano), iar Marian \u2013 fratele parlamentarului \u0219i vicepre\u0219edintele partidului PAS. Indignarea opiniei publice din Republica Moldova a fost st\u00e2rnit\u0103 de faptul c\u0103 Asocia\u021bia muzical\u0103 de familie \u201eMarian\u201d a fost singurul participant la licita\u021bia pentru evenimentele organizate de Biroul pentru Rela\u021bii cu Diaspora, care face parte din structura Cancelariei de Stat a Guvernului. Responsabil\u0103 de organizarea concursului era vice-secretarul general al Guvernului Republicii Moldova, Tatiana Cucuietu, care anterior ocupase func\u021bia de director opera\u021bional al PAS \u0219i se afla \u00een subordinea direct\u0103 a vicepre\u0219edintelui partidului de guvern\u0103m\u00e2nt, Radu Marian.<\/p>\n<p>De asemenea, trebuie men\u021bionat c\u0103, \u00een ultimii ani, cheltuielile pentru s\u0103rb\u0103torirea Zilei Independen\u021bei \u00een Republica Moldova au crescut semnificativ. Dac\u0103 \u00een 2023 s-au cheltuit aproximativ 4,6 milioane de lei, \u00een 2024 suma a atins aproape 10 milioane de lei, la fel ca \u00een acest an, dar pentru un program de trei zile, nu de o singur\u0103 zi. \u00cen 2025, pentru s\u0103rb\u0103toare au fost alocate aproximativ 6 milioane de lei.<\/p>\n","protected":false},"excerpt":{"rendered":"<p>**01.09.2026** Cu aproape o lun\u0103 \u00eenainte de festivit\u0103\u021bile dedicate celei de-a 35-a anivers\u0103ri a proclam\u0103rii Republicii Moldova, mai exact pe 29 iulie, prim-ministrul Republicii Moldova, Vasile Tofan, a f\u0103cut un apel la reducerea cheltuielilor bugetare. \u201eZiua Independen\u021bei trebuie s\u0103rb\u0103torit\u0103 cu suflet \u0219i inim\u0103, dar, av\u00e2nd \u00een vedere deficitul bugetar, nu neap\u0103rat cu cheltuieli foarte mari\u201d, [&hellip;]<\/p>\n","protected":false},"author":1,"featured_media":20687,"comment_status":"open","ping_status":"open","sticky":false,"template":"","format":"standard","meta":{"footnotes":""},"categories":[103,99],"tags":[],"class_list":["post-20686","post","type-post","status-publish","format-standard","has-post-thumbnail","category-economie-si-finante","category-stiri"],"yoast_head":"<!-- This site is optimized with the Yoast SEO plugin v24.3 - https:\/\/yoast.com\/wordpress\/plugins\/seo\/ -->\n<title>S\u0103rb\u0103toare pe scar\u0103 larg\u0103 - MLD-Index<\/title>\n<meta name=\"description\" content=\"Portalul \u201eRISE Moldova\u201d a publicat o investiga\u021bie privind finan\u021barea de c\u0103tre autorit\u0103\u021bi a Zilei Independen\u021bei. Pentru evenimentele de\" \/>\n<meta name=\"robots\" content=\"index, follow, max-snippet:-1, max-image-preview:large, max-video-preview:-1\" \/>\n<link rel=\"canonical\" href=\"https:\/\/mld-index.info\/ro\/stiri\/sarbatoare-pe-scara-larga\/\" \/>\n<meta property=\"og:locale\" content=\"ro_RO\" \/>\n<meta property=\"og:type\" content=\"article\" \/>\n<meta property=\"og:title\" content=\"S\u0103rb\u0103toare pe scar\u0103 larg\u0103 - MLD-Index\" \/>\n<meta property=\"og:description\" content=\"Portalul \u201eRISE Moldova\u201d a publicat o investiga\u021bie privind finan\u021barea de c\u0103tre autorit\u0103\u021bi a Zilei Independen\u021bei. Pentru evenimentele de\" \/>\n<meta property=\"og:url\" content=\"https:\/\/mld-index.info\/ro\/stiri\/sarbatoare-pe-scara-larga\/\" \/>\n<meta property=\"og:site_name\" content=\"MLD-Index\" \/>\n<meta property=\"article:published_time\" content=\"2026-09-01T07:00:23+00:00\" \/>\n<meta property=\"article:modified_time\" content=\"2026-09-01T07:56:39+00:00\" \/>\n<meta property=\"og:image\" content=\"https:\/\/mld-index.info\/wp-content\/uploads\/2026\/09\/photo_2026-08-29_17-59-00.jpg\" \/>\n\t<meta property=\"og:image:width\" content=\"1080\" \/>\n\t<meta property=\"og:image:height\" content=\"720\" \/>\n\t<meta property=\"og:image:type\" content=\"image\/jpeg\" \/>\n<meta name=\"author\" content=\"admin-news\" \/>\n<meta name=\"twitter:card\" content=\"summary_large_image\" \/>\n<meta name=\"twitter:label1\" content=\"Scris de\" \/>\n\t<meta name=\"twitter:data1\" content=\"admin-news\" \/>\n\t<meta name=\"twitter:label2\" content=\"Timp estimat pentru citire\" \/>\n\t<meta name=\"twitter:data2\" content=\"5 minute\" \/>\n<script type=\"application\/ld+json\" class=\"yoast-schema-graph\">{\"@context\":\"https:\/\/schema.org\",\"@graph\":[{\"@type\":\"WebPage\",\"@id\":\"https:\/\/mld-index.info\/ro\/stiri\/sarbatoare-pe-scara-larga\/\",\"url\":\"https:\/\/mld-index.info\/ro\/stiri\/sarbatoare-pe-scara-larga\/\",\"name\":\"S\u0103rb\u0103toare pe scar\u0103 larg\u0103 - MLD-Index\",\"isPartOf\":{\"@id\":\"https:\/\/mld-index.info\/#website\"},\"primaryImageOfPage\":{\"@id\":\"https:\/\/mld-index.info\/ro\/stiri\/sarbatoare-pe-scara-larga\/#primaryimage\"},\"image\":{\"@id\":\"https:\/\/mld-index.info\/ro\/stiri\/sarbatoare-pe-scara-larga\/#primaryimage\"},\"thumbnailUrl\":\"https:\/\/mld-index.info\/wp-content\/uploads\/2026\/09\/photo_2026-08-29_17-59-00.jpg\",\"datePublished\":\"2026-09-01T07:00:23+00:00\",\"dateModified\":\"2026-09-01T07:56:39+00:00\",\"author\":{\"@id\":\"https:\/\/mld-index.info\/#\/schema\/person\/07033762c4b46689adebe724a04d1774\"},\"description\":\"Portalul \u201eRISE Moldova\u201d a publicat o investiga\u021bie privind finan\u021barea de c\u0103tre autorit\u0103\u021bi a Zilei Independen\u021bei. Pentru evenimentele de\",\"breadcrumb\":{\"@id\":\"https:\/\/mld-index.info\/ro\/stiri\/sarbatoare-pe-scara-larga\/#breadcrumb\"},\"inLanguage\":\"ro-RO\",\"potentialAction\":[{\"@type\":\"ReadAction\",\"target\":[\"https:\/\/mld-index.info\/ro\/stiri\/sarbatoare-pe-scara-larga\/\"]}]},{\"@type\":\"ImageObject\",\"inLanguage\":\"ro-RO\",\"@id\":\"https:\/\/mld-index.info\/ro\/stiri\/sarbatoare-pe-scara-larga\/#primaryimage\",\"url\":\"https:\/\/mld-index.info\/wp-content\/uploads\/2026\/09\/photo_2026-08-29_17-59-00.jpg\",\"contentUrl\":\"https:\/\/mld-index.info\/wp-content\/uploads\/2026\/09\/photo_2026-08-29_17-59-00.jpg\",\"width\":1080,\"height\":720},{\"@type\":\"BreadcrumbList\",\"@id\":\"https:\/\/mld-index.info\/ro\/stiri\/sarbatoare-pe-scara-larga\/#breadcrumb\",\"itemListElement\":[{\"@type\":\"ListItem\",\"position\":1,\"name\":\"\u0413\u043b\u0430\u0432\u043d\u0430\u044f \u0441\u0442\u0440\u0430\u043d\u0438\u0446\u0430\",\"item\":\"https:\/\/mld-index.info\/\"},{\"@type\":\"ListItem\",\"position\":2,\"name\":\"S\u0103rb\u0103toare pe scar\u0103 larg\u0103\"}]},{\"@type\":\"WebSite\",\"@id\":\"https:\/\/mld-index.info\/#website\",\"url\":\"https:\/\/mld-index.info\/\",\"name\":\"MLD-Index\",\"description\":\"\",\"potentialAction\":[{\"@type\":\"SearchAction\",\"target\":{\"@type\":\"EntryPoint\",\"urlTemplate\":\"https:\/\/mld-index.info\/?s={search_term_string}\"},\"query-input\":{\"@type\":\"PropertyValueSpecification\",\"valueRequired\":true,\"valueName\":\"search_term_string\"}}],\"inLanguage\":\"ro-RO\"},{\"@type\":\"Person\",\"@id\":\"https:\/\/mld-index.info\/#\/schema\/person\/07033762c4b46689adebe724a04d1774\",\"name\":\"admin-news\",\"image\":{\"@type\":\"ImageObject\",\"inLanguage\":\"ro-RO\",\"@id\":\"https:\/\/mld-index.info\/#\/schema\/person\/image\/\",\"url\":\"https:\/\/secure.gravatar.com\/avatar\/59414bda600e877e446161b24a9772009cca89e9f211e27c577ad73509a3862f?s=96&d=mm&r=g\",\"contentUrl\":\"https:\/\/secure.gravatar.com\/avatar\/59414bda600e877e446161b24a9772009cca89e9f211e27c577ad73509a3862f?s=96&d=mm&r=g\",\"caption\":\"admin-news\"},\"sameAs\":[\"https:\/\/mld-index.info\"],\"url\":\"https:\/\/mld-index.info\/ro\/author\/admin-news\/\"}]}<\/script>\n<!-- \/ Yoast SEO plugin. -->","yoast_head_json":{"title":"S\u0103rb\u0103toare pe scar\u0103 larg\u0103 - MLD-Index","description":"Portalul \u201eRISE Moldova\u201d a publicat o investiga\u021bie privind finan\u021barea de c\u0103tre autorit\u0103\u021bi a Zilei Independen\u021bei. Pentru evenimentele de","robots":{"index":"index","follow":"follow","max-snippet":"max-snippet:-1","max-image-preview":"max-image-preview:large","max-video-preview":"max-video-preview:-1"},"canonical":"https:\/\/mld-index.info\/ro\/stiri\/sarbatoare-pe-scara-larga\/","og_locale":"ro_RO","og_type":"article","og_title":"S\u0103rb\u0103toare pe scar\u0103 larg\u0103 - MLD-Index","og_description":"Portalul \u201eRISE Moldova\u201d a publicat o investiga\u021bie privind finan\u021barea de c\u0103tre autorit\u0103\u021bi a Zilei Independen\u021bei. Pentru evenimentele de","og_url":"https:\/\/mld-index.info\/ro\/stiri\/sarbatoare-pe-scara-larga\/","og_site_name":"MLD-Index","article_published_time":"2026-09-01T07:00:23+00:00","article_modified_time":"2026-09-01T07:56:39+00:00","og_image":[{"width":1080,"height":720,"url":"https:\/\/mld-index.info\/wp-content\/uploads\/2026\/09\/photo_2026-08-29_17-59-00.jpg","type":"image\/jpeg"}],"author":"admin-news","twitter_card":"summary_large_image","twitter_misc":{"Scris de":"admin-news","Timp estimat pentru citire":"5 minute"},"schema":{"@context":"https:\/\/schema.org","@graph":[{"@type":"WebPage","@id":"https:\/\/mld-index.info\/ro\/stiri\/sarbatoare-pe-scara-larga\/","url":"https:\/\/mld-index.info\/ro\/stiri\/sarbatoare-pe-scara-larga\/","name":"S\u0103rb\u0103toare pe scar\u0103 larg\u0103 - MLD-Index","isPartOf":{"@id":"https:\/\/mld-index.info\/#website"},"primaryImageOfPage":{"@id":"https:\/\/mld-index.info\/ro\/stiri\/sarbatoare-pe-scara-larga\/#primaryimage"},"image":{"@id":"https:\/\/mld-index.info\/ro\/stiri\/sarbatoare-pe-scara-larga\/#primaryimage"},"thumbnailUrl":"https:\/\/mld-index.info\/wp-content\/uploads\/2026\/09\/photo_2026-08-29_17-59-00.jpg","datePublished":"2026-09-01T07:00:23+00:00","dateModified":"2026-09-01T07:56:39+00:00","author":{"@id":"https:\/\/mld-index.info\/#\/schema\/person\/07033762c4b46689adebe724a04d1774"},"description":"Portalul \u201eRISE Moldova\u201d a publicat o investiga\u021bie privind finan\u021barea de c\u0103tre autorit\u0103\u021bi a Zilei Independen\u021bei. Pentru evenimentele de","breadcrumb":{"@id":"https:\/\/mld-index.info\/ro\/stiri\/sarbatoare-pe-scara-larga\/#breadcrumb"},"inLanguage":"ro-RO","potentialAction":[{"@type":"ReadAction","target":["https:\/\/mld-index.info\/ro\/stiri\/sarbatoare-pe-scara-larga\/"]}]},{"@type":"ImageObject","inLanguage":"ro-RO","@id":"https:\/\/mld-index.info\/ro\/stiri\/sarbatoare-pe-scara-larga\/#primaryimage","url":"https:\/\/mld-index.info\/wp-content\/uploads\/2026\/09\/photo_2026-08-29_17-59-00.jpg","contentUrl":"https:\/\/mld-index.info\/wp-content\/uploads\/2026\/09\/photo_2026-08-29_17-59-00.jpg","width":1080,"height":720},{"@type":"BreadcrumbList","@id":"https:\/\/mld-index.info\/ro\/stiri\/sarbatoare-pe-scara-larga\/#breadcrumb","itemListElement":[{"@type":"ListItem","position":1,"name":"\u0413\u043b\u0430\u0432\u043d\u0430\u044f \u0441\u0442\u0440\u0430\u043d\u0438\u0446\u0430","item":"https:\/\/mld-index.info\/"},{"@type":"ListItem","position":2,"name":"S\u0103rb\u0103toare pe scar\u0103 larg\u0103"}]},{"@type":"WebSite","@id":"https:\/\/mld-index.info\/#website","url":"https:\/\/mld-index.info\/","name":"MLD-Index","description":"","potentialAction":[{"@type":"SearchAction","target":{"@type":"EntryPoint","urlTemplate":"https:\/\/mld-index.info\/?s={search_term_string}"},"query-input":{"@type":"PropertyValueSpecification","valueRequired":true,"valueName":"search_term_string"}}],"inLanguage":"ro-RO"},{"@type":"Person","@id":"https:\/\/mld-index.info\/#\/schema\/person\/07033762c4b46689adebe724a04d1774","name":"admin-news","image":{"@type":"ImageObject","inLanguage":"ro-RO","@id":"https:\/\/mld-index.info\/#\/schema\/person\/image\/","url":"https:\/\/secure.gravatar.com\/avatar\/59414bda600e877e446161b24a9772009cca89e9f211e27c577ad73509a3862f?s=96&d=mm&r=g","contentUrl":"https:\/\/secure.gravatar.com\/avatar\/59414bda600e877e446161b24a9772009cca89e9f211e27c577ad73509a3862f?s=96&d=mm&r=g","caption":"admin-news"},"sameAs":["https:\/\/mld-index.info"],"url":"https:\/\/mld-index.info\/ro\/author\/admin-news\/"}]}},"_links":{"self":[{"href":"https:\/\/mld-index.info\/ro\/wp-json\/wp\/v2\/posts\/20686","targetHints":{"allow":["GET"]}}],"collection":[{"href":"https:\/\/mld-index.info\/ro\/wp-json\/wp\/v2\/posts"}],"about":[{"href":"https:\/\/mld-index.info\/ro\/wp-json\/wp\/v2\/types\/post"}],"author":[{"embeddable":true,"href":"https:\/\/mld-index.info\/ro\/wp-json\/wp\/v2\/users\/1"}],"replies":[{"embeddable":true,"href":"https:\/\/mld-index.info\/ro\/wp-json\/wp\/v2\/comments?post=20686"}],"version-history":[{"count":1,"href":"https:\/\/mld-index.info\/ro\/wp-json\/wp\/v2\/posts\/20686\/revisions"}],"predecessor-version":[{"id":20689,"href":"https:\/\/mld-index.info\/ro\/wp-json\/wp\/v2\/posts\/20686\/revisions\/20689"}],"wp:featuredmedia":[{"embeddable":true,"href":"https:\/\/mld-index.info\/ro\/wp-json\/wp\/v2\/media\/20687"}],"wp:attachment":[{"href":"https:\/\/mld-index.info\/ro\/wp-json\/wp\/v2\/media?parent=20686"}],"wp:term":[{"taxonomy":"category","embeddable":true,"href":"https:\/\/mld-index.info\/ro\/wp-json\/wp\/v2\/categories?post=20686"},{"taxonomy":"post_tag","embeddable":true,"href":"https:\/\/mld-index.info\/ro\/wp-json\/wp\/v2\/tags?post=20686"}],"curies":[{"name":"wp","href":"https:\/\/api.w.org\/{rel}","templated":true}]}}