{"id":20692,"date":"2026-09-01T16:00:40","date_gmt":"2026-09-01T13:00:40","guid":{"rendered":"https:\/\/mld-index.info\/?p=20692"},"modified":"2026-09-01T11:09:54","modified_gmt":"2026-09-01T08:09:54","slug":"pe-malul-stang-din-toate-partile","status":"publish","type":"post","link":"https:\/\/mld-index.info\/ro\/stiri\/pe-malul-stang-din-toate-partile\/","title":{"rendered":"Pe malul st\u00e2ng din toate p\u0103r\u021bile"},"content":{"rendered":"<p>01.09.2026<\/p>\n<p>Despre organizarea pe teritoriul regiunii nerecunoscute a punctelor pentru votarea \u00een Duma de Stat a Federa\u021biei Ruse, care vor avea loc \u00eentre 18 \u0219i 20 septembrie 2026, liderul transnistrean Vadim Krasnoselski a anun\u021bat \u00eentr-o conferin\u021b\u0103 de pres\u0103.<\/p>\n<p>\u201eServiciile de profil vor preg\u0103ti platforme pentru desf\u0103\u0219urarea vot\u0103rii \u00een 17 sec\u021bii. Pentru compara\u021bie, \u00een Republica Moldova se va deschide o singur\u0103 sec\u021bie \u2013 la Chi\u0219in\u0103u\u201d, a declarat pre\u0219edintele RMN, ad\u0103ug\u00e2nd c\u0103 pe teritoriul Transnistriei locuiesc 220 de mii de cet\u0103\u021beni ru\u0219i.<\/p>\n<p>La r\u00e2ndul s\u0103u, Biroul pentru Reintegrare al Republicii Moldova, coment\u00e2nd cuvintele lui V. Krasnoselski, a declarat c\u0103, f\u0103r\u0103 acordul autorit\u0103\u021bilor constitu\u021bionale ale Republicii Moldova, deschiderea unor astfel de sec\u021bii de votare pe teritoriul s\u0103u este ilegal\u0103. \u201eAcest lucru contravine principiului suveranit\u0103\u021bii teritoriale a Republicii Moldova. \u00cen plus, \u00een regiunea transnistrean\u0103 func\u021bioneaz\u0103 o cenzur\u0103 strict\u0103 a informa\u021biilor \u0219i se persecut\u0103 libertatea de exprimare. Prin urmare, pe malul st\u00e2ng al Nistrului nu se pot asigura m\u0103suri de securitate adecvate \u0219i nu se poate garanta o reflectare obiectiv\u0103 a procesului electoral de c\u0103tre mass-media libere\u201d, au men\u021bionat reprezentan\u021bii Biroului.<\/p>\n<p>\u00cen acest context, trebuie amintit c\u0103, pe 15 mai 2026, pre\u0219edintele Federa\u021biei Ruse, Vladimir Putin, a semnat un decret privind simplificarea procedurii de ob\u021binere a cet\u0103\u021beniei pentru locuitorii Transnistriei. Acum, transnistrenii pot depune documentele la consulatul Federa\u021biei Ruse de la Chi\u0219in\u0103u f\u0103r\u0103 a respecta condi\u021biile generale pentru cet\u0103\u021benii str\u0103ini \u2013 domiciliul permanent pe teritoriul Federa\u021biei Ruse, cunoa\u0219terea limbii ruse \u0219i a istoriei Rusiei. \u00cen document se precizeaz\u0103 c\u0103 decizia a fost luat\u0103 \u201e\u00een scopul protej\u0103rii drepturilor \u0219i libert\u0103\u021bilor omului \u0219i cet\u0103\u021beanului, fiind ghidat\u0103 de principiile \u0219i normele general recunoscute ale dreptului interna\u021bional\u201d. Potrivit conducerii transnistrene, de la publicarea decretului lui Putin, cereri pentru ob\u021binerea cet\u0103\u021beniei ruse au depus peste 60 de mii de locuitori ai malului st\u00e2ng al Nistrului.<\/p>\n<p>Autorit\u0103\u021bile oficiale ale Republicii Moldova au caracterizat atunci decretul din mai al pre\u0219edintelui Federa\u021biei Ruse drept un pas propagandistic \u0219i \u201eun instrument de mobilizare poten\u021bial\u0103 pentru r\u0103zboiul din Ucraina\u201d.<\/p>\n<p>\u00centre timp, consilierul municipal al ora\u0219ului olandez Oldebroek, Tom de Neuer, a publicat pe pagina sa de Instagram o fotografie \u00een care pozeaz\u0103 la Tiraspol cu un automat Kalashnikov \u00een m\u00e2ini \u0219i cu tricoul echipei de fotbal \u201eSheriff\u201d. \u00cen fundal se vede drapelul nerecunoscutei RMN \u0219i stindardul clubului de fotbal moscovit \u201eDinamo\u201d.<\/p>\n<p>\u00cempreun\u0103 cu consilierul municipal din \u021a\u0103rile de Jos, \u00een fotografie apare compatriotul s\u0103u \u2013 fostul candidat la func\u021bia de consilier municipal al ora\u0219ului Almere din partea partidului \u201eForum pentru Democra\u021bie\u201d (FvD), un anume Marlon U. Acest t\u00e2n\u0103r politician \u021bine \u00een m\u00e2ini o pu\u0219c\u0103 Dragunov din perioada sovietic\u0103. Potrivit presei olandeze, olandezii, care se aflau \u00eentr-o c\u0103l\u0103torie privat\u0103, au participat la trageri pe teritoriul transnistrean.<\/p>\n<p>Este curios c\u0103, \u00een calitate de membru al consiliului municipal, T. de Neuer, printre altele, este responsabil de primirea refugia\u021bilor \u0219i acordarea de azil. \u201ePrimim aici \u0219i un num\u0103r semnificativ de ucraineni. Ei trebuie s\u0103 se simt\u0103 \u00een siguran\u021b\u0103 aici. Pentru un lider, s\u0103 pozeze cu un drapel prorus \u0219i cu un automat Kalashnikov este, cel pu\u021bin, extrem de nepotrivit. Chiar \u0219i \u00een vacan\u021b\u0103, el este fa\u021ba ora\u0219ului Oldebroek\u201d, s-a indignat unul dintre reprezentan\u021bii consiliului municipal al acestui or\u0103\u0219el olandez.<\/p>\n<p>Nemul\u021bumirea fa\u021b\u0103 de aceast\u0103 situa\u021bie a fost exprimat\u0103 \u0219i de Biroul pentru Reintegrare al Republicii Moldova: \u201eDistribuirea \u00een spa\u021biul public a imaginilor care prezint\u0103 simbolistic\u0103 separatismului \u0219i promoveaz\u0103 r\u0103zboiul este absolut inadmisibil\u0103. \u00cen consecin\u021b\u0103, persoana implicat\u0103 \u00een aceast\u0103 situa\u021bie inadmisibil\u0103 trebuie s\u0103 fac\u0103 declara\u021biile corespunz\u0103toare pentru a corecta gre\u0219eala comis\u0103 \u0219i a confirma sprijinul pentru suveranitatea \u0219i integritatea teritorial\u0103 a Republicii Moldova\u201d.<\/p>\n<p>Ca r\u0103spuns la critici, Tom de Neuer a explicat c\u0103 a plecat \u00een Transnistria din \u201einteres istoric pentru trecutul sovietic\u201d \u0219i c\u0103 fotografia nu a fost un mesaj politic. \u00cen acela\u0219i timp, a recunoscut c\u0103, av\u00e2nd \u00een vedere pozi\u021bia sa, vizita \u0219i publicarea fotografiei au fost \u201enerezonabile\u201d. Prin urmare, acest politician olandez, \u00een cele din urm\u0103, \u0219i-a cerut scuze \u0219i a \u0219ters postarea.<\/p>\n<p>Recent, presa polonez\u0103 a relatat c\u0103 fostul viceministru al justi\u021biei al Poloniei, Marcin Romanowski, declarat \u00een \u021bara sa \u00een urm\u0103rire pentru acuza\u021bii de abuz de func\u021bie \u0219i participare la un grup infrac\u021bional organizat, s-ar putea afla \u00een Transnistria. \u00cen special, instan\u021ba districtual\u0103 din Var\u0219ovia a primit de la func\u021bionarul fugar o scrisoare cu \u0219tampila po\u0219tal\u0103 care atest\u0103 c\u0103 M. Romanowski se afl\u0103 la Tiraspol. \u201eTransnistria este o nou\u0103 destina\u021bie pentru fuga politicienilor care au probleme cu legea\u201d, au declarat reprezentan\u021bii coali\u021biei de guvern\u0103m\u00e2nt poloneze.<\/p>\n","protected":false},"excerpt":{"rendered":"<p>01.09.2026 Despre organizarea pe teritoriul regiunii nerecunoscute a punctelor pentru votarea \u00een Duma de Stat a Federa\u021biei Ruse, care vor avea loc \u00eentre 18 \u0219i 20 septembrie 2026, liderul transnistrean Vadim Krasnoselski a anun\u021bat \u00eentr-o conferin\u021b\u0103 de pres\u0103. \u201eServiciile de profil vor preg\u0103ti platforme pentru desf\u0103\u0219urarea vot\u0103rii \u00een 17 sec\u021bii. Pentru compara\u021bie, \u00een Republica Moldova [&hellip;]<\/p>\n","protected":false},"author":1,"featured_media":20688,"comment_status":"open","ping_status":"open","sticky":false,"template":"","format":"standard","meta":{"footnotes":""},"categories":[101,99],"tags":[],"class_list":["post-20692","post","type-post","status-publish","format-standard","has-post-thumbnail","category-politica","category-stiri"],"yoast_head":"<!-- This site is optimized with the Yoast SEO plugin v24.3 - https:\/\/yoast.com\/wordpress\/plugins\/seo\/ -->\n<title>Pe malul st\u00e2ng din toate p\u0103r\u021bile - MLD-Index<\/title>\n<meta name=\"description\" content=\"Pre\u0219edintele RMN, Vadim Krasnoselski, a anun\u021bat c\u0103 la alegerile din septembrie pentru Duma de Stat a Rusiei, Federa\u021bia Rus\u0103 va deschide\" \/>\n<meta name=\"robots\" content=\"index, follow, max-snippet:-1, max-image-preview:large, max-video-preview:-1\" \/>\n<link rel=\"canonical\" href=\"https:\/\/mld-index.info\/?p=20695\" \/>\n<meta property=\"og:locale\" content=\"ro_RO\" \/>\n<meta property=\"og:type\" content=\"article\" \/>\n<meta property=\"og:title\" content=\"Pe malul st\u00e2ng din toate p\u0103r\u021bile - MLD-Index\" \/>\n<meta property=\"og:description\" content=\"Pre\u0219edintele RMN, Vadim Krasnoselski, a anun\u021bat c\u0103 la alegerile din septembrie pentru Duma de Stat a Rusiei, Federa\u021bia Rus\u0103 va deschide\" \/>\n<meta property=\"og:url\" content=\"https:\/\/mld-index.info\/?p=20695\" \/>\n<meta property=\"og:site_name\" content=\"MLD-Index\" \/>\n<meta property=\"article:published_time\" content=\"2026-09-01T13:00:40+00:00\" \/>\n<meta property=\"article:modified_time\" content=\"2026-09-01T08:09:54+00:00\" \/>\n<meta property=\"og:image\" content=\"https:\/\/mld-index.info\/wp-content\/uploads\/2026\/09\/captura-de-ecran-din-2026-08-28-la-11.58.38.jpg\" \/>\n\t<meta property=\"og:image:width\" content=\"1468\" \/>\n\t<meta property=\"og:image:height\" content=\"1082\" \/>\n\t<meta property=\"og:image:type\" content=\"image\/jpeg\" \/>\n<meta name=\"author\" content=\"admin-news\" \/>\n<meta name=\"twitter:card\" content=\"summary_large_image\" \/>\n<meta name=\"twitter:label1\" content=\"Scris de\" \/>\n\t<meta name=\"twitter:data1\" content=\"admin-news\" \/>\n\t<meta name=\"twitter:label2\" content=\"Timp estimat pentru citire\" \/>\n\t<meta name=\"twitter:data2\" content=\"5 minute\" \/>\n<script type=\"application\/ld+json\" class=\"yoast-schema-graph\">{\"@context\":\"https:\/\/schema.org\",\"@graph\":[{\"@type\":\"WebPage\",\"@id\":\"https:\/\/mld-index.info\/?p=20695\",\"url\":\"https:\/\/mld-index.info\/?p=20695\",\"name\":\"Pe malul st\u00e2ng din toate p\u0103r\u021bile - MLD-Index\",\"isPartOf\":{\"@id\":\"https:\/\/mld-index.info\/#website\"},\"primaryImageOfPage\":{\"@id\":\"https:\/\/mld-index.info\/?p=20695#primaryimage\"},\"image\":{\"@id\":\"https:\/\/mld-index.info\/?p=20695#primaryimage\"},\"thumbnailUrl\":\"https:\/\/mld-index.info\/wp-content\/uploads\/2026\/09\/captura-de-ecran-din-2026-08-28-la-11.58.38.jpg\",\"datePublished\":\"2026-09-01T13:00:40+00:00\",\"dateModified\":\"2026-09-01T08:09:54+00:00\",\"author\":{\"@id\":\"https:\/\/mld-index.info\/#\/schema\/person\/07033762c4b46689adebe724a04d1774\"},\"description\":\"Pre\u0219edintele RMN, Vadim Krasnoselski, a anun\u021bat c\u0103 la alegerile din septembrie pentru Duma de Stat a Rusiei, Federa\u021bia Rus\u0103 va deschide\",\"breadcrumb\":{\"@id\":\"https:\/\/mld-index.info\/?p=20695#breadcrumb\"},\"inLanguage\":\"ro-RO\",\"potentialAction\":[{\"@type\":\"ReadAction\",\"target\":[\"https:\/\/mld-index.info\/?p=20695\"]}]},{\"@type\":\"ImageObject\",\"inLanguage\":\"ro-RO\",\"@id\":\"https:\/\/mld-index.info\/?p=20695#primaryimage\",\"url\":\"https:\/\/mld-index.info\/wp-content\/uploads\/2026\/09\/captura-de-ecran-din-2026-08-28-la-11.58.38.jpg\",\"contentUrl\":\"https:\/\/mld-index.info\/wp-content\/uploads\/2026\/09\/captura-de-ecran-din-2026-08-28-la-11.58.38.jpg\",\"width\":1468,\"height\":1082},{\"@type\":\"BreadcrumbList\",\"@id\":\"https:\/\/mld-index.info\/?p=20695#breadcrumb\",\"itemListElement\":[{\"@type\":\"ListItem\",\"position\":1,\"name\":\"\u0413\u043b\u0430\u0432\u043d\u0430\u044f \u0441\u0442\u0440\u0430\u043d\u0438\u0446\u0430\",\"item\":\"https:\/\/mld-index.info\/\"},{\"@type\":\"ListItem\",\"position\":2,\"name\":\"Pe malul st\u00e2ng din toate p\u0103r\u021bile\"}]},{\"@type\":\"WebSite\",\"@id\":\"https:\/\/mld-index.info\/#website\",\"url\":\"https:\/\/mld-index.info\/\",\"name\":\"MLD-Index\",\"description\":\"\",\"potentialAction\":[{\"@type\":\"SearchAction\",\"target\":{\"@type\":\"EntryPoint\",\"urlTemplate\":\"https:\/\/mld-index.info\/?s={search_term_string}\"},\"query-input\":{\"@type\":\"PropertyValueSpecification\",\"valueRequired\":true,\"valueName\":\"search_term_string\"}}],\"inLanguage\":\"ro-RO\"},{\"@type\":\"Person\",\"@id\":\"https:\/\/mld-index.info\/#\/schema\/person\/07033762c4b46689adebe724a04d1774\",\"name\":\"admin-news\",\"image\":{\"@type\":\"ImageObject\",\"inLanguage\":\"ro-RO\",\"@id\":\"https:\/\/mld-index.info\/#\/schema\/person\/image\/\",\"url\":\"https:\/\/secure.gravatar.com\/avatar\/59414bda600e877e446161b24a9772009cca89e9f211e27c577ad73509a3862f?s=96&d=mm&r=g\",\"contentUrl\":\"https:\/\/secure.gravatar.com\/avatar\/59414bda600e877e446161b24a9772009cca89e9f211e27c577ad73509a3862f?s=96&d=mm&r=g\",\"caption\":\"admin-news\"},\"sameAs\":[\"https:\/\/mld-index.info\"],\"url\":\"https:\/\/mld-index.info\/ro\/author\/admin-news\/\"}]}<\/script>\n<!-- \/ Yoast SEO plugin. -->","yoast_head_json":{"title":"Pe malul st\u00e2ng din toate p\u0103r\u021bile - MLD-Index","description":"Pre\u0219edintele RMN, Vadim Krasnoselski, a anun\u021bat c\u0103 la alegerile din septembrie pentru Duma de Stat a Rusiei, Federa\u021bia Rus\u0103 va deschide","robots":{"index":"index","follow":"follow","max-snippet":"max-snippet:-1","max-image-preview":"max-image-preview:large","max-video-preview":"max-video-preview:-1"},"canonical":"https:\/\/mld-index.info\/?p=20695","og_locale":"ro_RO","og_type":"article","og_title":"Pe malul st\u00e2ng din toate p\u0103r\u021bile - MLD-Index","og_description":"Pre\u0219edintele RMN, Vadim Krasnoselski, a anun\u021bat c\u0103 la alegerile din septembrie pentru Duma de Stat a Rusiei, Federa\u021bia Rus\u0103 va deschide","og_url":"https:\/\/mld-index.info\/?p=20695","og_site_name":"MLD-Index","article_published_time":"2026-09-01T13:00:40+00:00","article_modified_time":"2026-09-01T08:09:54+00:00","og_image":[{"width":1468,"height":1082,"url":"https:\/\/mld-index.info\/wp-content\/uploads\/2026\/09\/captura-de-ecran-din-2026-08-28-la-11.58.38.jpg","type":"image\/jpeg"}],"author":"admin-news","twitter_card":"summary_large_image","twitter_misc":{"Scris de":"admin-news","Timp estimat pentru citire":"5 minute"},"schema":{"@context":"https:\/\/schema.org","@graph":[{"@type":"WebPage","@id":"https:\/\/mld-index.info\/?p=20695","url":"https:\/\/mld-index.info\/?p=20695","name":"Pe malul st\u00e2ng din toate p\u0103r\u021bile - MLD-Index","isPartOf":{"@id":"https:\/\/mld-index.info\/#website"},"primaryImageOfPage":{"@id":"https:\/\/mld-index.info\/?p=20695#primaryimage"},"image":{"@id":"https:\/\/mld-index.info\/?p=20695#primaryimage"},"thumbnailUrl":"https:\/\/mld-index.info\/wp-content\/uploads\/2026\/09\/captura-de-ecran-din-2026-08-28-la-11.58.38.jpg","datePublished":"2026-09-01T13:00:40+00:00","dateModified":"2026-09-01T08:09:54+00:00","author":{"@id":"https:\/\/mld-index.info\/#\/schema\/person\/07033762c4b46689adebe724a04d1774"},"description":"Pre\u0219edintele RMN, Vadim Krasnoselski, a anun\u021bat c\u0103 la alegerile din septembrie pentru Duma de Stat a Rusiei, Federa\u021bia Rus\u0103 va deschide","breadcrumb":{"@id":"https:\/\/mld-index.info\/?p=20695#breadcrumb"},"inLanguage":"ro-RO","potentialAction":[{"@type":"ReadAction","target":["https:\/\/mld-index.info\/?p=20695"]}]},{"@type":"ImageObject","inLanguage":"ro-RO","@id":"https:\/\/mld-index.info\/?p=20695#primaryimage","url":"https:\/\/mld-index.info\/wp-content\/uploads\/2026\/09\/captura-de-ecran-din-2026-08-28-la-11.58.38.jpg","contentUrl":"https:\/\/mld-index.info\/wp-content\/uploads\/2026\/09\/captura-de-ecran-din-2026-08-28-la-11.58.38.jpg","width":1468,"height":1082},{"@type":"BreadcrumbList","@id":"https:\/\/mld-index.info\/?p=20695#breadcrumb","itemListElement":[{"@type":"ListItem","position":1,"name":"\u0413\u043b\u0430\u0432\u043d\u0430\u044f \u0441\u0442\u0440\u0430\u043d\u0438\u0446\u0430","item":"https:\/\/mld-index.info\/"},{"@type":"ListItem","position":2,"name":"Pe malul st\u00e2ng din toate p\u0103r\u021bile"}]},{"@type":"WebSite","@id":"https:\/\/mld-index.info\/#website","url":"https:\/\/mld-index.info\/","name":"MLD-Index","description":"","potentialAction":[{"@type":"SearchAction","target":{"@type":"EntryPoint","urlTemplate":"https:\/\/mld-index.info\/?s={search_term_string}"},"query-input":{"@type":"PropertyValueSpecification","valueRequired":true,"valueName":"search_term_string"}}],"inLanguage":"ro-RO"},{"@type":"Person","@id":"https:\/\/mld-index.info\/#\/schema\/person\/07033762c4b46689adebe724a04d1774","name":"admin-news","image":{"@type":"ImageObject","inLanguage":"ro-RO","@id":"https:\/\/mld-index.info\/#\/schema\/person\/image\/","url":"https:\/\/secure.gravatar.com\/avatar\/59414bda600e877e446161b24a9772009cca89e9f211e27c577ad73509a3862f?s=96&d=mm&r=g","contentUrl":"https:\/\/secure.gravatar.com\/avatar\/59414bda600e877e446161b24a9772009cca89e9f211e27c577ad73509a3862f?s=96&d=mm&r=g","caption":"admin-news"},"sameAs":["https:\/\/mld-index.info"],"url":"https:\/\/mld-index.info\/ro\/author\/admin-news\/"}]}},"_links":{"self":[{"href":"https:\/\/mld-index.info\/ro\/wp-json\/wp\/v2\/posts\/20692","targetHints":{"allow":["GET"]}}],"collection":[{"href":"https:\/\/mld-index.info\/ro\/wp-json\/wp\/v2\/posts"}],"about":[{"href":"https:\/\/mld-index.info\/ro\/wp-json\/wp\/v2\/types\/post"}],"author":[{"embeddable":true,"href":"https:\/\/mld-index.info\/ro\/wp-json\/wp\/v2\/users\/1"}],"replies":[{"embeddable":true,"href":"https:\/\/mld-index.info\/ro\/wp-json\/wp\/v2\/comments?post=20692"}],"version-history":[{"count":2,"href":"https:\/\/mld-index.info\/ro\/wp-json\/wp\/v2\/posts\/20692\/revisions"}],"predecessor-version":[{"id":20694,"href":"https:\/\/mld-index.info\/ro\/wp-json\/wp\/v2\/posts\/20692\/revisions\/20694"}],"wp:featuredmedia":[{"embeddable":true,"href":"https:\/\/mld-index.info\/ro\/wp-json\/wp\/v2\/media\/20688"}],"wp:attachment":[{"href":"https:\/\/mld-index.info\/ro\/wp-json\/wp\/v2\/media?parent=20692"}],"wp:term":[{"taxonomy":"category","embeddable":true,"href":"https:\/\/mld-index.info\/ro\/wp-json\/wp\/v2\/categories?post=20692"},{"taxonomy":"post_tag","embeddable":true,"href":"https:\/\/mld-index.info\/ro\/wp-json\/wp\/v2\/tags?post=20692"}],"curies":[{"name":"wp","href":"https:\/\/api.w.org\/{rel}","templated":true}]}}