{"id":20718,"date":"2026-09-02T10:00:35","date_gmt":"2026-09-02T07:00:35","guid":{"rendered":"https:\/\/mld-index.info\/?p=20718"},"modified":"2026-09-02T12:49:22","modified_gmt":"2026-09-02T09:49:22","slug":"revolta-impotriva-reformei","status":"publish","type":"post","link":"https:\/\/mld-index.info\/ro\/stiri\/revolta-impotriva-reformei\/","title":{"rendered":"Revolt\u0103 \u00eempotriva reformei"},"content":{"rendered":"<p>02.09.2026<\/p>\n<p>Reprezentantul Cancelariei de Stat, Simion P\u0103durian, care a venit la \u00eent\u00e2lnirea cu locuitorii satului Co\u0219erni\u021ba, i-a avertizat pe cei prezen\u021bi c\u0103 au dou\u0103 op\u021biuni. Fie s\u0103 se uneasc\u0103 voluntar cu satul Bo\u0219cana p\u00e2n\u0103 la sf\u00e2r\u0219itul zilei de 31 august \u0219i s\u0103 primeasc\u0103 \u201estimulente financiare\u201d, fie s\u0103 treac\u0103 prin procedura de unificare normativ\u0103 cu aceea\u0219i localitate, dar f\u0103r\u0103 sprijinul statului.<\/p>\n<p>Cu toate acestea, oamenii \u0219i-au exprimat disponibilitatea de a renun\u021ba la ajutorul material al conducerii \u021b\u0103rii, doar pentru a nu se uni cu vecinii. Cu at\u00e2t mai mult cu c\u00e2t au f\u0103cut acest lucru de dou\u0103 ori, dar nu au ob\u021binut niciun rezultat tangibil. \u00cen plus, locuitorii satului Co\u0219erni\u021ba s-au pl\u00e2ns c\u0103, dup\u0103 unirea cu satul Bo\u0219cana, \u00een localitatea lor au fost demolate gr\u0103dini\u021ba \u0219i baia, iar acum se mai pl\u0103nuie\u0219te s\u0103 fie adus la ei \u0219i gunoiul de la vecini.<\/p>\n<p>Primarul satului Co\u0219erni\u021ba, Fiodor \u021aipa, este pe deplin solidar cu s\u0103tenii. \u201eSuntem \u00eempin\u0219i ca oile \u00een staul. Nu este corect, avem dreptul s\u0103 ne exprim\u0103m opinia\u201d, spune edilul, care, ca mul\u021bi al\u021bii, r\u0103m\u00e2ne sus\u021bin\u0103tor al unirii doar cu ora\u0219ul Vadul lui Vod\u0103, care face parte din municipiul Chi\u0219in\u0103u. Locuitorii satului Co\u0219erni\u021ba sunt convin\u0219i c\u0103 unirea cu ora\u0219ul le va oferi mai multe oportunit\u0103\u021bi \u2013 \u00een special \u00een domeniul transporturilor, educa\u021biei \u0219i dezvolt\u0103rii infrastructurii. \u201eNu cerem nimic, vrem doar stabilitate\u201d, au declarat ace\u0219tia \u00een cadrul adun\u0103rii.<\/p>\n<p>La r\u00e2ndul s\u0103u, \u0219efa Oficiului Teritorial Chi\u0219in\u0103u al Cancelariei de Stat, Elena Buga, le-a spus cet\u0103\u021benilor din Co\u0219erni\u021ba c\u0103 unirea cu Vadul lui Vod\u0103 nu este posibil\u0103: \u201eCo\u0219erni\u021ba este o localitate de nivelul \u00eent\u00e2i, iar Vadul lui Vod\u0103 \u2013 de nivelul doi. Nu se poate obliga normativ ora\u0219ul s\u0103 absoarb\u0103 satul. Ar putea s\u0103 se uneasc\u0103 doar voluntar, dar ora\u0219ul a refuzat\u201d.<\/p>\n<p>\u00centr-adev\u0103r, primarul ora\u0219ului Vadul lui Vod\u0103, Iurie Onofriceac, a informat c\u0103 consilierii locali au decis s\u0103 nu se uneasc\u0103 cu nicio localitate vecin\u0103. Potrivit acestuia, un sondaj recent a ar\u0103tat c\u0103 aceast\u0103 pozi\u021bie este sus\u021binut\u0103 de peste 80% dintre cet\u0103\u021benii ora\u0219ului.<\/p>\n<p>Totu\u0219i, locuitorii satului Co\u0219erni\u021ba au votat p\u00e2n\u0103 la sf\u00e2r\u0219itul \u00eent\u00e2lnirii pentru unirea cu ora\u0219ul Vadul lui Vod\u0103. Iar dac\u0103 vor fi uni\u021bi for\u021bat cu satul Bo\u0219cana, ace\u0219tia \u0219i-au exprimat disponibilitatea de a protesta \u00een fa\u021ba Parlamentului Republicii Moldova: \u201eDac\u0103 vom fi uni\u021bi normativ cu vecinii, vom ie\u0219i cu furcile\u201d.<\/p>\n<p>Reamintim c\u0103, pe 15 martie 2025, Guvernul Republicii Moldova a aprobat Strategia de reform\u0103 a administra\u021biei publice. \u00cen ianuarie 2026, secretarul general al Guvernului Republicii Moldova, Alexei Buzu, a anun\u021bat c\u0103 Executivul lanseaz\u0103 oficial reforma administrativ-teritorial\u0103. Dac\u0103 \u00een prezent Republica Moldova este format\u0103 din 35 de unit\u0103\u021bi teritoriale, inclusiv 32 de raioane, dup\u0103 reform\u0103 va fi introdus un prag minim de 3 mii de locuitori pentru o administra\u021bie rural\u0103, iar num\u0103rul raioanelor va fi redus la zece. Iar pe 9 aprilie a acestui an, prezent\u00e2nd reforma administrativ-teritorial\u0103 a Republicii Moldova, Alexei Buzu a declarat textual: \u201eUnul dintre elementele principale ale reformei va fi unificarea voluntar\u0103 a localit\u0103\u021bilor. \u00cen cazul absen\u021bei unor solu\u021bii voluntare dup\u0103 alegerile locale din 2027, se va aplica consolidarea for\u021bat\u0103\u201d.<\/p>\n<p>Dup\u0103 aceste cuvinte, pre\u0219edinta Congresului Autorit\u0103\u021bilor Locale din Moldova (CALM), primarul satului Selemet, Tatiana Badan, a exprimat opinia c\u0103 conceptul de reform\u0103 administrativ\u0103 local\u0103 prezentat de autorit\u0103\u021bi \u201eridic\u0103 mai multe \u00eentreb\u0103ri dec\u00e2t ofer\u0103 solu\u021bii\u201d. Potrivit acesteia, \u201esub termenii tehnocratici se ascunde o realitate dur\u0103: \u00eencercarea de a reduce vocea comunit\u0103\u021bilor, de a diminua num\u0103rul primarilor \u0219i consiliilor \u0219i de a reduce la minimum democra\u021bia\u201d. Iar la sf\u00e2r\u0219itul lunii iulie, CALM s-a adresat cu o scrisoare autorit\u0103\u021bilor \u021b\u0103rii, cer\u00e2nd interven\u021bia urgent\u0103 \u00een desf\u0103\u0219urarea reformei administrativ-teritoriale a administra\u021biei publice locale. \u00cen apelul adresat pre\u0219edintelui Republicii Moldova, pre\u0219edintelui \u0219i deputa\u021bilor Parlamentului Republicii Moldova, prim-ministrului, procurorului general \u0219i directorului Serviciului de Informa\u021bii \u0219i Securitate (SIS), reprezentan\u021bii CALM au vorbit despre presiunea asupra administra\u021biilor locale \u0219i despre faptul c\u0103 termenul stabilit de 31 august, dup\u0103 care autorit\u0103\u021bile locale nu vor mai putea folosi mecanismele actuale de unificare voluntar\u0103, va fi ilegal.<\/p>\n<p>De asemenea, trebuie men\u021bionat c\u0103, potrivit autorit\u0103\u021bilor Republicii Moldova, \u00een prezent, aproximativ 60% dintre cele 890 de administra\u021bii rurale ale \u021b\u0103rii au luat decizia de unificare voluntar\u0103.<\/p>\n","protected":false},"excerpt":{"rendered":"<p>02.09.2026 Reprezentantul Cancelariei de Stat, Simion P\u0103durian, care a venit la \u00eent\u00e2lnirea cu locuitorii satului Co\u0219erni\u021ba, i-a avertizat pe cei prezen\u021bi c\u0103 au dou\u0103 op\u021biuni. Fie s\u0103 se uneasc\u0103 voluntar cu satul Bo\u0219cana p\u00e2n\u0103 la sf\u00e2r\u0219itul zilei de 31 august \u0219i s\u0103 primeasc\u0103 \u201estimulente financiare\u201d, fie s\u0103 treac\u0103 prin procedura de unificare normativ\u0103 cu aceea\u0219i [&hellip;]<\/p>\n","protected":false},"author":1,"featured_media":20720,"comment_status":"open","ping_status":"open","sticky":false,"template":"","format":"standard","meta":{"footnotes":""},"categories":[101,99],"tags":[],"class_list":["post-20718","post","type-post","status-publish","format-standard","has-post-thumbnail","category-politica","category-stiri"],"yoast_head":"<!-- This site is optimized with the Yoast SEO plugin v24.3 - https:\/\/yoast.com\/wordpress\/plugins\/seo\/ -->\n<title>Revolt\u0103 \u00eempotriva reformei - MLD-Index<\/title>\n<meta name=\"description\" content=\"Locuitorii satului Co\u0219erni\u021ba (raionul Criuleni) au organizat o adunare \u00een cadrul c\u0103reia au refuzat s\u0103 se uneasc\u0103 cu localitatea vecin\u0103\" \/>\n<meta name=\"robots\" content=\"index, follow, max-snippet:-1, max-image-preview:large, max-video-preview:-1\" \/>\n<link rel=\"canonical\" href=\"https:\/\/mld-index.info\/ro\/stiri\/revolta-impotriva-reformei\/\" \/>\n<meta property=\"og:locale\" content=\"ro_RO\" \/>\n<meta property=\"og:type\" content=\"article\" \/>\n<meta property=\"og:title\" content=\"Revolt\u0103 \u00eempotriva reformei - MLD-Index\" \/>\n<meta property=\"og:description\" content=\"Locuitorii satului Co\u0219erni\u021ba (raionul Criuleni) au organizat o adunare \u00een cadrul c\u0103reia au refuzat s\u0103 se uneasc\u0103 cu localitatea vecin\u0103\" \/>\n<meta property=\"og:url\" content=\"https:\/\/mld-index.info\/ro\/stiri\/revolta-impotriva-reformei\/\" \/>\n<meta property=\"og:site_name\" content=\"MLD-Index\" \/>\n<meta property=\"article:published_time\" content=\"2026-09-02T07:00:35+00:00\" \/>\n<meta property=\"article:modified_time\" content=\"2026-09-02T09:49:22+00:00\" \/>\n<meta property=\"og:image\" content=\"https:\/\/mld-index.info\/wp-content\/uploads\/2026\/09\/imagea.png\" \/>\n\t<meta property=\"og:image:width\" content=\"1200\" \/>\n\t<meta property=\"og:image:height\" content=\"630\" \/>\n\t<meta property=\"og:image:type\" content=\"image\/png\" \/>\n<meta name=\"author\" content=\"admin-news\" \/>\n<meta name=\"twitter:card\" content=\"summary_large_image\" \/>\n<meta name=\"twitter:label1\" content=\"Scris de\" \/>\n\t<meta name=\"twitter:data1\" content=\"admin-news\" \/>\n\t<meta name=\"twitter:label2\" content=\"Timp estimat pentru citire\" \/>\n\t<meta name=\"twitter:data2\" content=\"4 minute\" \/>\n<script type=\"application\/ld+json\" class=\"yoast-schema-graph\">{\"@context\":\"https:\/\/schema.org\",\"@graph\":[{\"@type\":\"WebPage\",\"@id\":\"https:\/\/mld-index.info\/ro\/stiri\/revolta-impotriva-reformei\/\",\"url\":\"https:\/\/mld-index.info\/ro\/stiri\/revolta-impotriva-reformei\/\",\"name\":\"Revolt\u0103 \u00eempotriva reformei - MLD-Index\",\"isPartOf\":{\"@id\":\"https:\/\/mld-index.info\/#website\"},\"primaryImageOfPage\":{\"@id\":\"https:\/\/mld-index.info\/ro\/stiri\/revolta-impotriva-reformei\/#primaryimage\"},\"image\":{\"@id\":\"https:\/\/mld-index.info\/ro\/stiri\/revolta-impotriva-reformei\/#primaryimage\"},\"thumbnailUrl\":\"https:\/\/mld-index.info\/wp-content\/uploads\/2026\/09\/imagea.png\",\"datePublished\":\"2026-09-02T07:00:35+00:00\",\"dateModified\":\"2026-09-02T09:49:22+00:00\",\"author\":{\"@id\":\"https:\/\/mld-index.info\/#\/schema\/person\/07033762c4b46689adebe724a04d1774\"},\"description\":\"Locuitorii satului Co\u0219erni\u021ba (raionul Criuleni) au organizat o adunare \u00een cadrul c\u0103reia au refuzat s\u0103 se uneasc\u0103 cu localitatea vecin\u0103\",\"breadcrumb\":{\"@id\":\"https:\/\/mld-index.info\/ro\/stiri\/revolta-impotriva-reformei\/#breadcrumb\"},\"inLanguage\":\"ro-RO\",\"potentialAction\":[{\"@type\":\"ReadAction\",\"target\":[\"https:\/\/mld-index.info\/ro\/stiri\/revolta-impotriva-reformei\/\"]}]},{\"@type\":\"ImageObject\",\"inLanguage\":\"ro-RO\",\"@id\":\"https:\/\/mld-index.info\/ro\/stiri\/revolta-impotriva-reformei\/#primaryimage\",\"url\":\"https:\/\/mld-index.info\/wp-content\/uploads\/2026\/09\/imagea.png\",\"contentUrl\":\"https:\/\/mld-index.info\/wp-content\/uploads\/2026\/09\/imagea.png\",\"width\":1200,\"height\":630},{\"@type\":\"BreadcrumbList\",\"@id\":\"https:\/\/mld-index.info\/ro\/stiri\/revolta-impotriva-reformei\/#breadcrumb\",\"itemListElement\":[{\"@type\":\"ListItem\",\"position\":1,\"name\":\"\u0413\u043b\u0430\u0432\u043d\u0430\u044f \u0441\u0442\u0440\u0430\u043d\u0438\u0446\u0430\",\"item\":\"https:\/\/mld-index.info\/\"},{\"@type\":\"ListItem\",\"position\":2,\"name\":\"Revolt\u0103 \u00eempotriva reformei\"}]},{\"@type\":\"WebSite\",\"@id\":\"https:\/\/mld-index.info\/#website\",\"url\":\"https:\/\/mld-index.info\/\",\"name\":\"MLD-Index\",\"description\":\"\",\"potentialAction\":[{\"@type\":\"SearchAction\",\"target\":{\"@type\":\"EntryPoint\",\"urlTemplate\":\"https:\/\/mld-index.info\/?s={search_term_string}\"},\"query-input\":{\"@type\":\"PropertyValueSpecification\",\"valueRequired\":true,\"valueName\":\"search_term_string\"}}],\"inLanguage\":\"ro-RO\"},{\"@type\":\"Person\",\"@id\":\"https:\/\/mld-index.info\/#\/schema\/person\/07033762c4b46689adebe724a04d1774\",\"name\":\"admin-news\",\"image\":{\"@type\":\"ImageObject\",\"inLanguage\":\"ro-RO\",\"@id\":\"https:\/\/mld-index.info\/#\/schema\/person\/image\/\",\"url\":\"https:\/\/secure.gravatar.com\/avatar\/59414bda600e877e446161b24a9772009cca89e9f211e27c577ad73509a3862f?s=96&d=mm&r=g\",\"contentUrl\":\"https:\/\/secure.gravatar.com\/avatar\/59414bda600e877e446161b24a9772009cca89e9f211e27c577ad73509a3862f?s=96&d=mm&r=g\",\"caption\":\"admin-news\"},\"sameAs\":[\"https:\/\/mld-index.info\"],\"url\":\"https:\/\/mld-index.info\/ro\/author\/admin-news\/\"}]}<\/script>\n<!-- \/ Yoast SEO plugin. -->","yoast_head_json":{"title":"Revolt\u0103 \u00eempotriva reformei - MLD-Index","description":"Locuitorii satului Co\u0219erni\u021ba (raionul Criuleni) au organizat o adunare \u00een cadrul c\u0103reia au refuzat s\u0103 se uneasc\u0103 cu localitatea vecin\u0103","robots":{"index":"index","follow":"follow","max-snippet":"max-snippet:-1","max-image-preview":"max-image-preview:large","max-video-preview":"max-video-preview:-1"},"canonical":"https:\/\/mld-index.info\/ro\/stiri\/revolta-impotriva-reformei\/","og_locale":"ro_RO","og_type":"article","og_title":"Revolt\u0103 \u00eempotriva reformei - MLD-Index","og_description":"Locuitorii satului Co\u0219erni\u021ba (raionul Criuleni) au organizat o adunare \u00een cadrul c\u0103reia au refuzat s\u0103 se uneasc\u0103 cu localitatea vecin\u0103","og_url":"https:\/\/mld-index.info\/ro\/stiri\/revolta-impotriva-reformei\/","og_site_name":"MLD-Index","article_published_time":"2026-09-02T07:00:35+00:00","article_modified_time":"2026-09-02T09:49:22+00:00","og_image":[{"width":1200,"height":630,"url":"https:\/\/mld-index.info\/wp-content\/uploads\/2026\/09\/imagea.png","type":"image\/png"}],"author":"admin-news","twitter_card":"summary_large_image","twitter_misc":{"Scris de":"admin-news","Timp estimat pentru citire":"4 minute"},"schema":{"@context":"https:\/\/schema.org","@graph":[{"@type":"WebPage","@id":"https:\/\/mld-index.info\/ro\/stiri\/revolta-impotriva-reformei\/","url":"https:\/\/mld-index.info\/ro\/stiri\/revolta-impotriva-reformei\/","name":"Revolt\u0103 \u00eempotriva reformei - MLD-Index","isPartOf":{"@id":"https:\/\/mld-index.info\/#website"},"primaryImageOfPage":{"@id":"https:\/\/mld-index.info\/ro\/stiri\/revolta-impotriva-reformei\/#primaryimage"},"image":{"@id":"https:\/\/mld-index.info\/ro\/stiri\/revolta-impotriva-reformei\/#primaryimage"},"thumbnailUrl":"https:\/\/mld-index.info\/wp-content\/uploads\/2026\/09\/imagea.png","datePublished":"2026-09-02T07:00:35+00:00","dateModified":"2026-09-02T09:49:22+00:00","author":{"@id":"https:\/\/mld-index.info\/#\/schema\/person\/07033762c4b46689adebe724a04d1774"},"description":"Locuitorii satului Co\u0219erni\u021ba (raionul Criuleni) au organizat o adunare \u00een cadrul c\u0103reia au refuzat s\u0103 se uneasc\u0103 cu localitatea vecin\u0103","breadcrumb":{"@id":"https:\/\/mld-index.info\/ro\/stiri\/revolta-impotriva-reformei\/#breadcrumb"},"inLanguage":"ro-RO","potentialAction":[{"@type":"ReadAction","target":["https:\/\/mld-index.info\/ro\/stiri\/revolta-impotriva-reformei\/"]}]},{"@type":"ImageObject","inLanguage":"ro-RO","@id":"https:\/\/mld-index.info\/ro\/stiri\/revolta-impotriva-reformei\/#primaryimage","url":"https:\/\/mld-index.info\/wp-content\/uploads\/2026\/09\/imagea.png","contentUrl":"https:\/\/mld-index.info\/wp-content\/uploads\/2026\/09\/imagea.png","width":1200,"height":630},{"@type":"BreadcrumbList","@id":"https:\/\/mld-index.info\/ro\/stiri\/revolta-impotriva-reformei\/#breadcrumb","itemListElement":[{"@type":"ListItem","position":1,"name":"\u0413\u043b\u0430\u0432\u043d\u0430\u044f \u0441\u0442\u0440\u0430\u043d\u0438\u0446\u0430","item":"https:\/\/mld-index.info\/"},{"@type":"ListItem","position":2,"name":"Revolt\u0103 \u00eempotriva reformei"}]},{"@type":"WebSite","@id":"https:\/\/mld-index.info\/#website","url":"https:\/\/mld-index.info\/","name":"MLD-Index","description":"","potentialAction":[{"@type":"SearchAction","target":{"@type":"EntryPoint","urlTemplate":"https:\/\/mld-index.info\/?s={search_term_string}"},"query-input":{"@type":"PropertyValueSpecification","valueRequired":true,"valueName":"search_term_string"}}],"inLanguage":"ro-RO"},{"@type":"Person","@id":"https:\/\/mld-index.info\/#\/schema\/person\/07033762c4b46689adebe724a04d1774","name":"admin-news","image":{"@type":"ImageObject","inLanguage":"ro-RO","@id":"https:\/\/mld-index.info\/#\/schema\/person\/image\/","url":"https:\/\/secure.gravatar.com\/avatar\/59414bda600e877e446161b24a9772009cca89e9f211e27c577ad73509a3862f?s=96&d=mm&r=g","contentUrl":"https:\/\/secure.gravatar.com\/avatar\/59414bda600e877e446161b24a9772009cca89e9f211e27c577ad73509a3862f?s=96&d=mm&r=g","caption":"admin-news"},"sameAs":["https:\/\/mld-index.info"],"url":"https:\/\/mld-index.info\/ro\/author\/admin-news\/"}]}},"_links":{"self":[{"href":"https:\/\/mld-index.info\/ro\/wp-json\/wp\/v2\/posts\/20718","targetHints":{"allow":["GET"]}}],"collection":[{"href":"https:\/\/mld-index.info\/ro\/wp-json\/wp\/v2\/posts"}],"about":[{"href":"https:\/\/mld-index.info\/ro\/wp-json\/wp\/v2\/types\/post"}],"author":[{"embeddable":true,"href":"https:\/\/mld-index.info\/ro\/wp-json\/wp\/v2\/users\/1"}],"replies":[{"embeddable":true,"href":"https:\/\/mld-index.info\/ro\/wp-json\/wp\/v2\/comments?post=20718"}],"version-history":[{"count":1,"href":"https:\/\/mld-index.info\/ro\/wp-json\/wp\/v2\/posts\/20718\/revisions"}],"predecessor-version":[{"id":20721,"href":"https:\/\/mld-index.info\/ro\/wp-json\/wp\/v2\/posts\/20718\/revisions\/20721"}],"wp:featuredmedia":[{"embeddable":true,"href":"https:\/\/mld-index.info\/ro\/wp-json\/wp\/v2\/media\/20720"}],"wp:attachment":[{"href":"https:\/\/mld-index.info\/ro\/wp-json\/wp\/v2\/media?parent=20718"}],"wp:term":[{"taxonomy":"category","embeddable":true,"href":"https:\/\/mld-index.info\/ro\/wp-json\/wp\/v2\/categories?post=20718"},{"taxonomy":"post_tag","embeddable":true,"href":"https:\/\/mld-index.info\/ro\/wp-json\/wp\/v2\/tags?post=20718"}],"curies":[{"name":"wp","href":"https:\/\/api.w.org\/{rel}","templated":true}]}}