{"id":20724,"date":"2026-09-02T16:00:20","date_gmt":"2026-09-02T13:00:20","guid":{"rendered":"https:\/\/mld-index.info\/?p=20724"},"modified":"2026-09-02T13:00:08","modified_gmt":"2026-09-02T10:00:08","slug":"reintegrare-pentru-adulti-si-copii","status":"publish","type":"post","link":"https:\/\/mld-index.info\/ro\/stiri\/reintegrare-pentru-adulti-si-copii\/","title":{"rendered":"Reintegrare pentru adul\u021bi \u0219i copii"},"content":{"rendered":"<p>02.09.2026<\/p>\n<p>Ceea ce s-a \u00eent\u00e2mplat \u00een prima zi de toamn\u0103 a anului 2026 este prima etap\u0103 a elimin\u0103rii treptate a facilit\u0103\u021bilor fiscale pentru operatorii economici \u00eenregistra\u021bi \u00een st\u00e2nga Nistrului, a\u0219a cum prevede Legea nr. 67, adoptat\u0103 de Parlamentul Republicii Moldova la 30 aprilie a acestui an.<\/p>\n<p>Astfel, \u00eencep\u00e2nd cu 1 septembrie, TVA-ul \u0219i accizele vor fi aplicate pentru b\u0103uturile alcoolice, produsele din tutun, parfumeria, articolele pirotehnice, bl\u0103nurile, bijuteriile \u0219i pietrele pre\u021bioase din st\u00e2nga Nistrului, precum \u0219i pentru anumite categorii de vehicule.<\/p>\n<p>\u00cen a doua etap\u0103, pe care autorit\u0103\u021bile de la Chi\u0219in\u0103u inten\u021bioneaz\u0103 s\u0103 o \u00eenceap\u0103 la 1 ianuarie 2027, impozitele vor fi aplicate pentru b\u0103uturile nealcoolice, minereuri, metale nepre\u021bioase \u0219i produse petroliere. \u00cencep\u00e2nd cu 1 aprilie, aceast\u0103 m\u0103sur\u0103 va viza gazele naturale \u0219i energia electric\u0103. Uniformizarea complet\u0103 a regimului fiscal din st\u00e2nga Nistrului este planificat\u0103 de Chi\u0219in\u0103u pentru 1 ianuarie 2030.<\/p>\n<p>\u201eAceste ac\u021biuni reprezint\u0103 un pas important pentru reintegrarea celor dou\u0103 maluri ale Nistrului. Pentru prima dat\u0103 din 2000, se aplic\u0103 principiul \u00abo \u021bar\u0103 \u2013 acelea\u0219i taxe\u00bb\u201d, a scris pe Facebook deputatul PAS, Radu Marian. Prim-ministrul Republicii Moldova, Vasile Tofan, a explicat c\u0103 scopul introducerii impozit\u0103rii pentru Tiraspol este de a integra agen\u021bii economici din Transnistria \u00een spa\u021biul fiscal al Republicii Moldova: \u201eDatorit\u0103 acestei m\u0103suri echitabile, fondurile colectate vor fi direc\u021bionate c\u0103tre aceia\u0219i cet\u0103\u021beni care locuiesc \u00een regiune, astfel \u00eenc\u00e2t ace\u0219tia s\u0103 beneficieze de mai mult sprijin, de un acces mai larg la servicii medicale, asisten\u021b\u0103 social\u0103 \u0219i pensii\u201d.<\/p>\n<p>La r\u00e2ndul s\u0103u, reamintim, la Tiraspol, Legea nr. 67 a fost numit\u0103 \u201esufocarea economic\u0103 a Transnistriei\u201d prin impunerea unor \u201etaxe absurde\u201d \u00een st\u00e2nga Nistrului \u0219i s-a vorbit despre riscul unui colaps economic al regiunii nerecunoscute.<\/p>\n<p>\u00cen acela\u0219i timp, viceprim-ministrul pentru reintegrare, Valeriu Chiveri, a participat la festivitatea \u201ePrimul sunet\u201d organizat\u0103 la Liceul \u201eEvrica\u201d din R\u00eebni\u021ba, unde, \u00een numele Guvernului Republicii Moldova, s-a adresat copiilor, p\u0103rin\u021bilor \u0219i cadrelor didactice cu un mesaj de felicitare.<\/p>\n<p>\u201eVom continua s\u0103 acord\u0103m prioritate bunei func\u021bion\u0103ri a \u0219colilor cu predare \u00een limba rom\u00e2n\u0103 din regiunea transnistrean\u0103 \u0219i s\u0103 sprijinim elevii, profesorii \u0219i p\u0103rin\u021bii care, prin munca lor zilnic\u0103, ap\u0103r\u0103 dreptul la educa\u021bie \u00een limba matern\u0103. Liceul Teoretic \u00abEvrica\u00bb este un exemplu de demnitate, rezilien\u021b\u0103 \u0219i devotament fa\u021b\u0103 de valorile educa\u021biei na\u021bionale\u201d, a declarat oficialul de la Chi\u0219in\u0103u \u00een cadrul festivit\u0103\u021bii \u0219colare.<\/p>\n<p>\u201eParticiparea la eveniment a fost un prilej bun pentru a reafirma sprijinul autorit\u0103\u021bilor constitu\u021bionale ale Republicii Moldova pentru comunitatea \u0219colar\u0103 a institu\u021biei care, \u00een ciuda dificult\u0103\u021bilor \u00eent\u00e2mpinate de-a lungul anilor, continu\u0103 s\u0103 ofere copiilor acces la o educa\u021bie de calitate \u00een limba rom\u00e2n\u0103, pe baza programelor na\u021bionale de \u00eenv\u0103\u021b\u0103m\u00e2nt\u201d, se arat\u0103 \u00een comunicatul Biroului pentru Reintegrare.<\/p>\n<p>\u00cen plus, \u00een comunicat s-a men\u021bionat c\u0103 procesul educa\u021bional \u00een regiune (\u0219i nu doar \u00een cele opt \u0219coli de limb\u0103 rom\u00e2n\u0103 din st\u00e2nga Nistrului) trebuie organizat \u00een conformitate cu prevederile Codului Educa\u021biei al Republicii Moldova \u0219i cu standardele europene \u00een acest domeniu, \u201epentru ca dreptul la o educa\u021bie modern\u0103, sigur\u0103 \u0219i de calitate s\u0103 fie garantat tuturor copiilor din regiune\u201d.<\/p>\n<p>Este interesant modul \u00een care evenimentele din 1 septembrie la \u0219coala rom\u00e2neasc\u0103 din R\u00eebni\u021ba, st\u00e2nga Nistrului, se coreleaz\u0103 cu ordinul Ministerului Educa\u021biei al Republicii Moldovene\u0219ti Nistrene privind organizarea, \u00eencep\u00e2nd cu noul an \u0219colar, a festivit\u0103\u021bilor s\u0103pt\u0103m\u00e2nale cu ridicarea drapelului \u0219i interpretarea imnului RMN. \u00centruc\u00e2t, potrivit ordinului ministerului educa\u021bional transnistrean, \u00eencep\u00e2nd cu 1 septembrie, \u00een toate institu\u021biile de \u00eenv\u0103\u021b\u0103m\u00e2nt ale nerecunoscutei republici, fiecare s\u0103pt\u0103m\u00e2n\u0103 de \u0219coal\u0103 trebuie s\u0103 \u00eenceap\u0103 cu ridicarea drapelului de stat \u0219i interpretarea imnului de stat al regiunii. \u201eAceast\u0103 m\u0103sur\u0103 este menit\u0103 s\u0103 cultive respectul fa\u021b\u0103 de simbolurile regiunii, istoria \u0219i tradi\u021biile acesteia, precum \u0219i s\u0103 dezvolte patriotismul, disciplina \u0219i sentimentul apartenen\u021bei civice\u201d, se arat\u0103 \u00een documentul Ministerului Educa\u021biei al RMN.<\/p>\n<p>Cu toate acestea, la Chi\u0219in\u0103u, aceast\u0103 ini\u021biativ\u0103 a fost numit\u0103 \u201eilegal\u0103\u201d. \u201ePropagandi\u0219tii transnistreni, care au luat aceste decizii absurde \u0219i ilegale, trebuie s\u0103 suporte consecin\u021bele juridice corespunz\u0103toare pentru \u00eenc\u0103lcarea legii \u0219i a drepturilor fundamentale ale copiilor\u201d, au declarat reprezentan\u021bii Biroului pentru Reintegrare al Republicii Moldova.<\/p>\n","protected":false},"excerpt":{"rendered":"<p>02.09.2026 Ceea ce s-a \u00eent\u00e2mplat \u00een prima zi de toamn\u0103 a anului 2026 este prima etap\u0103 a elimin\u0103rii treptate a facilit\u0103\u021bilor fiscale pentru operatorii economici \u00eenregistra\u021bi \u00een st\u00e2nga Nistrului, a\u0219a cum prevede Legea nr. 67, adoptat\u0103 de Parlamentul Republicii Moldova la 30 aprilie a acestui an. Astfel, \u00eencep\u00e2nd cu 1 septembrie, TVA-ul \u0219i accizele vor [&hellip;]<\/p>\n","protected":false},"author":1,"featured_media":20719,"comment_status":"open","ping_status":"open","sticky":false,"template":"","format":"standard","meta":{"footnotes":""},"categories":[103,99],"tags":[],"class_list":["post-20724","post","type-post","status-publish","format-standard","has-post-thumbnail","category-economie-si-finante","category-stiri"],"yoast_head":"<!-- This site is optimized with the Yoast SEO plugin v24.3 - https:\/\/yoast.com\/wordpress\/plugins\/seo\/ -->\n<title>Reintegrare pentru adul\u021bi \u0219i copii - MLD-Index<\/title>\n<meta name=\"description\" content=\"\u00cencep\u00e2nd cu 1 septembrie, antreprenorii din st\u00e2nga Nistrului vor pl\u0103ti TVA \u0219i accize pentru anumite categorii de m\u0103rfuri pe care le import\u0103\" \/>\n<meta name=\"robots\" content=\"index, follow, max-snippet:-1, max-image-preview:large, max-video-preview:-1\" \/>\n<link rel=\"canonical\" href=\"https:\/\/mld-index.info\/novosti\/\u0440\u0435\u0438\u043d\u0442\u0435\u0433\u0440\u0430\u0446\u0438\u044f-\u0434\u043b\u044f-\u0432\u0437\u0440\u043e\u0441\u043b\u044b\u0445-\u0438-\u0434\u0435\u0442\u0435\u0439\/\" \/>\n<meta property=\"og:locale\" content=\"ro_RO\" \/>\n<meta property=\"og:type\" content=\"article\" \/>\n<meta property=\"og:title\" content=\"Reintegrare pentru adul\u021bi \u0219i copii - MLD-Index\" \/>\n<meta property=\"og:description\" content=\"\u00cencep\u00e2nd cu 1 septembrie, antreprenorii din st\u00e2nga Nistrului vor pl\u0103ti TVA \u0219i accize pentru anumite categorii de m\u0103rfuri pe care le import\u0103\" \/>\n<meta property=\"og:url\" content=\"https:\/\/mld-index.info\/novosti\/\u0440\u0435\u0438\u043d\u0442\u0435\u0433\u0440\u0430\u0446\u0438\u044f-\u0434\u043b\u044f-\u0432\u0437\u0440\u043e\u0441\u043b\u044b\u0445-\u0438-\u0434\u0435\u0442\u0435\u0439\/\" \/>\n<meta property=\"og:site_name\" content=\"MLD-Index\" \/>\n<meta property=\"article:published_time\" content=\"2026-09-02T13:00:20+00:00\" \/>\n<meta property=\"article:modified_time\" content=\"2026-09-02T10:00:08+00:00\" \/>\n<meta property=\"og:image\" content=\"https:\/\/mld-index.info\/wp-content\/uploads\/2026\/09\/6a96c30c89f48_BPR_0262.jpg\" \/>\n\t<meta property=\"og:image:width\" content=\"1290\" \/>\n\t<meta property=\"og:image:height\" content=\"970\" \/>\n\t<meta property=\"og:image:type\" content=\"image\/jpeg\" \/>\n<meta name=\"author\" content=\"admin-news\" \/>\n<meta name=\"twitter:card\" content=\"summary_large_image\" \/>\n<meta name=\"twitter:label1\" content=\"Scris de\" \/>\n\t<meta name=\"twitter:data1\" content=\"admin-news\" \/>\n\t<meta name=\"twitter:label2\" content=\"Timp estimat pentru citire\" \/>\n\t<meta name=\"twitter:data2\" content=\"4 minute\" \/>\n<script type=\"application\/ld+json\" class=\"yoast-schema-graph\">{\"@context\":\"https:\/\/schema.org\",\"@graph\":[{\"@type\":\"WebPage\",\"@id\":\"https:\/\/mld-index.info\/novosti\/%d1%80%d0%b5%d0%b8%d0%bd%d1%82%d0%b5%d0%b3%d1%80%d0%b0%d1%86%d0%b8%d1%8f-%d0%b4%d0%bb%d1%8f-%d0%b2%d0%b7%d1%80%d0%be%d1%81%d0%bb%d1%8b%d1%85-%d0%b8-%d0%b4%d0%b5%d1%82%d0%b5%d0%b9\/\",\"url\":\"https:\/\/mld-index.info\/novosti\/%d1%80%d0%b5%d0%b8%d0%bd%d1%82%d0%b5%d0%b3%d1%80%d0%b0%d1%86%d0%b8%d1%8f-%d0%b4%d0%bb%d1%8f-%d0%b2%d0%b7%d1%80%d0%be%d1%81%d0%bb%d1%8b%d1%85-%d0%b8-%d0%b4%d0%b5%d1%82%d0%b5%d0%b9\/\",\"name\":\"Reintegrare pentru adul\u021bi \u0219i copii - MLD-Index\",\"isPartOf\":{\"@id\":\"https:\/\/mld-index.info\/#website\"},\"primaryImageOfPage\":{\"@id\":\"https:\/\/mld-index.info\/novosti\/%d1%80%d0%b5%d0%b8%d0%bd%d1%82%d0%b5%d0%b3%d1%80%d0%b0%d1%86%d0%b8%d1%8f-%d0%b4%d0%bb%d1%8f-%d0%b2%d0%b7%d1%80%d0%be%d1%81%d0%bb%d1%8b%d1%85-%d0%b8-%d0%b4%d0%b5%d1%82%d0%b5%d0%b9\/#primaryimage\"},\"image\":{\"@id\":\"https:\/\/mld-index.info\/novosti\/%d1%80%d0%b5%d0%b8%d0%bd%d1%82%d0%b5%d0%b3%d1%80%d0%b0%d1%86%d0%b8%d1%8f-%d0%b4%d0%bb%d1%8f-%d0%b2%d0%b7%d1%80%d0%be%d1%81%d0%bb%d1%8b%d1%85-%d0%b8-%d0%b4%d0%b5%d1%82%d0%b5%d0%b9\/#primaryimage\"},\"thumbnailUrl\":\"https:\/\/mld-index.info\/wp-content\/uploads\/2026\/09\/6a96c30c89f48_BPR_0262.jpg\",\"datePublished\":\"2026-09-02T13:00:20+00:00\",\"dateModified\":\"2026-09-02T10:00:08+00:00\",\"author\":{\"@id\":\"https:\/\/mld-index.info\/#\/schema\/person\/07033762c4b46689adebe724a04d1774\"},\"description\":\"\u00cencep\u00e2nd cu 1 septembrie, antreprenorii din st\u00e2nga Nistrului vor pl\u0103ti TVA \u0219i accize pentru anumite categorii de m\u0103rfuri pe care le import\u0103\",\"breadcrumb\":{\"@id\":\"https:\/\/mld-index.info\/novosti\/%d1%80%d0%b5%d0%b8%d0%bd%d1%82%d0%b5%d0%b3%d1%80%d0%b0%d1%86%d0%b8%d1%8f-%d0%b4%d0%bb%d1%8f-%d0%b2%d0%b7%d1%80%d0%be%d1%81%d0%bb%d1%8b%d1%85-%d0%b8-%d0%b4%d0%b5%d1%82%d0%b5%d0%b9\/#breadcrumb\"},\"inLanguage\":\"ro-RO\",\"potentialAction\":[{\"@type\":\"ReadAction\",\"target\":[\"https:\/\/mld-index.info\/novosti\/%d1%80%d0%b5%d0%b8%d0%bd%d1%82%d0%b5%d0%b3%d1%80%d0%b0%d1%86%d0%b8%d1%8f-%d0%b4%d0%bb%d1%8f-%d0%b2%d0%b7%d1%80%d0%be%d1%81%d0%bb%d1%8b%d1%85-%d0%b8-%d0%b4%d0%b5%d1%82%d0%b5%d0%b9\/\"]}]},{\"@type\":\"ImageObject\",\"inLanguage\":\"ro-RO\",\"@id\":\"https:\/\/mld-index.info\/novosti\/%d1%80%d0%b5%d0%b8%d0%bd%d1%82%d0%b5%d0%b3%d1%80%d0%b0%d1%86%d0%b8%d1%8f-%d0%b4%d0%bb%d1%8f-%d0%b2%d0%b7%d1%80%d0%be%d1%81%d0%bb%d1%8b%d1%85-%d0%b8-%d0%b4%d0%b5%d1%82%d0%b5%d0%b9\/#primaryimage\",\"url\":\"https:\/\/mld-index.info\/wp-content\/uploads\/2026\/09\/6a96c30c89f48_BPR_0262.jpg\",\"contentUrl\":\"https:\/\/mld-index.info\/wp-content\/uploads\/2026\/09\/6a96c30c89f48_BPR_0262.jpg\",\"width\":1290,\"height\":970},{\"@type\":\"BreadcrumbList\",\"@id\":\"https:\/\/mld-index.info\/novosti\/%d1%80%d0%b5%d0%b8%d0%bd%d1%82%d0%b5%d0%b3%d1%80%d0%b0%d1%86%d0%b8%d1%8f-%d0%b4%d0%bb%d1%8f-%d0%b2%d0%b7%d1%80%d0%be%d1%81%d0%bb%d1%8b%d1%85-%d0%b8-%d0%b4%d0%b5%d1%82%d0%b5%d0%b9\/#breadcrumb\",\"itemListElement\":[{\"@type\":\"ListItem\",\"position\":1,\"name\":\"\u0413\u043b\u0430\u0432\u043d\u0430\u044f \u0441\u0442\u0440\u0430\u043d\u0438\u0446\u0430\",\"item\":\"https:\/\/mld-index.info\/\"},{\"@type\":\"ListItem\",\"position\":2,\"name\":\"Reintegrare pentru adul\u021bi \u0219i copii\"}]},{\"@type\":\"WebSite\",\"@id\":\"https:\/\/mld-index.info\/#website\",\"url\":\"https:\/\/mld-index.info\/\",\"name\":\"MLD-Index\",\"description\":\"\",\"potentialAction\":[{\"@type\":\"SearchAction\",\"target\":{\"@type\":\"EntryPoint\",\"urlTemplate\":\"https:\/\/mld-index.info\/?s={search_term_string}\"},\"query-input\":{\"@type\":\"PropertyValueSpecification\",\"valueRequired\":true,\"valueName\":\"search_term_string\"}}],\"inLanguage\":\"ro-RO\"},{\"@type\":\"Person\",\"@id\":\"https:\/\/mld-index.info\/#\/schema\/person\/07033762c4b46689adebe724a04d1774\",\"name\":\"admin-news\",\"image\":{\"@type\":\"ImageObject\",\"inLanguage\":\"ro-RO\",\"@id\":\"https:\/\/mld-index.info\/#\/schema\/person\/image\/\",\"url\":\"https:\/\/secure.gravatar.com\/avatar\/59414bda600e877e446161b24a9772009cca89e9f211e27c577ad73509a3862f?s=96&d=mm&r=g\",\"contentUrl\":\"https:\/\/secure.gravatar.com\/avatar\/59414bda600e877e446161b24a9772009cca89e9f211e27c577ad73509a3862f?s=96&d=mm&r=g\",\"caption\":\"admin-news\"},\"sameAs\":[\"https:\/\/mld-index.info\"],\"url\":\"https:\/\/mld-index.info\/ro\/author\/admin-news\/\"}]}<\/script>\n<!-- \/ Yoast SEO plugin. -->","yoast_head_json":{"title":"Reintegrare pentru adul\u021bi \u0219i copii - MLD-Index","description":"\u00cencep\u00e2nd cu 1 septembrie, antreprenorii din st\u00e2nga Nistrului vor pl\u0103ti TVA \u0219i accize pentru anumite categorii de m\u0103rfuri pe care le import\u0103","robots":{"index":"index","follow":"follow","max-snippet":"max-snippet:-1","max-image-preview":"max-image-preview:large","max-video-preview":"max-video-preview:-1"},"canonical":"https:\/\/mld-index.info\/novosti\/\u0440\u0435\u0438\u043d\u0442\u0435\u0433\u0440\u0430\u0446\u0438\u044f-\u0434\u043b\u044f-\u0432\u0437\u0440\u043e\u0441\u043b\u044b\u0445-\u0438-\u0434\u0435\u0442\u0435\u0439\/","og_locale":"ro_RO","og_type":"article","og_title":"Reintegrare pentru adul\u021bi \u0219i copii - MLD-Index","og_description":"\u00cencep\u00e2nd cu 1 septembrie, antreprenorii din st\u00e2nga Nistrului vor pl\u0103ti TVA \u0219i accize pentru anumite categorii de m\u0103rfuri pe care le import\u0103","og_url":"https:\/\/mld-index.info\/novosti\/\u0440\u0435\u0438\u043d\u0442\u0435\u0433\u0440\u0430\u0446\u0438\u044f-\u0434\u043b\u044f-\u0432\u0437\u0440\u043e\u0441\u043b\u044b\u0445-\u0438-\u0434\u0435\u0442\u0435\u0439\/","og_site_name":"MLD-Index","article_published_time":"2026-09-02T13:00:20+00:00","article_modified_time":"2026-09-02T10:00:08+00:00","og_image":[{"width":1290,"height":970,"url":"https:\/\/mld-index.info\/wp-content\/uploads\/2026\/09\/6a96c30c89f48_BPR_0262.jpg","type":"image\/jpeg"}],"author":"admin-news","twitter_card":"summary_large_image","twitter_misc":{"Scris de":"admin-news","Timp estimat pentru citire":"4 minute"},"schema":{"@context":"https:\/\/schema.org","@graph":[{"@type":"WebPage","@id":"https:\/\/mld-index.info\/novosti\/%d1%80%d0%b5%d0%b8%d0%bd%d1%82%d0%b5%d0%b3%d1%80%d0%b0%d1%86%d0%b8%d1%8f-%d0%b4%d0%bb%d1%8f-%d0%b2%d0%b7%d1%80%d0%be%d1%81%d0%bb%d1%8b%d1%85-%d0%b8-%d0%b4%d0%b5%d1%82%d0%b5%d0%b9\/","url":"https:\/\/mld-index.info\/novosti\/%d1%80%d0%b5%d0%b8%d0%bd%d1%82%d0%b5%d0%b3%d1%80%d0%b0%d1%86%d0%b8%d1%8f-%d0%b4%d0%bb%d1%8f-%d0%b2%d0%b7%d1%80%d0%be%d1%81%d0%bb%d1%8b%d1%85-%d0%b8-%d0%b4%d0%b5%d1%82%d0%b5%d0%b9\/","name":"Reintegrare pentru adul\u021bi \u0219i copii - MLD-Index","isPartOf":{"@id":"https:\/\/mld-index.info\/#website"},"primaryImageOfPage":{"@id":"https:\/\/mld-index.info\/novosti\/%d1%80%d0%b5%d0%b8%d0%bd%d1%82%d0%b5%d0%b3%d1%80%d0%b0%d1%86%d0%b8%d1%8f-%d0%b4%d0%bb%d1%8f-%d0%b2%d0%b7%d1%80%d0%be%d1%81%d0%bb%d1%8b%d1%85-%d0%b8-%d0%b4%d0%b5%d1%82%d0%b5%d0%b9\/#primaryimage"},"image":{"@id":"https:\/\/mld-index.info\/novosti\/%d1%80%d0%b5%d0%b8%d0%bd%d1%82%d0%b5%d0%b3%d1%80%d0%b0%d1%86%d0%b8%d1%8f-%d0%b4%d0%bb%d1%8f-%d0%b2%d0%b7%d1%80%d0%be%d1%81%d0%bb%d1%8b%d1%85-%d0%b8-%d0%b4%d0%b5%d1%82%d0%b5%d0%b9\/#primaryimage"},"thumbnailUrl":"https:\/\/mld-index.info\/wp-content\/uploads\/2026\/09\/6a96c30c89f48_BPR_0262.jpg","datePublished":"2026-09-02T13:00:20+00:00","dateModified":"2026-09-02T10:00:08+00:00","author":{"@id":"https:\/\/mld-index.info\/#\/schema\/person\/07033762c4b46689adebe724a04d1774"},"description":"\u00cencep\u00e2nd cu 1 septembrie, antreprenorii din st\u00e2nga Nistrului vor pl\u0103ti TVA \u0219i accize pentru anumite categorii de m\u0103rfuri pe care le import\u0103","breadcrumb":{"@id":"https:\/\/mld-index.info\/novosti\/%d1%80%d0%b5%d0%b8%d0%bd%d1%82%d0%b5%d0%b3%d1%80%d0%b0%d1%86%d0%b8%d1%8f-%d0%b4%d0%bb%d1%8f-%d0%b2%d0%b7%d1%80%d0%be%d1%81%d0%bb%d1%8b%d1%85-%d0%b8-%d0%b4%d0%b5%d1%82%d0%b5%d0%b9\/#breadcrumb"},"inLanguage":"ro-RO","potentialAction":[{"@type":"ReadAction","target":["https:\/\/mld-index.info\/novosti\/%d1%80%d0%b5%d0%b8%d0%bd%d1%82%d0%b5%d0%b3%d1%80%d0%b0%d1%86%d0%b8%d1%8f-%d0%b4%d0%bb%d1%8f-%d0%b2%d0%b7%d1%80%d0%be%d1%81%d0%bb%d1%8b%d1%85-%d0%b8-%d0%b4%d0%b5%d1%82%d0%b5%d0%b9\/"]}]},{"@type":"ImageObject","inLanguage":"ro-RO","@id":"https:\/\/mld-index.info\/novosti\/%d1%80%d0%b5%d0%b8%d0%bd%d1%82%d0%b5%d0%b3%d1%80%d0%b0%d1%86%d0%b8%d1%8f-%d0%b4%d0%bb%d1%8f-%d0%b2%d0%b7%d1%80%d0%be%d1%81%d0%bb%d1%8b%d1%85-%d0%b8-%d0%b4%d0%b5%d1%82%d0%b5%d0%b9\/#primaryimage","url":"https:\/\/mld-index.info\/wp-content\/uploads\/2026\/09\/6a96c30c89f48_BPR_0262.jpg","contentUrl":"https:\/\/mld-index.info\/wp-content\/uploads\/2026\/09\/6a96c30c89f48_BPR_0262.jpg","width":1290,"height":970},{"@type":"BreadcrumbList","@id":"https:\/\/mld-index.info\/novosti\/%d1%80%d0%b5%d0%b8%d0%bd%d1%82%d0%b5%d0%b3%d1%80%d0%b0%d1%86%d0%b8%d1%8f-%d0%b4%d0%bb%d1%8f-%d0%b2%d0%b7%d1%80%d0%be%d1%81%d0%bb%d1%8b%d1%85-%d0%b8-%d0%b4%d0%b5%d1%82%d0%b5%d0%b9\/#breadcrumb","itemListElement":[{"@type":"ListItem","position":1,"name":"\u0413\u043b\u0430\u0432\u043d\u0430\u044f \u0441\u0442\u0440\u0430\u043d\u0438\u0446\u0430","item":"https:\/\/mld-index.info\/"},{"@type":"ListItem","position":2,"name":"Reintegrare pentru adul\u021bi \u0219i copii"}]},{"@type":"WebSite","@id":"https:\/\/mld-index.info\/#website","url":"https:\/\/mld-index.info\/","name":"MLD-Index","description":"","potentialAction":[{"@type":"SearchAction","target":{"@type":"EntryPoint","urlTemplate":"https:\/\/mld-index.info\/?s={search_term_string}"},"query-input":{"@type":"PropertyValueSpecification","valueRequired":true,"valueName":"search_term_string"}}],"inLanguage":"ro-RO"},{"@type":"Person","@id":"https:\/\/mld-index.info\/#\/schema\/person\/07033762c4b46689adebe724a04d1774","name":"admin-news","image":{"@type":"ImageObject","inLanguage":"ro-RO","@id":"https:\/\/mld-index.info\/#\/schema\/person\/image\/","url":"https:\/\/secure.gravatar.com\/avatar\/59414bda600e877e446161b24a9772009cca89e9f211e27c577ad73509a3862f?s=96&d=mm&r=g","contentUrl":"https:\/\/secure.gravatar.com\/avatar\/59414bda600e877e446161b24a9772009cca89e9f211e27c577ad73509a3862f?s=96&d=mm&r=g","caption":"admin-news"},"sameAs":["https:\/\/mld-index.info"],"url":"https:\/\/mld-index.info\/ro\/author\/admin-news\/"}]}},"_links":{"self":[{"href":"https:\/\/mld-index.info\/ro\/wp-json\/wp\/v2\/posts\/20724","targetHints":{"allow":["GET"]}}],"collection":[{"href":"https:\/\/mld-index.info\/ro\/wp-json\/wp\/v2\/posts"}],"about":[{"href":"https:\/\/mld-index.info\/ro\/wp-json\/wp\/v2\/types\/post"}],"author":[{"embeddable":true,"href":"https:\/\/mld-index.info\/ro\/wp-json\/wp\/v2\/users\/1"}],"replies":[{"embeddable":true,"href":"https:\/\/mld-index.info\/ro\/wp-json\/wp\/v2\/comments?post=20724"}],"version-history":[{"count":1,"href":"https:\/\/mld-index.info\/ro\/wp-json\/wp\/v2\/posts\/20724\/revisions"}],"predecessor-version":[{"id":20725,"href":"https:\/\/mld-index.info\/ro\/wp-json\/wp\/v2\/posts\/20724\/revisions\/20725"}],"wp:featuredmedia":[{"embeddable":true,"href":"https:\/\/mld-index.info\/ro\/wp-json\/wp\/v2\/media\/20719"}],"wp:attachment":[{"href":"https:\/\/mld-index.info\/ro\/wp-json\/wp\/v2\/media?parent=20724"}],"wp:term":[{"taxonomy":"category","embeddable":true,"href":"https:\/\/mld-index.info\/ro\/wp-json\/wp\/v2\/categories?post=20724"},{"taxonomy":"post_tag","embeddable":true,"href":"https:\/\/mld-index.info\/ro\/wp-json\/wp\/v2\/tags?post=20724"}],"curies":[{"name":"wp","href":"https:\/\/api.w.org\/{rel}","templated":true}]}}