{"id":20738,"date":"2026-09-04T10:00:26","date_gmt":"2026-09-04T07:00:26","guid":{"rendered":"https:\/\/mld-index.info\/?p=20738"},"modified":"2026-09-04T09:36:37","modified_gmt":"2026-09-04T06:36:37","slug":"franarea-bugetului","status":"publish","type":"post","link":"https:\/\/mld-index.info\/ro\/stiri\/franarea-bugetului\/","title":{"rendered":"Fr\u00e2narea bugetului"},"content":{"rendered":"<p>04.09.2026<\/p>\n<p>Pe 2 septembrie, Guvernul Republicii Moldova a aprobat rectificarea bugetului de stat pentru anul curent, care prevede cheltuieli suplimentare de aproximativ 2,8 miliarde de lei. Potrivit autorit\u0103\u021bilor, fondurile suplimentare vor fi direc\u021bionate c\u0103tre pl\u0103\u021bi unice pentru bugetarii al c\u0103ror salariu lunar nu dep\u0103\u0219e\u0219te 20 de mii de lei, compensa\u021bii pentru resursele energetice \u00een sezonul rece, proiecte de infrastructur\u0103 local\u0103 \u0219i Fondul Rutier. Astfel, deficitul bugetar \u00een acest an va atinge 23 de miliarde de lei, sau 5,95% din PIB.<\/p>\n<p>S\u0103 analiz\u0103m necesitatea injec\u021biilor bugetare suplimentare pe puncte. \u00cen ceea ce prive\u0219te lucr\u0103torii din sectorul bugetar, \u00een primul r\u00e2nd profesorii, c\u0103rora li s-a promis majorarea salariilor de la 1 septembrie, dar apoi am\u00e2nat\u0103 pentru anul urm\u0103tor, reamintim c\u0103 li s-a promis s\u0103 li se pl\u0103teasc\u0103 \u00een octombrie c\u00e2te 4 mii de lei personalului didactic principal \u0219i c\u00e2te 2 mii de lei personalului auxiliar. Prin urmare, \u00een acest caz, este \u00eentr-adev\u0103r necesar s\u0103 se caute fonduri suplimentare \u00een buget, pentru ca profesorii din Republica Moldova s\u0103 nu organizeze protestele \u00een mas\u0103 anun\u021bate.<\/p>\n<p>Cu toate acestea, \u00een ceea ce prive\u0219te compensa\u021biile pentru cheltuielile cu utilit\u0103\u021bile \u00een sezonul rece, situa\u021bia este invers\u0103. Conducerea \u021b\u0103rii a decis recent s\u0103 reduc\u0103 drastic cuantumul lunar al acestor pl\u0103\u021bi \u0219i s\u0103 \u00een\u0103spreasc\u0103 evaluarea criteriilor de vulnerabilitate a popula\u021biei. Adic\u0103, compensa\u021biile vor fi mult mai mici, prin urmare, acest articol al cheltuielilor bugetare nu ar trebui s\u0103 fie considerat ca fiind supus major\u0103rii.<\/p>\n<p>\u00cen ceea ce prive\u0219te proiectele de infrastructur\u0103, inclusiv cele rutiere, cea mai mare parte a finan\u021b\u0103rii acestora provine din surse externe \u0219i, \u00een primul r\u00e2nd, din a\u0219a-numitul \u201ePlan de cre\u0219tere al UE pentru Moldova\u201d (\u201eMoldova Growth Plan\u201d), conform c\u0103ruia Republica Moldova ar trebui s\u0103 primeasc\u0103 p\u00e2n\u0103 \u00een 2028 din fonduri europene 1,9 miliarde de euro. Prin urmare, \u0219i aceast\u0103 justificare pentru necesitatea major\u0103rii bugetului pentru 2026 poate fi considerat\u0103 nefondat\u0103.<\/p>\n<p>\u00cen ajunul aprob\u0103rii de c\u0103tre deputa\u021bi a rectific\u0103rilor bugetare \u00een prim\u0103 lectur\u0103, pre\u0219edintele Parlamentului Republicii Moldova, Igor Grosu, a asigurat c\u0103 situa\u021bia nu va sc\u0103pa de sub control sub nicio form\u0103. \u0218i, \u00een general, trebuie s\u0103 privim mai optimist spre viitor. \u201eDa, acest deficit exist\u0103, dar este gestionabil. Probabil, vom aborda altfel proiectul bugetului pentru 2027, vom avea mai mult timp pentru dezbaterea acestuia. Domnul prim-ministru are deja idei despre cum s\u0103 reduc\u0103 acest deficit, dar vom discuta acest lucru \u00een leg\u0103tur\u0103 cu proiectul pentru 2027\u201d, a declarat liderul partidului de guvern\u0103m\u00e2nt PAS.<\/p>\n<p>La r\u00e2ndul lor, reprezentan\u021bii opozi\u021biei parlamentare au criticat cre\u0219terea planificat\u0103 a deficitului bugetar, au acuzat autorit\u0103\u021bile de gestionarea ineficient\u0103 a fondurilor publice \u0219i de grab\u0103 \u00een adoptarea deciziilor importante.<\/p>\n<p>\u201eCei 101 deputa\u021bi care trebuie s\u0103 ridice m\u00e2na \u0219i s\u0103 dezbat\u0103 aceste rectific\u0103ri au avut la dispozi\u021bie doar o singur\u0103 noapte pentru a le studia. \u0218i acest lucru f\u0103r\u0103 a lua \u00een considerare alte proiecte importante pentru prima \u0219i a doua lectur\u0103 \u2013 de exemplu, modific\u0103rile la legea Cur\u021bii Constitu\u021bionale \u0219i legea investi\u021biilor. Din p\u0103cate, continu\u0103 aceast\u0103 practic\u0103 d\u0103un\u0103toare, c\u00e2nd proiecte foarte importante, precum rectificarea bugetului, sunt adoptate \u00eentr-o singur\u0103 noapte\u201d, a subliniat pre\u0219edintele Partidului Dezvolt\u0103rii \u0219i Consolid\u0103rii Moldovei, Ion Chicu, ad\u0103ug\u00e2nd c\u0103 \u201e\u00eencep\u00e2nd de anul viitor, \u021bara se va confrunta cu o reducere drastic\u0103 a cheltuielilor, iar apoi va urma o terapie de \u0219oc\u201d.<\/p>\n<p>Noul lider al Partidului Comuni\u0219tilor din Republica Moldova, Diana Caraman, a numit proiectul de majorare a deficitului bugetar unul dintre indicatorii e\u0219ecului autorit\u0103\u021bilor \u00een domeniul economic: \u201eSub actuala putere \u0219i acest guvern, din p\u0103cate, Republica Moldova nu se a\u0219teapt\u0103 la \u00eembun\u0103t\u0103\u021biri \u0219i cre\u0219tere economic\u0103. Aceasta \u00eenseamn\u0103 c\u0103 nici veniturile cet\u0103\u021benilor nu vor cre\u0219te, nici calitatea vie\u021bii nu se va \u00eembun\u0103t\u0103\u021bi, a\u0219a cum li s-a promis oamenilor acum un an. Reamintesc, a trecut foarte pu\u021bin timp \u2013 doar un an de c\u00e2nd PAS a ob\u021binut majoritatea \u00een parlament. Situa\u021bia se \u00eenr\u0103ut\u0103\u021be\u0219te, deficitul cre\u0219te, oamenii devin tot mai vulnerabili, iar calitatea vie\u021bii lor scade\u201d.<\/p>\n<p>\u201eMajorarea deficitului cu peste 2 miliarde! Le urez b\u0103ie\u021bilor de la putere noroc \u00een c\u0103utarea banilor, pentru c\u0103 \u00een campania electoral\u0103 au f\u0103cut promisiuni \u00een st\u00e2nga \u0219i \u00een dreapta \u0219i s-au cam \u00eenglodat \u00een ele\u201d, a scris pe pagina sa de Facebook liderul partidului \u201eDemocra\u021bia Acas\u0103\u201d, Vacile Cjstiuc.<\/p>\n<p>\u0218i, \u00eentr-adev\u0103r, din ce resurse inten\u021bioneaz\u0103 conduc\u0103torii Republicii Moldova s\u0103 compenseze cheltuielile neprev\u0103zute? De exemplu, conform prognozei macroeconomice actualizate publicate recent de Ministerul Dezvolt\u0103rii Economice al Republicii Moldova, cre\u0219terea PIB-ului \u00een acest an va sc\u0103dea cu 0,4 puncte procentuale. Dac\u0103 ini\u021bial Guvernul Republicii Moldova estima o cre\u0219tere a PIB-ului \u00een 2026 de 2,2%, acum autorit\u0103\u021bile nu inten\u021bioneaz\u0103 s\u0103 majoreze produsul intern brut cu mai mult de 1,8%. \u00cen prognoza sa, Ministerul Economiei men\u021bioneaz\u0103 c\u0103, \u00een ciuda \u201ecre\u0219terii industriei, comer\u021bului, energiei, activit\u0103\u021bilor de servicii auxiliare \u0219i s\u0103n\u0103t\u0103\u021bii\u201d, \u00een primul trimestru al acestui an, cre\u0219terea PIB-ului a fost de doar 0,4%.<\/p>\n<p>R\u0103m\u00e2ne o singur\u0103 speran\u021b\u0103 \u2013 \u00een acela\u0219i \u201ePlan de cre\u0219tere economic\u0103\u201d european. Dar \u0219i aici, \u00eens\u0103, au ap\u0103rut probleme. Astfel, UE, la sf\u00e2r\u0219itul lunii august a acestui an, a am\u00e2nat urm\u0103toarea tran\u0219\u0103 \u00een cadrul acestui program. Motivul &#8211; \u00eent\u00e2rzierea lucr\u0103rilor la construc\u021bia liniei electrice Isaccea-Vulc\u0103ne\u0219ti-Chi\u0219in\u0103u, care urma s\u0103 fie dat\u0103 \u00een func\u021biune \u00eenc\u0103 de la sf\u00e2r\u0219itul anului trecut. Dar din cauza unui transformator defect de produc\u021bie spaniol\u0103 la substa\u021bia Chi\u0219in\u0103u, punerea \u00een func\u021biune a acestei a\u0219a-numite \u201eLinii a independen\u021bei energetice\u201d este din nou am\u00e2nat\u0103 pe o perioad\u0103 nedeterminat\u0103.<\/p>\n","protected":false},"excerpt":{"rendered":"<p>04.09.2026 Pe 2 septembrie, Guvernul Republicii Moldova a aprobat rectificarea bugetului de stat pentru anul curent, care prevede cheltuieli suplimentare de aproximativ 2,8 miliarde de lei. Potrivit autorit\u0103\u021bilor, fondurile suplimentare vor fi direc\u021bionate c\u0103tre pl\u0103\u021bi unice pentru bugetarii al c\u0103ror salariu lunar nu dep\u0103\u0219e\u0219te 20 de mii de lei, compensa\u021bii pentru resursele energetice \u00een sezonul [&hellip;]<\/p>\n","protected":false},"author":1,"featured_media":20739,"comment_status":"open","ping_status":"open","sticky":false,"template":"","format":"standard","meta":{"footnotes":""},"categories":[103,99],"tags":[],"class_list":["post-20738","post","type-post","status-publish","format-standard","has-post-thumbnail","category-economie-si-finante","category-stiri"],"yoast_head":"<!-- This site is optimized with the Yoast SEO plugin v24.3 - https:\/\/yoast.com\/wordpress\/plugins\/seo\/ -->\n<title>Fr\u00e2narea bugetului - MLD-Index<\/title>\n<meta name=\"description\" content=\"Ast\u0103zi, Parlamentul Republicii Moldova urmeaz\u0103 s\u0103 discute \u00een prima lectur\u0103 proiectul de modificare a Legii bugetului de stat. \u00cen cadrul\" \/>\n<meta name=\"robots\" content=\"index, follow, max-snippet:-1, max-image-preview:large, max-video-preview:-1\" \/>\n<link rel=\"canonical\" href=\"https:\/\/mld-index.info\/?p=20742\" \/>\n<meta property=\"og:locale\" content=\"ro_RO\" \/>\n<meta property=\"og:type\" content=\"article\" \/>\n<meta property=\"og:title\" content=\"Fr\u00e2narea bugetului - MLD-Index\" \/>\n<meta property=\"og:description\" content=\"Ast\u0103zi, Parlamentul Republicii Moldova urmeaz\u0103 s\u0103 discute \u00een prima lectur\u0103 proiectul de modificare a Legii bugetului de stat. \u00cen cadrul\" \/>\n<meta property=\"og:url\" content=\"https:\/\/mld-index.info\/?p=20742\" \/>\n<meta property=\"og:site_name\" content=\"MLD-Index\" \/>\n<meta property=\"article:published_time\" content=\"2026-09-04T07:00:26+00:00\" \/>\n<meta property=\"article:modified_time\" content=\"2026-09-04T06:36:37+00:00\" \/>\n<meta property=\"og:image\" content=\"https:\/\/mld-index.info\/wp-content\/uploads\/2026\/09\/55415304178_e559cb22f7_o.jpg\" \/>\n\t<meta property=\"og:image:width\" content=\"2560\" \/>\n\t<meta property=\"og:image:height\" content=\"1707\" \/>\n\t<meta property=\"og:image:type\" content=\"image\/jpeg\" \/>\n<meta name=\"author\" content=\"admin-news\" \/>\n<meta name=\"twitter:card\" content=\"summary_large_image\" \/>\n<meta name=\"twitter:label1\" content=\"Scris de\" \/>\n\t<meta name=\"twitter:data1\" content=\"admin-news\" \/>\n\t<meta name=\"twitter:label2\" content=\"Timp estimat pentru citire\" \/>\n\t<meta name=\"twitter:data2\" content=\"5 minute\" \/>\n<script type=\"application\/ld+json\" class=\"yoast-schema-graph\">{\"@context\":\"https:\/\/schema.org\",\"@graph\":[{\"@type\":\"WebPage\",\"@id\":\"https:\/\/mld-index.info\/?p=20742\",\"url\":\"https:\/\/mld-index.info\/?p=20742\",\"name\":\"Fr\u00e2narea bugetului - MLD-Index\",\"isPartOf\":{\"@id\":\"https:\/\/mld-index.info\/#website\"},\"primaryImageOfPage\":{\"@id\":\"https:\/\/mld-index.info\/?p=20742#primaryimage\"},\"image\":{\"@id\":\"https:\/\/mld-index.info\/?p=20742#primaryimage\"},\"thumbnailUrl\":\"https:\/\/mld-index.info\/wp-content\/uploads\/2026\/09\/55415304178_e559cb22f7_o.jpg\",\"datePublished\":\"2026-09-04T07:00:26+00:00\",\"dateModified\":\"2026-09-04T06:36:37+00:00\",\"author\":{\"@id\":\"https:\/\/mld-index.info\/#\/schema\/person\/07033762c4b46689adebe724a04d1774\"},\"description\":\"Ast\u0103zi, Parlamentul Republicii Moldova urmeaz\u0103 s\u0103 discute \u00een prima lectur\u0103 proiectul de modificare a Legii bugetului de stat. \u00cen cadrul\",\"breadcrumb\":{\"@id\":\"https:\/\/mld-index.info\/?p=20742#breadcrumb\"},\"inLanguage\":\"ro-RO\",\"potentialAction\":[{\"@type\":\"ReadAction\",\"target\":[\"https:\/\/mld-index.info\/?p=20742\"]}]},{\"@type\":\"ImageObject\",\"inLanguage\":\"ro-RO\",\"@id\":\"https:\/\/mld-index.info\/?p=20742#primaryimage\",\"url\":\"https:\/\/mld-index.info\/wp-content\/uploads\/2026\/09\/55415304178_e559cb22f7_o.jpg\",\"contentUrl\":\"https:\/\/mld-index.info\/wp-content\/uploads\/2026\/09\/55415304178_e559cb22f7_o.jpg\",\"width\":2560,\"height\":1707},{\"@type\":\"BreadcrumbList\",\"@id\":\"https:\/\/mld-index.info\/?p=20742#breadcrumb\",\"itemListElement\":[{\"@type\":\"ListItem\",\"position\":1,\"name\":\"\u0413\u043b\u0430\u0432\u043d\u0430\u044f \u0441\u0442\u0440\u0430\u043d\u0438\u0446\u0430\",\"item\":\"https:\/\/mld-index.info\/\"},{\"@type\":\"ListItem\",\"position\":2,\"name\":\"Fr\u00e2narea bugetului\"}]},{\"@type\":\"WebSite\",\"@id\":\"https:\/\/mld-index.info\/#website\",\"url\":\"https:\/\/mld-index.info\/\",\"name\":\"MLD-Index\",\"description\":\"\",\"potentialAction\":[{\"@type\":\"SearchAction\",\"target\":{\"@type\":\"EntryPoint\",\"urlTemplate\":\"https:\/\/mld-index.info\/?s={search_term_string}\"},\"query-input\":{\"@type\":\"PropertyValueSpecification\",\"valueRequired\":true,\"valueName\":\"search_term_string\"}}],\"inLanguage\":\"ro-RO\"},{\"@type\":\"Person\",\"@id\":\"https:\/\/mld-index.info\/#\/schema\/person\/07033762c4b46689adebe724a04d1774\",\"name\":\"admin-news\",\"image\":{\"@type\":\"ImageObject\",\"inLanguage\":\"ro-RO\",\"@id\":\"https:\/\/mld-index.info\/#\/schema\/person\/image\/\",\"url\":\"https:\/\/secure.gravatar.com\/avatar\/59414bda600e877e446161b24a9772009cca89e9f211e27c577ad73509a3862f?s=96&d=mm&r=g\",\"contentUrl\":\"https:\/\/secure.gravatar.com\/avatar\/59414bda600e877e446161b24a9772009cca89e9f211e27c577ad73509a3862f?s=96&d=mm&r=g\",\"caption\":\"admin-news\"},\"sameAs\":[\"https:\/\/mld-index.info\"],\"url\":\"https:\/\/mld-index.info\/ro\/author\/admin-news\/\"}]}<\/script>\n<!-- \/ Yoast SEO plugin. -->","yoast_head_json":{"title":"Fr\u00e2narea bugetului - MLD-Index","description":"Ast\u0103zi, Parlamentul Republicii Moldova urmeaz\u0103 s\u0103 discute \u00een prima lectur\u0103 proiectul de modificare a Legii bugetului de stat. \u00cen cadrul","robots":{"index":"index","follow":"follow","max-snippet":"max-snippet:-1","max-image-preview":"max-image-preview:large","max-video-preview":"max-video-preview:-1"},"canonical":"https:\/\/mld-index.info\/?p=20742","og_locale":"ro_RO","og_type":"article","og_title":"Fr\u00e2narea bugetului - MLD-Index","og_description":"Ast\u0103zi, Parlamentul Republicii Moldova urmeaz\u0103 s\u0103 discute \u00een prima lectur\u0103 proiectul de modificare a Legii bugetului de stat. \u00cen cadrul","og_url":"https:\/\/mld-index.info\/?p=20742","og_site_name":"MLD-Index","article_published_time":"2026-09-04T07:00:26+00:00","article_modified_time":"2026-09-04T06:36:37+00:00","og_image":[{"width":2560,"height":1707,"url":"https:\/\/mld-index.info\/wp-content\/uploads\/2026\/09\/55415304178_e559cb22f7_o.jpg","type":"image\/jpeg"}],"author":"admin-news","twitter_card":"summary_large_image","twitter_misc":{"Scris de":"admin-news","Timp estimat pentru citire":"5 minute"},"schema":{"@context":"https:\/\/schema.org","@graph":[{"@type":"WebPage","@id":"https:\/\/mld-index.info\/?p=20742","url":"https:\/\/mld-index.info\/?p=20742","name":"Fr\u00e2narea bugetului - MLD-Index","isPartOf":{"@id":"https:\/\/mld-index.info\/#website"},"primaryImageOfPage":{"@id":"https:\/\/mld-index.info\/?p=20742#primaryimage"},"image":{"@id":"https:\/\/mld-index.info\/?p=20742#primaryimage"},"thumbnailUrl":"https:\/\/mld-index.info\/wp-content\/uploads\/2026\/09\/55415304178_e559cb22f7_o.jpg","datePublished":"2026-09-04T07:00:26+00:00","dateModified":"2026-09-04T06:36:37+00:00","author":{"@id":"https:\/\/mld-index.info\/#\/schema\/person\/07033762c4b46689adebe724a04d1774"},"description":"Ast\u0103zi, Parlamentul Republicii Moldova urmeaz\u0103 s\u0103 discute \u00een prima lectur\u0103 proiectul de modificare a Legii bugetului de stat. \u00cen cadrul","breadcrumb":{"@id":"https:\/\/mld-index.info\/?p=20742#breadcrumb"},"inLanguage":"ro-RO","potentialAction":[{"@type":"ReadAction","target":["https:\/\/mld-index.info\/?p=20742"]}]},{"@type":"ImageObject","inLanguage":"ro-RO","@id":"https:\/\/mld-index.info\/?p=20742#primaryimage","url":"https:\/\/mld-index.info\/wp-content\/uploads\/2026\/09\/55415304178_e559cb22f7_o.jpg","contentUrl":"https:\/\/mld-index.info\/wp-content\/uploads\/2026\/09\/55415304178_e559cb22f7_o.jpg","width":2560,"height":1707},{"@type":"BreadcrumbList","@id":"https:\/\/mld-index.info\/?p=20742#breadcrumb","itemListElement":[{"@type":"ListItem","position":1,"name":"\u0413\u043b\u0430\u0432\u043d\u0430\u044f \u0441\u0442\u0440\u0430\u043d\u0438\u0446\u0430","item":"https:\/\/mld-index.info\/"},{"@type":"ListItem","position":2,"name":"Fr\u00e2narea bugetului"}]},{"@type":"WebSite","@id":"https:\/\/mld-index.info\/#website","url":"https:\/\/mld-index.info\/","name":"MLD-Index","description":"","potentialAction":[{"@type":"SearchAction","target":{"@type":"EntryPoint","urlTemplate":"https:\/\/mld-index.info\/?s={search_term_string}"},"query-input":{"@type":"PropertyValueSpecification","valueRequired":true,"valueName":"search_term_string"}}],"inLanguage":"ro-RO"},{"@type":"Person","@id":"https:\/\/mld-index.info\/#\/schema\/person\/07033762c4b46689adebe724a04d1774","name":"admin-news","image":{"@type":"ImageObject","inLanguage":"ro-RO","@id":"https:\/\/mld-index.info\/#\/schema\/person\/image\/","url":"https:\/\/secure.gravatar.com\/avatar\/59414bda600e877e446161b24a9772009cca89e9f211e27c577ad73509a3862f?s=96&d=mm&r=g","contentUrl":"https:\/\/secure.gravatar.com\/avatar\/59414bda600e877e446161b24a9772009cca89e9f211e27c577ad73509a3862f?s=96&d=mm&r=g","caption":"admin-news"},"sameAs":["https:\/\/mld-index.info"],"url":"https:\/\/mld-index.info\/ro\/author\/admin-news\/"}]}},"_links":{"self":[{"href":"https:\/\/mld-index.info\/ro\/wp-json\/wp\/v2\/posts\/20738","targetHints":{"allow":["GET"]}}],"collection":[{"href":"https:\/\/mld-index.info\/ro\/wp-json\/wp\/v2\/posts"}],"about":[{"href":"https:\/\/mld-index.info\/ro\/wp-json\/wp\/v2\/types\/post"}],"author":[{"embeddable":true,"href":"https:\/\/mld-index.info\/ro\/wp-json\/wp\/v2\/users\/1"}],"replies":[{"embeddable":true,"href":"https:\/\/mld-index.info\/ro\/wp-json\/wp\/v2\/comments?post=20738"}],"version-history":[{"count":1,"href":"https:\/\/mld-index.info\/ro\/wp-json\/wp\/v2\/posts\/20738\/revisions"}],"predecessor-version":[{"id":20741,"href":"https:\/\/mld-index.info\/ro\/wp-json\/wp\/v2\/posts\/20738\/revisions\/20741"}],"wp:featuredmedia":[{"embeddable":true,"href":"https:\/\/mld-index.info\/ro\/wp-json\/wp\/v2\/media\/20739"}],"wp:attachment":[{"href":"https:\/\/mld-index.info\/ro\/wp-json\/wp\/v2\/media?parent=20738"}],"wp:term":[{"taxonomy":"category","embeddable":true,"href":"https:\/\/mld-index.info\/ro\/wp-json\/wp\/v2\/categories?post=20738"},{"taxonomy":"post_tag","embeddable":true,"href":"https:\/\/mld-index.info\/ro\/wp-json\/wp\/v2\/tags?post=20738"}],"curies":[{"name":"wp","href":"https:\/\/api.w.org\/{rel}","templated":true}]}}