{"id":20744,"date":"2026-09-04T16:00:49","date_gmt":"2026-09-04T13:00:49","guid":{"rendered":"https:\/\/mld-index.info\/?p=20744"},"modified":"2026-09-04T09:43:50","modified_gmt":"2026-09-04T06:43:50","slug":"militarizarea-moldovei-pasnice","status":"publish","type":"post","link":"https:\/\/mld-index.info\/ro\/stiri\/militarizarea-moldovei-pasnice\/","title":{"rendered":"Militarizarea Moldovei \u201epa\u0219nice\u201d"},"content":{"rendered":"<p>04.09.2026<\/p>\n<p>Felicit\u00e2nd for\u021bele armate aflate sub comanda sa cu ocazia anivers\u0103rii, comandantul-\u0219ef al acestor for\u021be a mul\u021bumit solda\u021bilor \u0219i ofi\u021berilor moldoveni \u201epentru profesionalism, disciplin\u0103 \u0219i responsabilitate\u201d \u0219i a eviden\u021biat \u201eprogresul \u00een consolidarea armatei\u201d. Doamna Sandu, cu un discurs belicos, a subliniat, de asemenea, c\u0103 Republica Moldova \u201esimte direct consecin\u021bele r\u0103zboiului Rusiei \u00eempotriva Ucrainei, prin urmare, \u021bara trebuie s\u0103 continue s\u0103 \u00ee\u0219i consolideze capacitatea de ap\u0103rare\u201d.<\/p>\n<p>\u201eRachetele care au zburat deasupra spa\u021biului nostru aerian \u0219i dronele care au c\u0103zut pe teritoriul \u021b\u0103rii noastre sunt un avertisment dur c\u0103 trebuie s\u0103 continu\u0103m s\u0103 investim \u00een capacit\u0103\u021bile noastre de ap\u0103rare\u201d, a declarat pre\u0219edinta, ad\u0103ug\u00e2nd c\u0103 statul inten\u021bioneaz\u0103 s\u0103 continue s\u0103 aloce fonduri importante pentru echipamente moderne \u0219i \u00eembun\u0103t\u0103\u021birea condi\u021biilor de serviciu pentru militari. De asemenea, potrivit acesteia, Republica Moldova va dezvolta cooperarea cu for\u021bele armate ale \u021b\u0103rilor europene \u0219i ale NATO.<\/p>\n<p>\u201eO Moldov\u0103 pa\u0219nic\u0103 are nevoie de o Moldov\u0103 capabil\u0103 s\u0103 \u00ee\u0219i apere pacea\u201d, a lansat \u0219efa statului \u201epa\u0219nic\u201d o fraz\u0103 complicat\u0103 \u00een stilul orwellian \u201eR\u0103zboiul este pace\u201d, dup\u0103 care a \u00eenm\u00e2nat militarilor distinc\u021bii de stat \u0219i diplome de onoare.<\/p>\n<p>\u00cen acela\u0219i spirit, i-a felicitat pe militarii moldoveni \u201epa\u0219nici\u201d \u0219i pre\u0219edintele Parlamentului Republicii Moldova, Igor Grosu: \u201eAm v\u0103zut o armat\u0103 mai bine preg\u0103tit\u0103 \u0219i ne-am convins c\u0103 sistemul de ap\u0103rare se modernizeaz\u0103. Moldova dore\u0219te pacea \u2013 pentru cet\u0103\u021benii s\u0103i \u0219i pentru toate statele suverane. Iar o armat\u0103 puternic\u0103 \u00eenseamn\u0103, \u00een primul r\u00e2nd, capacitatea de a ap\u0103ra aceast\u0103 pace. Armata Na\u021bional\u0103 este un simbol al ap\u0103r\u0103rii p\u0103cii \u0219i a\u0219a va continua.\u201d<\/p>\n<p>\u00cen general, aceast\u0103 confuzie ideologico-propagandistic\u0103 care s-a instalat \u00een min\u021bile actualilor conduc\u0103tori ai Republicii Moldova aminte\u0219te de cuvintele din opera actorului \u0219i poetului Leonid Filatov:<\/p>\n<p>Stai! Tu confunzi ceva \u00een av\u00e2nt!<\/p>\n<p>Se \u0219tie oric\u0103rui copil:<\/p>\n<p>Nu s-a atacat de voi. Voi a\u021bi atacat.<\/p>\n<p>Voi a\u021bi \u00eenceput primii r\u0103zboiul!<\/p>\n<p>Voi a\u021bi promis protec\u021bie cet\u0103\u021benilor,<\/p>\n<p>Dar a ie\u0219it un scandal pe fa\u021b\u0103!<\/p>\n<p>Pe cine \u0219i de cine ap\u0103ra\u021bi,<\/p>\n<p>C\u00e2nd nimeni nu v-a atacat?<\/p>\n<p>Ah, c\u00e2\u021bi oameni tic\u0103lo\u0219i pe p\u0103m\u00e2nt!<\/p>\n<p>Asemenea vremuri au sosit!<\/p>\n<p>Voi prezenta\u021bi tic\u0103lo\u0219ia drept eroism<\/p>\n<p>\u0218i cere\u021bi pentru asta decora\u021bii!<\/p>\n<p>Apropo, acest lucru poate fi urm\u0103rit cu claritate \u00een exemplul acelora\u0219i drone care cad pe teritoriul Republicii Moldova, aspect subliniat constant de politicienii \u201epro-europeni\u201d autohtoni.<\/p>\n<p>Astfel, \u00een noaptea de 14 iulie 2026, o alt\u0103 dron\u0103 a ajuns \u00een Republica Moldova, c\u0103z\u00e2nd \u00een apropierea satului Copanca (raionul C\u0103u\u0219eni). Ministerul Ap\u0103r\u0103rii al Republicii Moldova a declarat atunci cu privire la acest caz c\u0103 drona care s-a pr\u0103bu\u0219it \u00een satul moldovenesc este o dron\u0103 rus\u0103 de tip \u201eGheran-2\u201d, care transporta aproximativ 40 de kilograme de explozibil. Autorit\u0103\u021bile \u021b\u0103rii au f\u0103cut mult zgomot, iar reprezentantul diplomatic rus a fost convocat la Ministerul Afacerilor Externe al Republicii Moldova. La r\u00e2ndul s\u0103u, ambasadorul Federa\u021biei Ruse, Oleg Ozerov, convocat la ministerul de externe al Republicii Moldova, a r\u0103spuns c\u0103 este prematur s\u0103 se afirme c\u0103 drona a fost produs\u0103 \u00een Federa\u021bia Rus\u0103. Reprezentantul Federa\u021biei Ruse a pus, de asemenea, o serie de \u00eentreb\u0103ri: \u201eDe exemplu, dac\u0103 drona a c\u0103zut, unde este craterul? Cum se interpreteaz\u0103 acest lucru? Dac\u0103 acolo era explozibil, de ce nu a detonat la impactul cu solul? Nu afirm nimic, spun doar c\u0103 exist\u0103 \u00eentreb\u0103ri. \u00cen fotografiile pe care le-am v\u0103zut, aceast\u0103 dron\u0103 are un motor zgomotos, dar locuitorii satului nu au auzit cum a sosit.\u201d<\/p>\n<p>Iar pe 8 iunie a aceluia\u0219i an, pe un teren din apropierea satului Lopatna (raionul Orhei) a c\u0103zut \u0219i a explodat o dron\u0103 a For\u021belor Armate ale Ucrainei. Pe fragmentele dronei au fost g\u0103site inscrip\u021bii \u00een limba ucrainean\u0103, iar Ministerul Afacerilor Externe al Republicii Moldova a recunoscut c\u0103 drona este ucrainean\u0103. Proprietarul terenului din Republica Moldova s-a adresat instan\u021bei cu o cerere de desp\u0103gubire pentru daune materiale \u0219i morale. \u201eEste foarte dificil \u0219i emo\u021bional s\u0103 calculezi pagubele. Locuitorii s-au speriat foarte tare, iar casele s-au cutremurat de explozie\u201d, a declarat \u0219efa administra\u021biei locale, Oksana Voicu. Cu toate acestea, atunci ambasadorul ucrainean nu a fost convocat \u0219i nu i s-a adus nicio acuza\u021bie. Dimpotriv\u0103, zilele trecute, ministrul afacerilor externe al Ucrainei, Andrii S\u00eebiha, a venit special la Chi\u0219in\u0103u pentru a-i \u00eenm\u00e2na omologului s\u0103u moldovean ordinul ucrainean \u201ePentru Merit\u201d.<\/p>\n<p>\u00cen acela\u0219i timp, Ministerul Ap\u0103r\u0103rii al Republicii Moldova va primi \u00een cur\u00e2nd un grant \u00een valoare de 4,32 milioane de euro \u201epentru \u00eembun\u0103t\u0103\u021birea capacit\u0103\u021bii de r\u0103spuns la situa\u021bii de criz\u0103\u201d. Acest lucru a devenit posibil dup\u0103 ce comisia parlamentar\u0103 pentru politic\u0103 extern\u0103 a aprobat semnarea acordului cu Institutul Na\u021biunilor Unite pentru Formare \u0219i Cercetare (UNITAR).<\/p>\n<p>\u00cen cadrul acestui acord, UNITAR va finan\u021ba implementarea proiectului \u201eConsolidarea capacit\u0103\u021bii opera\u021bionale a Armatei Na\u021bionale a Republicii Moldova\u201d. Banii vor fi direc\u021biona\u021bi pentru achizi\u021bionarea de echipamente \u0219i consolidarea personalului Ministerului Ap\u0103r\u0103rii.<\/p>\n<p>\u00cen special, Armata Na\u021bional\u0103 va fi dotat\u0103 cu diverse vehicule de transport, spa\u021bii modulare de cazare, facilit\u0103\u021bi de teren etc. \u00cen acela\u0219i timp, va fi efectuat\u0103 preg\u0103tirea, certificarea \u0219i evaluarea militarilor \u00een func\u021biile de\u021binute. Implementarea proiectului trebuie s\u0103 aib\u0103 loc p\u00e2n\u0103 la sf\u00e2r\u0219itul anului 2026.<\/p>\n<p>\u00cen Republica Moldova, \u00een ultima perioad\u0103, se aude din ce \u00een ce mai puternic z\u0103ng\u0103nitul armelor. De exemplu, pe 5 august, Guvernul Republicii Moldova a aprobat programul de implementare a Strategiei Na\u021bionale de Ap\u0103rare pentru urm\u0103torii cinci ani. Conform programului de ap\u0103rare, p\u00e2n\u0103 \u00een 2030, Republica Moldova trebuie s\u0103 cheltuiasc\u0103 pentru \u00eenarmare 10 miliarde de lei, ceea ce, potrivit autorilor notei explicative, va duce cu siguran\u021b\u0103 la \u201econsolidarea capacit\u0103\u021bii de ap\u0103rare a \u021b\u0103rii \u0219i integrarea treptat\u0103 a republicii \u00een arhitectura de securitate \u0219i ap\u0103rare a Uniunii Europene\u201d. La evaluarea situa\u021biei \u00een domeniul securit\u0103\u021bii, autorii acestui proiect militarist au enumerat printre principalele amenin\u021b\u0103ri la adresa Republicii Moldova \u201er\u0103zboiul Federa\u021biei Ruse \u00eempotriva Ucrainei \u0219i riscul extinderii acestuia c\u0103tre grani\u021bele Moldovei, prezen\u021ba militar\u0103 rus\u0103 \u00een regiunea transnistrean\u0103, atacurile hibride, campaniile de dezinformare \u0219i atacurile cibernetice din partea Moscovei\u201d.<\/p>\n<p>\u00cen acest context, trebuie amintit\u0103 \u0219i participarea pre\u0219edintei Republicii Moldova, Maia Sandu, la a\u0219a-numita \u201eCoali\u021bie a Voinicilor\u201d \u2013 o asocia\u021bie informal\u0103 a 37 de \u021b\u0103ri, creat\u0103 pentru sprijinirea militar\u0103 a Ucrainei, care a avut loc la Paris pe 14 iulie 2026. La acest eveniment, apropo, s-a anun\u021bat \u0219i alocarea a 120 de milioane de euro de c\u0103tre Consiliul European pentru armata moldoveneasc\u0103, pentru consolidarea ap\u0103r\u0103rii antiaeriene.<\/p>\n","protected":false},"excerpt":{"rendered":"<p>04.09.2026 Felicit\u00e2nd for\u021bele armate aflate sub comanda sa cu ocazia anivers\u0103rii, comandantul-\u0219ef al acestor for\u021be a mul\u021bumit solda\u021bilor \u0219i ofi\u021berilor moldoveni \u201epentru profesionalism, disciplin\u0103 \u0219i responsabilitate\u201d \u0219i a eviden\u021biat \u201eprogresul \u00een consolidarea armatei\u201d. Doamna Sandu, cu un discurs belicos, a subliniat, de asemenea, c\u0103 Republica Moldova \u201esimte direct consecin\u021bele r\u0103zboiului Rusiei \u00eempotriva Ucrainei, prin urmare, [&hellip;]<\/p>\n","protected":false},"author":1,"featured_media":20740,"comment_status":"open","ping_status":"open","sticky":false,"template":"","format":"standard","meta":{"footnotes":""},"categories":[103,99],"tags":[],"class_list":["post-20744","post","type-post","status-publish","format-standard","has-post-thumbnail","category-economie-si-finante","category-stiri"],"yoast_head":"<!-- This site is optimized with the Yoast SEO plugin v24.3 - https:\/\/yoast.com\/wordpress\/plugins\/seo\/ -->\n<title>Militarizarea Moldovei \u201epa\u0219nice\u201d - MLD-Index<\/title>\n<meta name=\"description\" content=\"Pre\u0219edintele Republicii Moldova, Maia Sandu, a participat la ceremonia dedicat\u0103 celei de-a 35-a anivers\u0103ri a cre\u0103rii Armatei Na\u021bionale.\" \/>\n<meta name=\"robots\" content=\"index, follow, max-snippet:-1, max-image-preview:large, max-video-preview:-1\" \/>\n<link rel=\"canonical\" href=\"https:\/\/mld-index.info\/?p=20746\" \/>\n<meta property=\"og:locale\" content=\"ro_RO\" \/>\n<meta property=\"og:type\" content=\"article\" \/>\n<meta property=\"og:title\" content=\"Militarizarea Moldovei \u201epa\u0219nice\u201d - MLD-Index\" \/>\n<meta property=\"og:description\" content=\"Pre\u0219edintele Republicii Moldova, Maia Sandu, a participat la ceremonia dedicat\u0103 celei de-a 35-a anivers\u0103ri a cre\u0103rii Armatei Na\u021bionale.\" \/>\n<meta property=\"og:url\" content=\"https:\/\/mld-index.info\/?p=20746\" \/>\n<meta property=\"og:site_name\" content=\"MLD-Index\" \/>\n<meta property=\"article:published_time\" content=\"2026-09-04T13:00:49+00:00\" \/>\n<meta property=\"article:modified_time\" content=\"2026-09-04T06:43:50+00:00\" \/>\n<meta property=\"og:image\" content=\"https:\/\/mld-index.info\/wp-content\/uploads\/2026\/09\/dgf_5264.jpg\" \/>\n\t<meta property=\"og:image:width\" content=\"800\" \/>\n\t<meta property=\"og:image:height\" content=\"533\" \/>\n\t<meta property=\"og:image:type\" content=\"image\/jpeg\" \/>\n<meta name=\"author\" content=\"admin-news\" \/>\n<meta name=\"twitter:card\" content=\"summary_large_image\" \/>\n<meta name=\"twitter:label1\" content=\"Scris de\" \/>\n\t<meta name=\"twitter:data1\" content=\"admin-news\" \/>\n\t<meta name=\"twitter:label2\" content=\"Timp estimat pentru citire\" \/>\n\t<meta name=\"twitter:data2\" content=\"6 minute\" \/>\n<script type=\"application\/ld+json\" class=\"yoast-schema-graph\">{\"@context\":\"https:\/\/schema.org\",\"@graph\":[{\"@type\":\"WebPage\",\"@id\":\"https:\/\/mld-index.info\/?p=20746\",\"url\":\"https:\/\/mld-index.info\/?p=20746\",\"name\":\"Militarizarea Moldovei \u201epa\u0219nice\u201d - MLD-Index\",\"isPartOf\":{\"@id\":\"https:\/\/mld-index.info\/#website\"},\"primaryImageOfPage\":{\"@id\":\"https:\/\/mld-index.info\/?p=20746#primaryimage\"},\"image\":{\"@id\":\"https:\/\/mld-index.info\/?p=20746#primaryimage\"},\"thumbnailUrl\":\"https:\/\/mld-index.info\/wp-content\/uploads\/2026\/09\/dgf_5264.jpg\",\"datePublished\":\"2026-09-04T13:00:49+00:00\",\"dateModified\":\"2026-09-04T06:43:50+00:00\",\"author\":{\"@id\":\"https:\/\/mld-index.info\/#\/schema\/person\/07033762c4b46689adebe724a04d1774\"},\"description\":\"Pre\u0219edintele Republicii Moldova, Maia Sandu, a participat la ceremonia dedicat\u0103 celei de-a 35-a anivers\u0103ri a cre\u0103rii Armatei Na\u021bionale.\",\"breadcrumb\":{\"@id\":\"https:\/\/mld-index.info\/?p=20746#breadcrumb\"},\"inLanguage\":\"ro-RO\",\"potentialAction\":[{\"@type\":\"ReadAction\",\"target\":[\"https:\/\/mld-index.info\/?p=20746\"]}]},{\"@type\":\"ImageObject\",\"inLanguage\":\"ro-RO\",\"@id\":\"https:\/\/mld-index.info\/?p=20746#primaryimage\",\"url\":\"https:\/\/mld-index.info\/wp-content\/uploads\/2026\/09\/dgf_5264.jpg\",\"contentUrl\":\"https:\/\/mld-index.info\/wp-content\/uploads\/2026\/09\/dgf_5264.jpg\",\"width\":800,\"height\":533},{\"@type\":\"BreadcrumbList\",\"@id\":\"https:\/\/mld-index.info\/?p=20746#breadcrumb\",\"itemListElement\":[{\"@type\":\"ListItem\",\"position\":1,\"name\":\"\u0413\u043b\u0430\u0432\u043d\u0430\u044f \u0441\u0442\u0440\u0430\u043d\u0438\u0446\u0430\",\"item\":\"https:\/\/mld-index.info\/\"},{\"@type\":\"ListItem\",\"position\":2,\"name\":\"Militarizarea Moldovei \u201epa\u0219nice\u201d\"}]},{\"@type\":\"WebSite\",\"@id\":\"https:\/\/mld-index.info\/#website\",\"url\":\"https:\/\/mld-index.info\/\",\"name\":\"MLD-Index\",\"description\":\"\",\"potentialAction\":[{\"@type\":\"SearchAction\",\"target\":{\"@type\":\"EntryPoint\",\"urlTemplate\":\"https:\/\/mld-index.info\/?s={search_term_string}\"},\"query-input\":{\"@type\":\"PropertyValueSpecification\",\"valueRequired\":true,\"valueName\":\"search_term_string\"}}],\"inLanguage\":\"ro-RO\"},{\"@type\":\"Person\",\"@id\":\"https:\/\/mld-index.info\/#\/schema\/person\/07033762c4b46689adebe724a04d1774\",\"name\":\"admin-news\",\"image\":{\"@type\":\"ImageObject\",\"inLanguage\":\"ro-RO\",\"@id\":\"https:\/\/mld-index.info\/#\/schema\/person\/image\/\",\"url\":\"https:\/\/secure.gravatar.com\/avatar\/59414bda600e877e446161b24a9772009cca89e9f211e27c577ad73509a3862f?s=96&d=mm&r=g\",\"contentUrl\":\"https:\/\/secure.gravatar.com\/avatar\/59414bda600e877e446161b24a9772009cca89e9f211e27c577ad73509a3862f?s=96&d=mm&r=g\",\"caption\":\"admin-news\"},\"sameAs\":[\"https:\/\/mld-index.info\"],\"url\":\"https:\/\/mld-index.info\/ro\/author\/admin-news\/\"}]}<\/script>\n<!-- \/ Yoast SEO plugin. -->","yoast_head_json":{"title":"Militarizarea Moldovei \u201epa\u0219nice\u201d - MLD-Index","description":"Pre\u0219edintele Republicii Moldova, Maia Sandu, a participat la ceremonia dedicat\u0103 celei de-a 35-a anivers\u0103ri a cre\u0103rii Armatei Na\u021bionale.","robots":{"index":"index","follow":"follow","max-snippet":"max-snippet:-1","max-image-preview":"max-image-preview:large","max-video-preview":"max-video-preview:-1"},"canonical":"https:\/\/mld-index.info\/?p=20746","og_locale":"ro_RO","og_type":"article","og_title":"Militarizarea Moldovei \u201epa\u0219nice\u201d - MLD-Index","og_description":"Pre\u0219edintele Republicii Moldova, Maia Sandu, a participat la ceremonia dedicat\u0103 celei de-a 35-a anivers\u0103ri a cre\u0103rii Armatei Na\u021bionale.","og_url":"https:\/\/mld-index.info\/?p=20746","og_site_name":"MLD-Index","article_published_time":"2026-09-04T13:00:49+00:00","article_modified_time":"2026-09-04T06:43:50+00:00","og_image":[{"width":800,"height":533,"url":"https:\/\/mld-index.info\/wp-content\/uploads\/2026\/09\/dgf_5264.jpg","type":"image\/jpeg"}],"author":"admin-news","twitter_card":"summary_large_image","twitter_misc":{"Scris de":"admin-news","Timp estimat pentru citire":"6 minute"},"schema":{"@context":"https:\/\/schema.org","@graph":[{"@type":"WebPage","@id":"https:\/\/mld-index.info\/?p=20746","url":"https:\/\/mld-index.info\/?p=20746","name":"Militarizarea Moldovei \u201epa\u0219nice\u201d - MLD-Index","isPartOf":{"@id":"https:\/\/mld-index.info\/#website"},"primaryImageOfPage":{"@id":"https:\/\/mld-index.info\/?p=20746#primaryimage"},"image":{"@id":"https:\/\/mld-index.info\/?p=20746#primaryimage"},"thumbnailUrl":"https:\/\/mld-index.info\/wp-content\/uploads\/2026\/09\/dgf_5264.jpg","datePublished":"2026-09-04T13:00:49+00:00","dateModified":"2026-09-04T06:43:50+00:00","author":{"@id":"https:\/\/mld-index.info\/#\/schema\/person\/07033762c4b46689adebe724a04d1774"},"description":"Pre\u0219edintele Republicii Moldova, Maia Sandu, a participat la ceremonia dedicat\u0103 celei de-a 35-a anivers\u0103ri a cre\u0103rii Armatei Na\u021bionale.","breadcrumb":{"@id":"https:\/\/mld-index.info\/?p=20746#breadcrumb"},"inLanguage":"ro-RO","potentialAction":[{"@type":"ReadAction","target":["https:\/\/mld-index.info\/?p=20746"]}]},{"@type":"ImageObject","inLanguage":"ro-RO","@id":"https:\/\/mld-index.info\/?p=20746#primaryimage","url":"https:\/\/mld-index.info\/wp-content\/uploads\/2026\/09\/dgf_5264.jpg","contentUrl":"https:\/\/mld-index.info\/wp-content\/uploads\/2026\/09\/dgf_5264.jpg","width":800,"height":533},{"@type":"BreadcrumbList","@id":"https:\/\/mld-index.info\/?p=20746#breadcrumb","itemListElement":[{"@type":"ListItem","position":1,"name":"\u0413\u043b\u0430\u0432\u043d\u0430\u044f \u0441\u0442\u0440\u0430\u043d\u0438\u0446\u0430","item":"https:\/\/mld-index.info\/"},{"@type":"ListItem","position":2,"name":"Militarizarea Moldovei \u201epa\u0219nice\u201d"}]},{"@type":"WebSite","@id":"https:\/\/mld-index.info\/#website","url":"https:\/\/mld-index.info\/","name":"MLD-Index","description":"","potentialAction":[{"@type":"SearchAction","target":{"@type":"EntryPoint","urlTemplate":"https:\/\/mld-index.info\/?s={search_term_string}"},"query-input":{"@type":"PropertyValueSpecification","valueRequired":true,"valueName":"search_term_string"}}],"inLanguage":"ro-RO"},{"@type":"Person","@id":"https:\/\/mld-index.info\/#\/schema\/person\/07033762c4b46689adebe724a04d1774","name":"admin-news","image":{"@type":"ImageObject","inLanguage":"ro-RO","@id":"https:\/\/mld-index.info\/#\/schema\/person\/image\/","url":"https:\/\/secure.gravatar.com\/avatar\/59414bda600e877e446161b24a9772009cca89e9f211e27c577ad73509a3862f?s=96&d=mm&r=g","contentUrl":"https:\/\/secure.gravatar.com\/avatar\/59414bda600e877e446161b24a9772009cca89e9f211e27c577ad73509a3862f?s=96&d=mm&r=g","caption":"admin-news"},"sameAs":["https:\/\/mld-index.info"],"url":"https:\/\/mld-index.info\/ro\/author\/admin-news\/"}]}},"_links":{"self":[{"href":"https:\/\/mld-index.info\/ro\/wp-json\/wp\/v2\/posts\/20744","targetHints":{"allow":["GET"]}}],"collection":[{"href":"https:\/\/mld-index.info\/ro\/wp-json\/wp\/v2\/posts"}],"about":[{"href":"https:\/\/mld-index.info\/ro\/wp-json\/wp\/v2\/types\/post"}],"author":[{"embeddable":true,"href":"https:\/\/mld-index.info\/ro\/wp-json\/wp\/v2\/users\/1"}],"replies":[{"embeddable":true,"href":"https:\/\/mld-index.info\/ro\/wp-json\/wp\/v2\/comments?post=20744"}],"version-history":[{"count":1,"href":"https:\/\/mld-index.info\/ro\/wp-json\/wp\/v2\/posts\/20744\/revisions"}],"predecessor-version":[{"id":20745,"href":"https:\/\/mld-index.info\/ro\/wp-json\/wp\/v2\/posts\/20744\/revisions\/20745"}],"wp:featuredmedia":[{"embeddable":true,"href":"https:\/\/mld-index.info\/ro\/wp-json\/wp\/v2\/media\/20740"}],"wp:attachment":[{"href":"https:\/\/mld-index.info\/ro\/wp-json\/wp\/v2\/media?parent=20744"}],"wp:term":[{"taxonomy":"category","embeddable":true,"href":"https:\/\/mld-index.info\/ro\/wp-json\/wp\/v2\/categories?post=20744"},{"taxonomy":"post_tag","embeddable":true,"href":"https:\/\/mld-index.info\/ro\/wp-json\/wp\/v2\/tags?post=20744"}],"curies":[{"name":"wp","href":"https:\/\/api.w.org\/{rel}","templated":true}]}}